{"id":2558,"date":"2011-09-29T12:44:16","date_gmt":"2011-09-29T10:44:16","guid":{"rendered":"http:\/\/www.susannavaris.com\/blogg\/?p=2558"},"modified":"2011-09-29T15:22:05","modified_gmt":"2011-09-29T13:22:05","slug":"erotisk-fokus-pa-upplands-motor","status":"publish","type":"post","link":"http:\/\/www.susannavaris.com\/blogg\/2011\/09\/erotisk-fokus-pa-upplands-motor\/","title":{"rendered":"Erotisk fokus p\u00e5 Upplands Motor"},"content":{"rendered":"<p style=\"text-align: center;\"><a href=\"http:\/\/www.susannavaris.com\/blogg\/wp-content\/uploads\/2011\/09\/pinup.jpg\"><img loading=\"lazy\" decoding=\"async\" class=\"aligncenter size-full wp-image-2559\" title=\"pinup\" src=\"http:\/\/www.susannavaris.com\/blogg\/wp-content\/uploads\/2011\/09\/pinup.jpg\" alt=\"\" width=\"292\" height=\"392\" srcset=\"http:\/\/www.susannavaris.com\/blogg\/wp-content\/uploads\/2011\/09\/pinup.jpg 292w, http:\/\/www.susannavaris.com\/blogg\/wp-content\/uploads\/2011\/09\/pinup-223x300.jpg 223w\" sizes=\"auto, (max-width: 292px) 100vw, 292px\" \/><\/a><em>Pinup-konst av Elvgren<\/em><\/p>\n<p>En vanlig, tr\u00e5kig septemberonsdag fick jag och en v\u00e4n n\u00f6jet att delta i en kv\u00e4ll i erotikens tecken p\u00e5 Upplands Motor i Akalla. Kopplingen kanske inte \u00e4r helt sj\u00e4lvklar vid f\u00f6rsta anblicken, men sex och bilar har en hel del ber\u00f6ringspunkter. Vem har inte &#8221;gjort det&#8221; i en bil? M\u00e5nga tror att &#8221;den&#8221; v\u00e4xer flera nummer med r\u00e4tt fordon eller vid r\u00e4tt tryck av plattan i botten, m\u00e5nga d\u00f6per sina bilar till kvinnonamn (tom det mest sexv\u00e4nliga bilm\u00e4rket, Mercedes, \u00e4r d\u00f6pt efter\u00a0dottern till Emil Jellinek, en\u00a0aff\u00e4rsman som \u00e5r 1900\u00a0best\u00e4llde 36 fordon fr\u00e5n Daimler-Motoren-Gesellschaft), bilmodellers, s\u00e4rskilt m\u00e5nga gamla j\u00e4nkares, buktiga former \u00e4r inspirerade av kvinnliga s\u00e5dana&#8230;l\u00e5tar har skrivits p\u00e5 temat; &#8221;I\u00b4m in Love With My Car&#8221; med Queen, &#8221;Heaven Is In the Back Seat of my Cadillac&#8221; med Hot Chocolate, &#8221;Little Red Corvette&#8221; med Prince, f\u00f6r att inte n\u00e4mna halva ZZ Top:s produktion. Sex och bilar \u00e4r med andra ord en ofr\u00e5nkomlig kombo.<\/p>\n<p style=\"text-align: center;\"><a href=\"http:\/\/www.susannavaris.com\/blogg\/wp-content\/uploads\/2011\/09\/DSC_0002-50.jpg\"><img loading=\"lazy\" decoding=\"async\" class=\"aligncenter size-large wp-image-2560\" title=\"DSC_0002-50\" src=\"http:\/\/www.susannavaris.com\/blogg\/wp-content\/uploads\/2011\/09\/DSC_0002-50-682x1024.jpg\" alt=\"\" width=\"640\" height=\"960\" srcset=\"http:\/\/www.susannavaris.com\/blogg\/wp-content\/uploads\/2011\/09\/DSC_0002-50-682x1024.jpg 682w, http:\/\/www.susannavaris.com\/blogg\/wp-content\/uploads\/2011\/09\/DSC_0002-50-200x300.jpg 200w, http:\/\/www.susannavaris.com\/blogg\/wp-content\/uploads\/2011\/09\/DSC_0002-50.jpg 1536w\" sizes=\"auto, (max-width: 640px) 100vw, 640px\" \/><\/a><em>Klockan 18.00 satt vi d\u00e5 installerade p\u00e5 bussen vid Cityterminalen med var sin bubbelflaska i n\u00e4ven f\u00f6r att \u00e5ka mot kv\u00e4llens \u00e4ventyr.<\/em><\/p>\n<p style=\"text-align: center;\"><a href=\"http:\/\/www.susannavaris.com\/blogg\/wp-content\/uploads\/2011\/09\/309325_10150307486241835_725571834_8443983_1127269254_n.jpg\"><img loading=\"lazy\" decoding=\"async\" class=\"aligncenter size-full wp-image-2561\" title=\"309325_10150307486241835_725571834_8443983_1127269254_n\" src=\"http:\/\/www.susannavaris.com\/blogg\/wp-content\/uploads\/2011\/09\/309325_10150307486241835_725571834_8443983_1127269254_n.jpg\" alt=\"\" width=\"478\" height=\"720\" srcset=\"http:\/\/www.susannavaris.com\/blogg\/wp-content\/uploads\/2011\/09\/309325_10150307486241835_725571834_8443983_1127269254_n.jpg 478w, http:\/\/www.susannavaris.com\/blogg\/wp-content\/uploads\/2011\/09\/309325_10150307486241835_725571834_8443983_1127269254_n-199x300.jpg 199w\" sizes=\"auto, (max-width: 478px) 100vw, 478px\" \/><\/a><em>Jag i givakt. Foto: Skugge&amp;Co, Jon Forsmark<\/em><\/p>\n<p style=\"text-align: center;\"><a href=\"http:\/\/www.susannavaris.com\/blogg\/wp-content\/uploads\/2011\/09\/298496_10150307487726835_725571834_8444010_1649700321_n.jpg\"><img loading=\"lazy\" decoding=\"async\" class=\"aligncenter size-full wp-image-2562\" title=\"298496_10150307487726835_725571834_8444010_1649700321_n\" src=\"http:\/\/www.susannavaris.com\/blogg\/wp-content\/uploads\/2011\/09\/298496_10150307487726835_725571834_8444010_1649700321_n.jpg\" alt=\"\" width=\"478\" height=\"720\" srcset=\"http:\/\/www.susannavaris.com\/blogg\/wp-content\/uploads\/2011\/09\/298496_10150307487726835_725571834_8444010_1649700321_n.jpg 478w, http:\/\/www.susannavaris.com\/blogg\/wp-content\/uploads\/2011\/09\/298496_10150307487726835_725571834_8444010_1649700321_n-199x300.jpg 199w\" sizes=\"auto, (max-width: 478px) 100vw, 478px\" \/><\/a><em>Linda Skugge och Melody Farshin, som underh\u00f6ll oss med stand-up under bussresan. Foto: Skugge&amp;Co, Jon Forsmark<\/em><\/p>\n<p style=\"text-align: center;\"><a href=\"http:\/\/www.susannavaris.com\/blogg\/wp-content\/uploads\/2011\/09\/DSC_0003-50.jpg\"><img loading=\"lazy\" decoding=\"async\" class=\"aligncenter size-large wp-image-2563\" title=\"DSC_0003-50\" src=\"http:\/\/www.susannavaris.com\/blogg\/wp-content\/uploads\/2011\/09\/DSC_0003-50-1024x682.jpg\" alt=\"\" width=\"640\" height=\"426\" srcset=\"http:\/\/www.susannavaris.com\/blogg\/wp-content\/uploads\/2011\/09\/DSC_0003-50-1024x682.jpg 1024w, http:\/\/www.susannavaris.com\/blogg\/wp-content\/uploads\/2011\/09\/DSC_0003-50-300x200.jpg 300w\" sizes=\"auto, (max-width: 640px) 100vw, 640px\" \/><\/a><em>F\u00f6rv\u00e4ntansfulla g\u00e4ster anl\u00e4nder. Upplands Motor. Foto: Susanna Varis<\/em><\/p>\n<p style=\"text-align: center;\"><a href=\"http:\/\/www.susannavaris.com\/blogg\/wp-content\/uploads\/2011\/09\/DSC_0006-50.jpg\"><img loading=\"lazy\" decoding=\"async\" class=\"aligncenter size-large wp-image-2564\" title=\"DSC_0006-50\" src=\"http:\/\/www.susannavaris.com\/blogg\/wp-content\/uploads\/2011\/09\/DSC_0006-50-1024x788.jpg\" alt=\"\" width=\"640\" height=\"492\" srcset=\"http:\/\/www.susannavaris.com\/blogg\/wp-content\/uploads\/2011\/09\/DSC_0006-50-1024x788.jpg 1024w, http:\/\/www.susannavaris.com\/blogg\/wp-content\/uploads\/2011\/09\/DSC_0006-50-300x230.jpg 300w, http:\/\/www.susannavaris.com\/blogg\/wp-content\/uploads\/2011\/09\/DSC_0006-50.jpg 1859w\" sizes=\"auto, (max-width: 640px) 100vw, 640px\" \/><\/a><em>N\u00e5gonting att dricka&#8230;Foto: Susanna Varis<\/em><\/p>\n<p style=\"text-align: center;\"><a href=\"http:\/\/www.susannavaris.com\/blogg\/wp-content\/uploads\/2011\/09\/DSC_0007-50.jpg\"><img loading=\"lazy\" decoding=\"async\" class=\"aligncenter size-large wp-image-2565\" title=\"DSC_0007-50\" src=\"http:\/\/www.susannavaris.com\/blogg\/wp-content\/uploads\/2011\/09\/DSC_0007-50-682x1024.jpg\" alt=\"\" width=\"640\" height=\"960\" srcset=\"http:\/\/www.susannavaris.com\/blogg\/wp-content\/uploads\/2011\/09\/DSC_0007-50-682x1024.jpg 682w, http:\/\/www.susannavaris.com\/blogg\/wp-content\/uploads\/2011\/09\/DSC_0007-50-200x300.jpg 200w, http:\/\/www.susannavaris.com\/blogg\/wp-content\/uploads\/2011\/09\/DSC_0007-50.jpg 1536w\" sizes=\"auto, (max-width: 640px) 100vw, 640px\" \/><\/a><em>&#8230;och n\u00e5gonting att \u00e4ta! Fantastiskt god plockmat&#8230;f\u00f6rsvinnande gott rentav. Foto: Susanna Varis<\/em><\/p>\n<p style=\"text-align: center;\"><a href=\"http:\/\/www.susannavaris.com\/blogg\/wp-content\/uploads\/2011\/09\/310623_10150307492596835_725571834_8444089_719799679_n.jpg\"><img loading=\"lazy\" decoding=\"async\" class=\"aligncenter size-full wp-image-2566\" title=\"310623_10150307492596835_725571834_8444089_719799679_n\" src=\"http:\/\/www.susannavaris.com\/blogg\/wp-content\/uploads\/2011\/09\/310623_10150307492596835_725571834_8444089_719799679_n.jpg\" alt=\"\" width=\"720\" height=\"478\" srcset=\"http:\/\/www.susannavaris.com\/blogg\/wp-content\/uploads\/2011\/09\/310623_10150307492596835_725571834_8444089_719799679_n.jpg 720w, http:\/\/www.susannavaris.com\/blogg\/wp-content\/uploads\/2011\/09\/310623_10150307492596835_725571834_8444089_719799679_n-300x199.jpg 300w\" sizes=\"auto, (max-width: 720px) 100vw, 720px\" \/><\/a><em>Foto: Skugge&amp;Co, Jon Forsmark<\/em><\/p>\n<p style=\"text-align: center;\"><a href=\"http:\/\/www.susannavaris.com\/blogg\/wp-content\/uploads\/2011\/09\/315642_10150307489286835_725571834_8444036_1927750690_n.jpg\"><img loading=\"lazy\" decoding=\"async\" class=\"aligncenter size-full wp-image-2567\" title=\"315642_10150307489286835_725571834_8444036_1927750690_n\" src=\"http:\/\/www.susannavaris.com\/blogg\/wp-content\/uploads\/2011\/09\/315642_10150307489286835_725571834_8444036_1927750690_n.jpg\" alt=\"\" width=\"720\" height=\"478\" srcset=\"http:\/\/www.susannavaris.com\/blogg\/wp-content\/uploads\/2011\/09\/315642_10150307489286835_725571834_8444036_1927750690_n.jpg 720w, http:\/\/www.susannavaris.com\/blogg\/wp-content\/uploads\/2011\/09\/315642_10150307489286835_725571834_8444036_1927750690_n-300x199.jpg 300w\" sizes=\"auto, (max-width: 720px) 100vw, 720px\" \/><\/a><em>Foto: Skugge&amp;Co, Jon Forsmark<\/em><\/p>\n<p style=\"text-align: center;\"><em><\/em><a href=\"http:\/\/www.susannavaris.com\/blogg\/wp-content\/uploads\/2011\/09\/302673_10150307489061835_725571834_8444033_924860065_n.jpg\"><img loading=\"lazy\" decoding=\"async\" class=\"aligncenter size-full wp-image-2568\" title=\"302673_10150307489061835_725571834_8444033_924860065_n\" src=\"http:\/\/www.susannavaris.com\/blogg\/wp-content\/uploads\/2011\/09\/302673_10150307489061835_725571834_8444033_924860065_n.jpg\" alt=\"\" width=\"478\" height=\"720\" srcset=\"http:\/\/www.susannavaris.com\/blogg\/wp-content\/uploads\/2011\/09\/302673_10150307489061835_725571834_8444033_924860065_n.jpg 478w, http:\/\/www.susannavaris.com\/blogg\/wp-content\/uploads\/2011\/09\/302673_10150307489061835_725571834_8444033_924860065_n-199x300.jpg 199w\" sizes=\"auto, (max-width: 478px) 100vw, 478px\" \/><\/a><em>Bakom min l\u00e4nsade tallrik. J\u00e4ttegod \u00e4ppelmust p\u00e5 arabiska btw. Foto: Skugge&amp;Co, Jon Forsmark<\/em><\/p>\n<p style=\"text-align: center;\"><em><\/em><a href=\"http:\/\/www.susannavaris.com\/blogg\/wp-content\/uploads\/2011\/09\/DSC_0008-50.jpg\"><img loading=\"lazy\" decoding=\"async\" class=\"aligncenter size-large wp-image-2569\" title=\"DSC_0008-50\" src=\"http:\/\/www.susannavaris.com\/blogg\/wp-content\/uploads\/2011\/09\/DSC_0008-50-1024x696.jpg\" alt=\"\" width=\"640\" height=\"435\" srcset=\"http:\/\/www.susannavaris.com\/blogg\/wp-content\/uploads\/2011\/09\/DSC_0008-50-1024x696.jpg 1024w, http:\/\/www.susannavaris.com\/blogg\/wp-content\/uploads\/2011\/09\/DSC_0008-50-300x203.jpg 300w\" sizes=\"auto, (max-width: 640px) 100vw, 640px\" \/><\/a><em>Jag och fina Melody Farshin. Foto: Susanna Varis<\/em><\/p>\n<p style=\"text-align: center;\"><a href=\"http:\/\/www.finest.se\/melody\">http:\/\/www.finest.se\/melody<\/a><\/p>\n<p style=\"text-align: center;\"><a href=\"http:\/\/www.susannavaris.com\/blogg\/wp-content\/uploads\/2011\/09\/DSC_0009-50.jpg\"><img loading=\"lazy\" decoding=\"async\" class=\"aligncenter size-large wp-image-2570\" title=\"DSC_0009-50\" src=\"http:\/\/www.susannavaris.com\/blogg\/wp-content\/uploads\/2011\/09\/DSC_0009-50-1024x682.jpg\" alt=\"\" width=\"640\" height=\"426\" srcset=\"http:\/\/www.susannavaris.com\/blogg\/wp-content\/uploads\/2011\/09\/DSC_0009-50-1024x682.jpg 1024w, http:\/\/www.susannavaris.com\/blogg\/wp-content\/uploads\/2011\/09\/DSC_0009-50-300x200.jpg 300w\" sizes=\"auto, (max-width: 640px) 100vw, 640px\" \/><\/a><em>Linda myser i bakluckan&#8230; Foto: Susanna Varis<\/em><\/p>\n<p style=\"text-align: center;\"><a href=\"http:\/\/www.susannavaris.com\/blogg\/wp-content\/uploads\/2011\/09\/DSC_0010-50.jpg\"><img loading=\"lazy\" decoding=\"async\" class=\"aligncenter size-large wp-image-2571\" title=\"DSC_0010-50\" src=\"http:\/\/www.susannavaris.com\/blogg\/wp-content\/uploads\/2011\/09\/DSC_0010-50-1024x682.jpg\" alt=\"\" width=\"640\" height=\"426\" srcset=\"http:\/\/www.susannavaris.com\/blogg\/wp-content\/uploads\/2011\/09\/DSC_0010-50-1024x682.jpg 1024w, http:\/\/www.susannavaris.com\/blogg\/wp-content\/uploads\/2011\/09\/DSC_0010-50-300x200.jpg 300w\" sizes=\"auto, (max-width: 640px) 100vw, 640px\" \/><\/a><em>Linda Skugge och jag. Foto: Susanna Varis<\/em><\/p>\n<p style=\"text-align: center;\"><a href=\"http:\/\/www.susannavaris.com\/blogg\/wp-content\/uploads\/2011\/09\/DSC_0011-50.jpg\"><img loading=\"lazy\" decoding=\"async\" class=\"aligncenter size-large wp-image-2572\" title=\"DSC_0011-50\" src=\"http:\/\/www.susannavaris.com\/blogg\/wp-content\/uploads\/2011\/09\/DSC_0011-50-1024x446.jpg\" alt=\"\" width=\"640\" height=\"278\" srcset=\"http:\/\/www.susannavaris.com\/blogg\/wp-content\/uploads\/2011\/09\/DSC_0011-50-1024x446.jpg 1024w, http:\/\/www.susannavaris.com\/blogg\/wp-content\/uploads\/2011\/09\/DSC_0011-50-300x130.jpg 300w, http:\/\/www.susannavaris.com\/blogg\/wp-content\/uploads\/2011\/09\/DSC_0011-50.jpg 1910w\" sizes=\"auto, (max-width: 640px) 100vw, 640px\" \/><\/a><em>Upplands Motors VD Per Ros\u00e9n ber\u00e4ttar om verksamheten. Foto: Susanna Varis<\/em><\/p>\n<p style=\"text-align: center;\"><a href=\"http:\/\/www.susannavaris.com\/blogg\/wp-content\/uploads\/2011\/09\/DSC_0012-50.jpg\"><img loading=\"lazy\" decoding=\"async\" class=\"aligncenter size-large wp-image-2573\" title=\"DSC_0012-50\" src=\"http:\/\/www.susannavaris.com\/blogg\/wp-content\/uploads\/2011\/09\/DSC_0012-50-682x1024.jpg\" alt=\"\" width=\"640\" height=\"960\" srcset=\"http:\/\/www.susannavaris.com\/blogg\/wp-content\/uploads\/2011\/09\/DSC_0012-50-682x1024.jpg 682w, http:\/\/www.susannavaris.com\/blogg\/wp-content\/uploads\/2011\/09\/DSC_0012-50-200x300.jpg 200w, http:\/\/www.susannavaris.com\/blogg\/wp-content\/uploads\/2011\/09\/DSC_0012-50.jpg 1536w\" sizes=\"auto, (max-width: 640px) 100vw, 640px\" \/><\/a><em>Katerina Janouch h\u00e5ller f\u00f6redrag om bilens alla m\u00f6jligheter till samkv\u00e4m, tips och r\u00e5d, lagligt\/olagligt, vilka modeller kan vara att f\u00f6redra etc. Foto: Susanna Varis<\/em><\/p>\n<p style=\"text-align: center;\"><a href=\"http:\/\/www.susannavaris.com\/blogg\/wp-content\/uploads\/2011\/09\/DSC_0021-50.jpg\"><img loading=\"lazy\" decoding=\"async\" class=\"aligncenter size-large wp-image-2574\" title=\"DSC_0021-50\" src=\"http:\/\/www.susannavaris.com\/blogg\/wp-content\/uploads\/2011\/09\/DSC_0021-50-682x1024.jpg\" alt=\"\" width=\"640\" height=\"960\" srcset=\"http:\/\/www.susannavaris.com\/blogg\/wp-content\/uploads\/2011\/09\/DSC_0021-50-682x1024.jpg 682w, http:\/\/www.susannavaris.com\/blogg\/wp-content\/uploads\/2011\/09\/DSC_0021-50-200x300.jpg 200w, http:\/\/www.susannavaris.com\/blogg\/wp-content\/uploads\/2011\/09\/DSC_0021-50.jpg 1536w\" sizes=\"auto, (max-width: 640px) 100vw, 640px\" \/><\/a><em>S\u00e5 klart m\u00e5ste bakluckan testas. Volvo XC 60 D5 AWD. Foto: Susanna Varis<\/em><\/p>\n<p style=\"text-align: center;\"><a href=\"http:\/\/www.susannavaris.com\/blogg\/wp-content\/uploads\/2011\/09\/DSC_0023-50.jpg\"><img loading=\"lazy\" decoding=\"async\" class=\"aligncenter size-large wp-image-2575\" title=\"DSC_0023-50\" src=\"http:\/\/www.susannavaris.com\/blogg\/wp-content\/uploads\/2011\/09\/DSC_0023-50-1024x529.jpg\" alt=\"\" width=\"640\" height=\"330\" srcset=\"http:\/\/www.susannavaris.com\/blogg\/wp-content\/uploads\/2011\/09\/DSC_0023-50-1024x529.jpg 1024w, http:\/\/www.susannavaris.com\/blogg\/wp-content\/uploads\/2011\/09\/DSC_0023-50-300x155.jpg 300w, http:\/\/www.susannavaris.com\/blogg\/wp-content\/uploads\/2011\/09\/DSC_0023-50.jpg 2039w\" sizes=\"auto, (max-width: 640px) 100vw, 640px\" \/><\/a><em>Mingel. Foto: Susanna Varis<\/em><\/p>\n<p style=\"text-align: center;\"><a href=\"http:\/\/www.susannavaris.com\/blogg\/wp-content\/uploads\/2011\/09\/DSC_0025-50.jpg\"><img loading=\"lazy\" decoding=\"async\" class=\"aligncenter size-large wp-image-2576\" title=\"DSC_0025-50\" src=\"http:\/\/www.susannavaris.com\/blogg\/wp-content\/uploads\/2011\/09\/DSC_0025-50-682x1024.jpg\" alt=\"\" width=\"640\" height=\"960\" srcset=\"http:\/\/www.susannavaris.com\/blogg\/wp-content\/uploads\/2011\/09\/DSC_0025-50-682x1024.jpg 682w, http:\/\/www.susannavaris.com\/blogg\/wp-content\/uploads\/2011\/09\/DSC_0025-50-200x300.jpg 200w, http:\/\/www.susannavaris.com\/blogg\/wp-content\/uploads\/2011\/09\/DSC_0025-50.jpg 1536w\" sizes=\"auto, (max-width: 640px) 100vw, 640px\" \/><\/a><em>Jag igen. Foto: Susanna Varis<\/em><\/p>\n<p style=\"text-align: center;\"><a href=\"http:\/\/www.susannavaris.com\/blogg\/wp-content\/uploads\/2011\/09\/DSC_0027-50.jpg\"><img loading=\"lazy\" decoding=\"async\" class=\"aligncenter size-large wp-image-2577\" title=\"DSC_0027-50\" src=\"http:\/\/www.susannavaris.com\/blogg\/wp-content\/uploads\/2011\/09\/DSC_0027-50-1024x711.jpg\" alt=\"\" width=\"640\" height=\"444\" srcset=\"http:\/\/www.susannavaris.com\/blogg\/wp-content\/uploads\/2011\/09\/DSC_0027-50-1024x711.jpg 1024w, http:\/\/www.susannavaris.com\/blogg\/wp-content\/uploads\/2011\/09\/DSC_0027-50-300x208.jpg 300w, http:\/\/www.susannavaris.com\/blogg\/wp-content\/uploads\/2011\/09\/DSC_0027-50.jpg 2044w\" sizes=\"auto, (max-width: 640px) 100vw, 640px\" \/><\/a><em>Paula Lobos sjunger vackert. Gitarristens namn missade jag tyv\u00e4rr&#8230; Foto: Susanna Varis<\/em><\/p>\n<p style=\"text-align: center;\"><a href=\"http:\/\/www.susannavaris.com\/blogg\/wp-content\/uploads\/2011\/09\/DSC_0035cr-50.jpg\"><img loading=\"lazy\" decoding=\"async\" class=\"aligncenter size-large wp-image-2578\" title=\"DSC_0035cr-50\" src=\"http:\/\/www.susannavaris.com\/blogg\/wp-content\/uploads\/2011\/09\/DSC_0035cr-50-1024x632.jpg\" alt=\"\" width=\"640\" height=\"395\" srcset=\"http:\/\/www.susannavaris.com\/blogg\/wp-content\/uploads\/2011\/09\/DSC_0035cr-50-1024x632.jpg 1024w, http:\/\/www.susannavaris.com\/blogg\/wp-content\/uploads\/2011\/09\/DSC_0035cr-50-300x185.jpg 300w, http:\/\/www.susannavaris.com\/blogg\/wp-content\/uploads\/2011\/09\/DSC_0035cr-50.jpg 1943w\" sizes=\"auto, (max-width: 640px) 100vw, 640px\" \/><\/a><em>Jag och min blivande bil. Volvo C70 D4 SUMMUM. Foto: Susanna Varis<\/em><\/p>\n<p style=\"text-align: center;\"><a href=\"http:\/\/www.susannavaris.com\/blogg\/wp-content\/uploads\/2011\/09\/DSC_0036-50.jpg\"><img loading=\"lazy\" decoding=\"async\" class=\"aligncenter size-large wp-image-2579\" title=\"DSC_0036-50\" src=\"http:\/\/www.susannavaris.com\/blogg\/wp-content\/uploads\/2011\/09\/DSC_0036-50-1024x682.jpg\" alt=\"\" width=\"640\" height=\"426\" srcset=\"http:\/\/www.susannavaris.com\/blogg\/wp-content\/uploads\/2011\/09\/DSC_0036-50-1024x682.jpg 1024w, http:\/\/www.susannavaris.com\/blogg\/wp-content\/uploads\/2011\/09\/DSC_0036-50-300x200.jpg 300w\" sizes=\"auto, (max-width: 640px) 100vw, 640px\" \/><\/a><a href=\"http:\/\/www.susannavaris.com\/blogg\/wp-content\/uploads\/2011\/09\/DSC_0037-501.jpg\"><img loading=\"lazy\" decoding=\"async\" class=\"aligncenter size-large wp-image-2581\" title=\"DSC_0037-50\" src=\"http:\/\/www.susannavaris.com\/blogg\/wp-content\/uploads\/2011\/09\/DSC_0037-501-1024x783.jpg\" alt=\"\" width=\"640\" height=\"489\" srcset=\"http:\/\/www.susannavaris.com\/blogg\/wp-content\/uploads\/2011\/09\/DSC_0037-501-1024x783.jpg 1024w, http:\/\/www.susannavaris.com\/blogg\/wp-content\/uploads\/2011\/09\/DSC_0037-501-300x229.jpg 300w, http:\/\/www.susannavaris.com\/blogg\/wp-content\/uploads\/2011\/09\/DSC_0037-501.jpg 1849w\" sizes=\"auto, (max-width: 640px) 100vw, 640px\" \/><\/a><em>Effektiv inspiration f\u00f6r k\u00f6rkortstagande&#8230; Foton: Susanna Varis<\/em><\/p>\n<p style=\"text-align: center;\"><a href=\"http:\/\/www.susannavaris.com\/blogg\/wp-content\/uploads\/2011\/09\/DSC_0038-50.jpg\"><img loading=\"lazy\" decoding=\"async\" class=\"aligncenter size-large wp-image-2582\" title=\"DSC_0038-50\" src=\"http:\/\/www.susannavaris.com\/blogg\/wp-content\/uploads\/2011\/09\/DSC_0038-50-1024x682.jpg\" alt=\"\" width=\"640\" height=\"426\" srcset=\"http:\/\/www.susannavaris.com\/blogg\/wp-content\/uploads\/2011\/09\/DSC_0038-50-1024x682.jpg 1024w, http:\/\/www.susannavaris.com\/blogg\/wp-content\/uploads\/2011\/09\/DSC_0038-50-300x200.jpg 300w\" sizes=\"auto, (max-width: 640px) 100vw, 640px\" \/><\/a><em>\u00c4ven en hel del milj\u00f6bilar fanns. Som denna, en Ford f\u00f6r det sympatiska priset av ca 114 000 kr&#8230; Foto: Susanna Varis<\/em><\/p>\n<p style=\"text-align: center;\"><a href=\"http:\/\/www.susannavaris.com\/blogg\/wp-content\/uploads\/2011\/09\/DSC_0041-50.jpg\"><img loading=\"lazy\" decoding=\"async\" class=\"aligncenter size-large wp-image-2583\" title=\"DSC_0041-50\" src=\"http:\/\/www.susannavaris.com\/blogg\/wp-content\/uploads\/2011\/09\/DSC_0041-50-682x1024.jpg\" alt=\"\" width=\"640\" height=\"960\" srcset=\"http:\/\/www.susannavaris.com\/blogg\/wp-content\/uploads\/2011\/09\/DSC_0041-50-682x1024.jpg 682w, http:\/\/www.susannavaris.com\/blogg\/wp-content\/uploads\/2011\/09\/DSC_0041-50-200x300.jpg 200w, http:\/\/www.susannavaris.com\/blogg\/wp-content\/uploads\/2011\/09\/DSC_0041-50.jpg 1536w\" sizes=\"auto, (max-width: 640px) 100vw, 640px\" \/><\/a><em>En annan milj\u00f6-Ford. Foto: Susanna Varis<\/em><\/p>\n<p style=\"text-align: center;\"><a href=\"http:\/\/www.susannavaris.com\/blogg\/wp-content\/uploads\/2011\/09\/DSC_0043-50.jpg\"><img loading=\"lazy\" decoding=\"async\" class=\"aligncenter size-large wp-image-2584\" title=\"DSC_0043-50\" src=\"http:\/\/www.susannavaris.com\/blogg\/wp-content\/uploads\/2011\/09\/DSC_0043-50-1024x615.jpg\" alt=\"\" width=\"640\" height=\"384\" srcset=\"http:\/\/www.susannavaris.com\/blogg\/wp-content\/uploads\/2011\/09\/DSC_0043-50-1024x615.jpg 1024w, http:\/\/www.susannavaris.com\/blogg\/wp-content\/uploads\/2011\/09\/DSC_0043-50-300x180.jpg 300w\" sizes=\"auto, (max-width: 640px) 100vw, 640px\" \/><\/a><em>Kalaset b\u00f6rjar lida mot sitt slut&#8230;prasslande goodiebags p\u00e5 bussen hem. Foto: Susanna Varis<\/em><\/p>\n<p style=\"text-align: center;\"><a href=\"http:\/\/www.susannavaris.com\/blogg\/wp-content\/uploads\/2011\/09\/DSC_0045-50.jpg\"><img loading=\"lazy\" decoding=\"async\" class=\"aligncenter size-large wp-image-2585\" title=\"DSC_0045-50\" src=\"http:\/\/www.susannavaris.com\/blogg\/wp-content\/uploads\/2011\/09\/DSC_0045-50-1024x682.jpg\" alt=\"\" width=\"640\" height=\"426\" srcset=\"http:\/\/www.susannavaris.com\/blogg\/wp-content\/uploads\/2011\/09\/DSC_0045-50-1024x682.jpg 1024w, http:\/\/www.susannavaris.com\/blogg\/wp-content\/uploads\/2011\/09\/DSC_0045-50-300x200.jpg 300w\" sizes=\"auto, (max-width: 640px) 100vw, 640px\" \/><\/a><em>Vi s\u00e4nder ett tack till v\u00e5ra sponsorer, Skugge&amp;Co samt Upplands Motor. Foto: Susanna Varis<\/em><\/p>\n<p style=\"text-align: center;\">\n","protected":false},"excerpt":{"rendered":"<p>Pinup-konst av Elvgren En vanlig, tr\u00e5kig septemberonsdag fick jag och en v\u00e4n n\u00f6jet att delta i en kv\u00e4ll i erotikens tecken p\u00e5 Upplands Motor i Akalla. Kopplingen kanske inte \u00e4r helt sj\u00e4lvklar vid f\u00f6rsta anblicken, men sex och bilar har &hellip; <a href=\"http:\/\/www.susannavaris.com\/blogg\/2011\/09\/erotisk-fokus-pa-upplands-motor\/\">Forts\u00e4tt l\u00e4sa <span class=\"meta-nav\">&rarr;<\/span><\/a><\/p>\n","protected":false},"author":1,"featured_media":0,"comment_status":"open","ping_status":"open","sticky":false,"template":"","format":"standard","meta":{"footnotes":""},"categories":[555,589,1],"tags":[704,700,556,702,701,557,699,703],"class_list":["post-2558","post","type-post","status-publish","format-standard","hentry","category-events","category-medier","category-okategoriserade","tag-ford","tag-katerina-janouch","tag-linda-skugge","tag-melody-farsin","tag-paula-lobos","tag-skuggeco","tag-upplands-motor","tag-volvo"],"_links":{"self":[{"href":"http:\/\/www.susannavaris.com\/blogg\/wp-json\/wp\/v2\/posts\/2558","targetHints":{"allow":["GET"]}}],"collection":[{"href":"http:\/\/www.susannavaris.com\/blogg\/wp-json\/wp\/v2\/posts"}],"about":[{"href":"http:\/\/www.susannavaris.com\/blogg\/wp-json\/wp\/v2\/types\/post"}],"author":[{"embeddable":true,"href":"http:\/\/www.susannavaris.com\/blogg\/wp-json\/wp\/v2\/users\/1"}],"replies":[{"embeddable":true,"href":"http:\/\/www.susannavaris.com\/blogg\/wp-json\/wp\/v2\/comments?post=2558"}],"version-history":[{"count":7,"href":"http:\/\/www.susannavaris.com\/blogg\/wp-json\/wp\/v2\/posts\/2558\/revisions"}],"predecessor-version":[{"id":2592,"href":"http:\/\/www.susannavaris.com\/blogg\/wp-json\/wp\/v2\/posts\/2558\/revisions\/2592"}],"wp:attachment":[{"href":"http:\/\/www.susannavaris.com\/blogg\/wp-json\/wp\/v2\/media?parent=2558"}],"wp:term":[{"taxonomy":"category","embeddable":true,"href":"http:\/\/www.susannavaris.com\/blogg\/wp-json\/wp\/v2\/categories?post=2558"},{"taxonomy":"post_tag","embeddable":true,"href":"http:\/\/www.susannavaris.com\/blogg\/wp-json\/wp\/v2\/tags?post=2558"}],"curies":[{"name":"wp","href":"https:\/\/api.w.org\/{rel}","templated":true}]}}