{"id":2600,"date":"2011-10-02T16:51:48","date_gmt":"2011-10-02T14:51:48","guid":{"rendered":"http:\/\/www.susannavaris.com\/blogg\/?p=2600"},"modified":"2011-10-02T16:51:48","modified_gmt":"2011-10-02T14:51:48","slug":"hostsalongen-2011","status":"publish","type":"post","link":"http:\/\/www.susannavaris.com\/blogg\/2011\/10\/hostsalongen-2011\/","title":{"rendered":"H\u00f6stsalongen 2011"},"content":{"rendered":"<p><a href=\"http:\/\/www.susannavaris.com\/blogg\/wp-content\/uploads\/2011\/10\/pic222.jpg\"><img loading=\"lazy\" decoding=\"async\" class=\"aligncenter size-full wp-image-2601\" title=\"pic222\" src=\"http:\/\/www.susannavaris.com\/blogg\/wp-content\/uploads\/2011\/10\/pic222.jpg\" alt=\"\" width=\"183\" height=\"183\" srcset=\"http:\/\/www.susannavaris.com\/blogg\/wp-content\/uploads\/2011\/10\/pic222.jpg 183w, http:\/\/www.susannavaris.com\/blogg\/wp-content\/uploads\/2011\/10\/pic222-150x150.jpg 150w\" sizes=\"auto, (max-width: 183px) 100vw, 183px\" \/><\/a><\/p>\n<p>I helgen anordnades Konstn\u00e4rernas H\u00f6stsalong p\u00e5 Kistam\u00e4ssan, denna g\u00e5ng i kombination med Antik- och Kuriosam\u00e4ssan. Ambitionen var att hinna bes\u00f6ka b\u00e5da m\u00e4ssorna p\u00e5 samma dag, men eftersom vi b\u00e5da \u00e4r utarbetade och gamla och beh\u00f6vde en liten sovmorgon, kom vi ig\u00e5ng f\u00f6rst \u00e5t 12.30-sn\u00e5ret. Detta och det faktum att den efterl\u00e4ngtade Citybanans tillblivelse denna helg kr\u00e4vde en avst\u00e4ngning av pendelt\u00e5gstrafiken mellan Stockholms Central och \u00c4lvsj\u00f6, gjorde att vi f\u00f6rst vid 15.15-tiden \u00e4ntrade m\u00e4sslokalen. Pendelt\u00e5g till \u00c4lvsj\u00f6- helvetisk busstur p\u00e5 linje 144 i en stekhet, skumpande och ryckande buss till Gullmarsplan (varf\u00f6r betalar folk f\u00f6r attraktionerna p\u00e5 Gr\u00f6na Lund, samma illam\u00e5ende kan l\u00e4tt uppn\u00e5s p\u00e5 en dag i kollektivtrafiken, helst d\u00e5 buss och tunnelbana) &#8211; tunnelbana till Fridhemsplan &#8211; tunnelbana till Kista. (Tv\u00e4rf\u00f6rbindelserna i s\u00f6derf\u00f6rort \u00e4r en katastrof. Strunta genast i dumheter som sp\u00e5rvagnsf\u00f6rbindelse till Kungsholmen och bygg en yttre tv\u00e4rbana. Nu.)<\/p>\n<p style=\"text-align: center;\"><a href=\"http:\/\/www.susannavaris.com\/blogg\/wp-content\/uploads\/2011\/10\/kista11100101-50.jpg\"><img loading=\"lazy\" decoding=\"async\" class=\"aligncenter size-large wp-image-2604\" title=\"kista11100101-50\" src=\"http:\/\/www.susannavaris.com\/blogg\/wp-content\/uploads\/2011\/10\/kista11100101-50-1024x682.jpg\" alt=\"\" width=\"640\" height=\"426\" srcset=\"http:\/\/www.susannavaris.com\/blogg\/wp-content\/uploads\/2011\/10\/kista11100101-50-1024x682.jpg 1024w, http:\/\/www.susannavaris.com\/blogg\/wp-content\/uploads\/2011\/10\/kista11100101-50-300x200.jpg 300w\" sizes=\"auto, (max-width: 640px) 100vw, 640px\" \/><\/a><em>En st\u00e4rkande green chili\/guacamole-burgare p\u00e5 Texas Long Horn. Underbart gott.<\/em><\/p>\n<p>N\u00e5v\u00e4l, efter en st\u00e4rkande m\u00e5ltid p\u00e5 Texas Long Horn i Kistagallerian k\u00e4nde vi oss beredda f\u00f6r n\u00e5gra timmars tumlande bland montrarna p\u00e5 Hostsalongen. (Jag inser nu att jag borde ha fotograferat mera&#8230;jag blir nog tvungen att l\u00e5na lite bilder.) H\u00f6stsalongen \u00e4r en trevlig tillst\u00e4llning, man har m\u00f6jlighet att bekanta sig med v\u00e4ldigt m\u00e5nga konstn\u00e4rer p\u00e5 en och samma g\u00e5ng. Detta kan ju f\u00f6rst\u00e5s vara en liten nackdel ocks\u00e5, alla intrycken leder l\u00e4tt till en sm\u00e4rre vimmelkantighet och \u00f6verm\u00e4ttnad.<\/p>\n<p style=\"text-align: center;\"><a href=\"http:\/\/www.susannavaris.com\/blogg\/wp-content\/uploads\/2011\/10\/1112-2010_webb.jpg\"><img loading=\"lazy\" decoding=\"async\" class=\"aligncenter size-full wp-image-2605\" title=\"1112-2010_webb\" src=\"http:\/\/www.susannavaris.com\/blogg\/wp-content\/uploads\/2011\/10\/1112-2010_webb.jpg\" alt=\"\" width=\"440\" height=\"275\" srcset=\"http:\/\/www.susannavaris.com\/blogg\/wp-content\/uploads\/2011\/10\/1112-2010_webb.jpg 440w, http:\/\/www.susannavaris.com\/blogg\/wp-content\/uploads\/2011\/10\/1112-2010_webb-300x187.jpg 300w\" sizes=\"auto, (max-width: 440px) 100vw, 440px\" \/><\/a><em>Bild fr\u00e5n en tidigare m\u00e4ssa. Foto fr\u00e5n:\u00a0<a href=\"http:\/\/www.konstvarlden.se\/nyheter\">http:\/\/www.konstvarlden.se\/nyheter<\/a><\/em><\/p>\n<p style=\"text-align: center;\"><a href=\"http:\/\/www.susannavaris.com\/blogg\/wp-content\/uploads\/2011\/10\/DSC_0050-50.jpg\"><img loading=\"lazy\" decoding=\"async\" class=\"aligncenter size-large wp-image-2606\" title=\"DSC_0050-50\" src=\"http:\/\/www.susannavaris.com\/blogg\/wp-content\/uploads\/2011\/10\/DSC_0050-50-1024x682.jpg\" alt=\"\" width=\"640\" height=\"426\" srcset=\"http:\/\/www.susannavaris.com\/blogg\/wp-content\/uploads\/2011\/10\/DSC_0050-50-1024x682.jpg 1024w, http:\/\/www.susannavaris.com\/blogg\/wp-content\/uploads\/2011\/10\/DSC_0050-50-300x200.jpg 300w\" sizes=\"auto, (max-width: 640px) 100vw, 640px\" \/><\/a><em>Jane Hellstr\u00f6m framf\u00f6r n\u00e5gra av sina fantastiskt vackra rakukeramikh\u00e4star. Hade jag en obegr\u00e4nsad budget skulle jag ha k\u00f6pt en p\u00e5 studs. Foto: Susanna Varis<\/em><\/p>\n<p style=\"text-align: center;\"><a href=\"http:\/\/www.stutagarden.zoomin.se\/\">http:\/\/www.stutagarden.zoomin.se\/<\/a><\/p>\n<p style=\"text-align: center;\"><a href=\"http:\/\/www.susannavaris.com\/blogg\/wp-content\/uploads\/2011\/10\/acekoriandrejzverev.jpg\"><img loading=\"lazy\" decoding=\"async\" class=\"aligncenter size-full wp-image-2607\" title=\"acekoriandrejzverev\" src=\"http:\/\/www.susannavaris.com\/blogg\/wp-content\/uploads\/2011\/10\/acekoriandrejzverev.jpg\" alt=\"\" width=\"334\" height=\"474\" srcset=\"http:\/\/www.susannavaris.com\/blogg\/wp-content\/uploads\/2011\/10\/acekoriandrejzverev.jpg 334w, http:\/\/www.susannavaris.com\/blogg\/wp-content\/uploads\/2011\/10\/acekoriandrejzverev-211x300.jpg 211w\" sizes=\"auto, (max-width: 334px) 100vw, 334px\" \/><\/a><em>Andrej Zverev visade upp sp\u00e4nnande konst. Foto fr\u00e5n hans hemsida:<a href=\"http:\/\/www.andrejzverev.se\/\">http:\/\/www.andrejzverev.se\/<\/a><\/em><\/p>\n<p style=\"text-align: center;\"><a href=\"http:\/\/www.susannavaris.com\/blogg\/wp-content\/uploads\/2011\/10\/DSC_0184-50.jpg\"><img loading=\"lazy\" decoding=\"async\" class=\"aligncenter size-large wp-image-2608\" title=\"DSC_0184-50\" src=\"http:\/\/www.susannavaris.com\/blogg\/wp-content\/uploads\/2011\/10\/DSC_0184-50-1024x680.jpg\" alt=\"\" width=\"640\" height=\"425\" srcset=\"http:\/\/www.susannavaris.com\/blogg\/wp-content\/uploads\/2011\/10\/DSC_0184-50-1024x680.jpg 1024w, http:\/\/www.susannavaris.com\/blogg\/wp-content\/uploads\/2011\/10\/DSC_0184-50-300x199.jpg 300w\" sizes=\"auto, (max-width: 640px) 100vw, 640px\" \/><\/a><em>Tomas Lackes attitydkonst lade jag m\u00e4rke till f\u00f6rsta g\u00e5ngen p\u00e5 f\u00f6rra \u00e5rets H\u00f6stsalong, den stack ut. Efter det st\u00e4llde vi ut samtidigt p\u00e5 f\u00f6rra vinterns Fo-Ko. Denna g\u00e5ng hade han med sig tre j\u00e4ttetavlor. Kolla in Lackes coola produktion h\u00e4r:\u00a0<a href=\"http:\/\/www.tomaslacke.com\/hem.html\">http:\/\/www.tomaslacke.com\/hem.html<\/a><\/em><\/p>\n<p style=\"text-align: center;\"><a href=\"http:\/\/www.susannavaris.com\/blogg\/wp-content\/uploads\/2011\/10\/Dagsmejavolyminfo.jpg\"><img loading=\"lazy\" decoding=\"async\" class=\"aligncenter size-full wp-image-2609\" title=\"Dagsmejavolyminfo\" src=\"http:\/\/www.susannavaris.com\/blogg\/wp-content\/uploads\/2011\/10\/Dagsmejavolyminfo.jpg\" alt=\"\" width=\"359\" height=\"510\" srcset=\"http:\/\/www.susannavaris.com\/blogg\/wp-content\/uploads\/2011\/10\/Dagsmejavolyminfo.jpg 359w, http:\/\/www.susannavaris.com\/blogg\/wp-content\/uploads\/2011\/10\/Dagsmejavolyminfo-211x300.jpg 211w\" sizes=\"auto, (max-width: 359px) 100vw, 359px\" \/><\/a><em>Dagsmeja av Ulla-Carin Winter. Foto:\u00a0<a href=\"http:\/\/www.volym.info\/\">http:\/\/www.volym.info\/<\/a><\/em><\/p>\n<p style=\"text-align: center;\"><a href=\"http:\/\/www.susannavaris.com\/blogg\/wp-content\/uploads\/2011\/10\/Tvars-over-vagenucwinther.jpg\"><img loading=\"lazy\" decoding=\"async\" class=\"aligncenter size-full wp-image-2610\" title=\"Tvars-over-vagenucwinther\" src=\"http:\/\/www.susannavaris.com\/blogg\/wp-content\/uploads\/2011\/10\/Tvars-over-vagenucwinther.jpg\" alt=\"\" width=\"709\" height=\"500\" srcset=\"http:\/\/www.susannavaris.com\/blogg\/wp-content\/uploads\/2011\/10\/Tvars-over-vagenucwinther.jpg 709w, http:\/\/www.susannavaris.com\/blogg\/wp-content\/uploads\/2011\/10\/Tvars-over-vagenucwinther-300x211.jpg 300w\" sizes=\"auto, (max-width: 709px) 100vw, 709px\" \/><\/a><em>Tv\u00e4rs \u00d6ver V\u00e4gen av Ulla-Carin Winter. Foto fr\u00e5n:\u00a0<a href=\"http:\/\/www.volym.info\/\">http:\/\/www.volym.info\/<\/a>\u00a0<\/em><\/p>\n<p style=\"text-align: center;\"><a href=\"http:\/\/www.susannavaris.com\/blogg\/wp-content\/uploads\/2011\/10\/ullacarinwinheravtorbj\u00f6rnelverheim.jpg\"><img loading=\"lazy\" decoding=\"async\" class=\"aligncenter size-full wp-image-2611\" title=\"ullacarinwinheravtorbj\u00f6rnelverheim\" src=\"http:\/\/www.susannavaris.com\/blogg\/wp-content\/uploads\/2011\/10\/ullacarinwinheravtorbj\u00f6rnelverheim.jpg\" alt=\"\" width=\"468\" height=\"345\" srcset=\"http:\/\/www.susannavaris.com\/blogg\/wp-content\/uploads\/2011\/10\/ullacarinwinheravtorbj\u00f6rnelverheim.jpg 468w, http:\/\/www.susannavaris.com\/blogg\/wp-content\/uploads\/2011\/10\/ullacarinwinheravtorbj\u00f6rnelverheim-300x221.jpg 300w\" sizes=\"auto, (max-width: 468px) 100vw, 468px\" \/><\/a>Ulla-Carin Winters m\u00f6rka och st\u00e4mningsfulla bildv\u00e4rld tilltalade mig starkt. Foto: Torbj\u00f6rn Elverheim<\/p>\n<p style=\"text-align: center;\"><a href=\"http:\/\/www.grafiskasallskapet.se\/konstnarer\/08.vwx\/win_369\/winter.html\">http:\/\/www.grafiskasallskapet.se\/konstnarer\/08.vwx\/win_369\/winter.html<\/a><\/p>\n<p style=\"text-align: center;\"><a href=\"http:\/\/www.susannavaris.com\/blogg\/wp-content\/uploads\/2011\/10\/Ylva_Maria_Thompson_720.jpg\"><img loading=\"lazy\" decoding=\"async\" class=\"aligncenter size-full wp-image-2614\" title=\"-\" src=\"http:\/\/www.susannavaris.com\/blogg\/wp-content\/uploads\/2011\/10\/Ylva_Maria_Thompson_720.jpg\" alt=\"\" width=\"720\" height=\"394\" srcset=\"http:\/\/www.susannavaris.com\/blogg\/wp-content\/uploads\/2011\/10\/Ylva_Maria_Thompson_720.jpg 720w, http:\/\/www.susannavaris.com\/blogg\/wp-content\/uploads\/2011\/10\/Ylva_Maria_Thompson_720-300x164.jpg 300w\" sizes=\"auto, (max-width: 720px) 100vw, 720px\" \/><\/a><em>Ylva Maria Thompson. T\u00e4nk att en naken m\u00e4nniskokropp fortfarande anses provokativ. Den tilltalar ju s\u00e5 klart hippocampus, reptilhj\u00e4rnan, som ju i den moderna civilisationen ska helst ha s\u00e5 lite att s\u00e4ga till som som m\u00f6jligt. Men jag gillar Ylva Marias porriga estetik. Snuskig elegans. Foto: svt<\/em><\/p>\n<p style=\"text-align: center;\"><a href=\"http:\/\/www.susannavaris.com\/blogg\/wp-content\/uploads\/2011\/10\/ylvamariablogg.jpg\"><img loading=\"lazy\" decoding=\"async\" class=\"aligncenter size-full wp-image-2612\" title=\"ylvamariablogg\" src=\"http:\/\/www.susannavaris.com\/blogg\/wp-content\/uploads\/2011\/10\/ylvamariablogg.jpg\" alt=\"\" width=\"726\" height=\"973\" srcset=\"http:\/\/www.susannavaris.com\/blogg\/wp-content\/uploads\/2011\/10\/ylvamariablogg.jpg 726w, http:\/\/www.susannavaris.com\/blogg\/wp-content\/uploads\/2011\/10\/ylvamariablogg-223x300.jpg 223w\" sizes=\"auto, (max-width: 726px) 100vw, 726px\" \/><\/a><em>Ylva Maria Thompson visade sin provokativa konst. N\u00e4r vi hann s\u00e5 l\u00e5ngt var det n\u00e4stan st\u00e4ngningsdags och sista metrarna blev bara ett fl\u00e4ngande. Bilden \u00e4r fr\u00e5n Ylva Marias blogg:\u00a0<a href=\"http:\/\/www.finest.se\/userBlog\/?uid=35035\">http:\/\/www.finest.se\/userBlog\/?uid=35035<\/a><\/em><\/p>\n<p style=\"text-align: center;\"><a href=\"http:\/\/www.susannavaris.com\/blogg\/wp-content\/uploads\/2011\/10\/ylvamariablogg01.jpg\"><img loading=\"lazy\" decoding=\"async\" class=\"aligncenter size-full wp-image-2613\" title=\"ylvamariablogg01\" src=\"http:\/\/www.susannavaris.com\/blogg\/wp-content\/uploads\/2011\/10\/ylvamariablogg01.jpg\" alt=\"\" width=\"468\" height=\"311\" srcset=\"http:\/\/www.susannavaris.com\/blogg\/wp-content\/uploads\/2011\/10\/ylvamariablogg01.jpg 468w, http:\/\/www.susannavaris.com\/blogg\/wp-content\/uploads\/2011\/10\/ylvamariablogg01-300x199.jpg 300w\" sizes=\"auto, (max-width: 468px) 100vw, 468px\" \/><\/a><em>Ett annat exempel p\u00e5 Thompsons konst. Detta f\u00e5r mig att t\u00e4nka p\u00e5 Cynthia Plaster Caster, tillfrisknande groupie och konstn\u00e4r, som startade sin karri\u00e4r 1968 med att f\u00f6reviga rockstj\u00e4rnors \u00e4dlare delar i gips. Sedermera har hon g\u00e5tt \u00f6ver till ocks\u00e5 kvinnobr\u00f6st. Foto fr\u00e5n:\u00a0<a href=\"http:\/\/www.finest.se\/userBlog\/?uid=35035\">http:\/\/www.finest.se\/userBlog\/?uid=35035<\/a><\/em><\/p>\n<p>Jag h\u00f6rde en del besvikna r\u00f6ster ang\u00e5ende f\u00f6rs\u00e4ljningen, som detta \u00e5r varit l\u00e4gre \u00e4n f\u00f6rv\u00e4ntat. Tiderna \u00e4r os\u00e4kra, bol\u00e5nen dyrare, folk h\u00e5ller v\u00e4l i pengarna. Alla var inte heller odelat positiva till samk\u00f6rningen med Antik- och Kuriosa, som misst\u00e4nktes ha snott en del potentiella kunder. Jag inbillar mig att tanken var god, att m\u00e4ssorna skulle dra bes\u00f6kare till varandra, men kanske har Antik- och Kuriosa dragit den st\u00f6rre vinstlotten. Besvikelse uttrycktes ocks\u00e5 \u00f6ver priserna f\u00f6r utst\u00e4llare och marknadsf\u00f6ringen f\u00f6r m\u00e4ssan&#8230;<\/p>\n<p><a href=\"http:\/\/www.susannavaris.com\/blogg\/wp-content\/uploads\/2011\/10\/317828_258073974231605_100000870128276_698729_790918952_n.jpg\"><img loading=\"lazy\" decoding=\"async\" class=\"aligncenter size-full wp-image-2617\" title=\"317828_258073974231605_100000870128276_698729_790918952_n\" src=\"http:\/\/www.susannavaris.com\/blogg\/wp-content\/uploads\/2011\/10\/317828_258073974231605_100000870128276_698729_790918952_n.jpg\" alt=\"\" width=\"640\" height=\"480\" srcset=\"http:\/\/www.susannavaris.com\/blogg\/wp-content\/uploads\/2011\/10\/317828_258073974231605_100000870128276_698729_790918952_n.jpg 640w, http:\/\/www.susannavaris.com\/blogg\/wp-content\/uploads\/2011\/10\/317828_258073974231605_100000870128276_698729_790918952_n-300x225.jpg 300w\" sizes=\"auto, (max-width: 640px) 100vw, 640px\" \/><\/a><\/p>\n<p style=\"text-align: center;\"><em>En bekant fr\u00e5n facebook, Inga Britt Gustafsson. Jag hade inte hj\u00e4rnan med mig att ta en bild sj\u00e4lv, s\u00e5 denna \u00e4r fr\u00e5n Ingemar Strandh.<\/em><\/p>\n<p style=\"text-align: center;\"><a href=\"http:\/\/www.susannavaris.com\/blogg\/wp-content\/uploads\/2011\/10\/316465_258152964223706_100000870128276_699039_956211250_n.jpg\"><img loading=\"lazy\" decoding=\"async\" class=\"aligncenter size-full wp-image-2618\" title=\"316465_258152964223706_100000870128276_699039_956211250_n\" src=\"http:\/\/www.susannavaris.com\/blogg\/wp-content\/uploads\/2011\/10\/316465_258152964223706_100000870128276_699039_956211250_n.jpg\" alt=\"\" width=\"640\" height=\"480\" srcset=\"http:\/\/www.susannavaris.com\/blogg\/wp-content\/uploads\/2011\/10\/316465_258152964223706_100000870128276_699039_956211250_n.jpg 640w, http:\/\/www.susannavaris.com\/blogg\/wp-content\/uploads\/2011\/10\/316465_258152964223706_100000870128276_699039_956211250_n-300x225.jpg 300w\" sizes=\"auto, (max-width: 640px) 100vw, 640px\" \/><\/a><em>Alf Woxnerud <a href=\"http:\/\/www.alfwoxnerud.se\/\">http:\/\/www.alfwoxnerud.se\/<\/a>\u00a0och Ingemar Nystr\u00f6m framf\u00f6r Woxneruds glada katter. Foto: Ingemar Strandh. Webbplats:\u00a0<a href=\"http:\/\/www.strandkonst.se\/\">http:\/\/www.strandkonst.se\/<\/a><\/em><\/p>\n<p>Jag hoppas att H\u00f6stsalongen kommer att \u00f6verleva och utvecklas. Alla m\u00f6jligheter f\u00f6r konstn\u00e4rer att visa upp sina arbeten och komma i kontakt med publik och k\u00f6pare \u00e4r viktiga.<\/p>\n<p>Jag ville sj\u00e4lv st\u00e4lla ut, men det fanns ingen m\u00f6jlighet den h\u00e4r g\u00e5ngen. Kanske n\u00e4sta \u00e5r. Kanske forts\u00e4tter jag med separatutst\u00e4llningar&#8230;<\/p>\n<p>Jag tr\u00e4ffade en hel del gamla bekanta och \u00e4ven nyare bekanta fr\u00e5n Facebookens underbara v\u00e4rld. Men varf\u00f6r tog jag inga fler foton??? Min hj\u00e4rna hade v\u00e4l f\u00f6rlamats av den utmattande kollektivtrafikkarusellen till ditf\u00e4rd&#8230;<\/p>\n","protected":false},"excerpt":{"rendered":"<p>I helgen anordnades Konstn\u00e4rernas H\u00f6stsalong p\u00e5 Kistam\u00e4ssan, denna g\u00e5ng i kombination med Antik- och Kuriosam\u00e4ssan. Ambitionen var att hinna bes\u00f6ka b\u00e5da m\u00e4ssorna p\u00e5 samma dag, men eftersom vi b\u00e5da \u00e4r utarbetade och gamla och beh\u00f6vde en liten sovmorgon, kom vi &hellip; <a href=\"http:\/\/www.susannavaris.com\/blogg\/2011\/10\/hostsalongen-2011\/\">Forts\u00e4tt l\u00e4sa <span class=\"meta-nav\">&rarr;<\/span><\/a><\/p>\n","protected":false},"author":1,"featured_media":0,"comment_status":"open","ping_status":"open","sticky":false,"template":"","format":"standard","meta":{"footnotes":""},"categories":[555,3,1,4],"tags":[716,713,711,708,718,717,712,709,710,209,714,715],"class_list":["post-2600","post","type-post","status-publish","format-standard","hentry","category-events","category-konst","category-okategoriserade","category-utstallning","tag-alf-woxnerud","tag-andrej-zverev","tag-antik-och-kuriosa","tag-hostsalongen","tag-inga-britt-gustafsson","tag-ingemar-nystrom","tag-jane-hellstrom","tag-kista","tag-texas-long-horn","tag-tomas-lacke","tag-ulla-carin-winter","tag-ylva-maria-thompson"],"_links":{"self":[{"href":"http:\/\/www.susannavaris.com\/blogg\/wp-json\/wp\/v2\/posts\/2600","targetHints":{"allow":["GET"]}}],"collection":[{"href":"http:\/\/www.susannavaris.com\/blogg\/wp-json\/wp\/v2\/posts"}],"about":[{"href":"http:\/\/www.susannavaris.com\/blogg\/wp-json\/wp\/v2\/types\/post"}],"author":[{"embeddable":true,"href":"http:\/\/www.susannavaris.com\/blogg\/wp-json\/wp\/v2\/users\/1"}],"replies":[{"embeddable":true,"href":"http:\/\/www.susannavaris.com\/blogg\/wp-json\/wp\/v2\/comments?post=2600"}],"version-history":[{"count":7,"href":"http:\/\/www.susannavaris.com\/blogg\/wp-json\/wp\/v2\/posts\/2600\/revisions"}],"predecessor-version":[{"id":2622,"href":"http:\/\/www.susannavaris.com\/blogg\/wp-json\/wp\/v2\/posts\/2600\/revisions\/2622"}],"wp:attachment":[{"href":"http:\/\/www.susannavaris.com\/blogg\/wp-json\/wp\/v2\/media?parent=2600"}],"wp:term":[{"taxonomy":"category","embeddable":true,"href":"http:\/\/www.susannavaris.com\/blogg\/wp-json\/wp\/v2\/categories?post=2600"},{"taxonomy":"post_tag","embeddable":true,"href":"http:\/\/www.susannavaris.com\/blogg\/wp-json\/wp\/v2\/tags?post=2600"}],"curies":[{"name":"wp","href":"https:\/\/api.w.org\/{rel}","templated":true}]}}