{"id":2623,"date":"2011-10-04T23:14:21","date_gmt":"2011-10-04T21:14:21","guid":{"rendered":"http:\/\/www.susannavaris.com\/blogg\/?p=2623"},"modified":"2011-10-04T23:14:21","modified_gmt":"2011-10-04T21:14:21","slug":"kvallskvist","status":"publish","type":"post","link":"http:\/\/www.susannavaris.com\/blogg\/2011\/10\/kvallskvist\/","title":{"rendered":"Kv\u00e4llskvist"},"content":{"rendered":"<p><a href=\"http:\/\/www.susannavaris.com\/blogg\/wp-content\/uploads\/2011\/10\/dekadens.jpg\"><img loading=\"lazy\" decoding=\"async\" class=\"aligncenter size-full wp-image-2624\" title=\"dekadens\" src=\"http:\/\/www.susannavaris.com\/blogg\/wp-content\/uploads\/2011\/10\/dekadens.jpg\" alt=\"\" width=\"590\" height=\"343\" srcset=\"http:\/\/www.susannavaris.com\/blogg\/wp-content\/uploads\/2011\/10\/dekadens.jpg 590w, http:\/\/www.susannavaris.com\/blogg\/wp-content\/uploads\/2011\/10\/dekadens-300x174.jpg 300w\" sizes=\"auto, (max-width: 590px) 100vw, 590px\" \/><\/a><em>Dekadens. Korka upp champagnen, l\u00e5t orkestern spela&#8230;snart sjunker vi allihop \u00e4nd\u00e5!<\/em><\/p>\n<p>Dekadens. Jag t\u00e4nker p\u00e5 dekadens ikv\u00e4ll efter att ha sett senaste programmet av Debatt p\u00e5 SVT Play. En glad, tecknad, sned\u00f6gd figur f\u00e5r inte finnas p\u00e5 Fazers kinapuffsp\u00e5se. Herregud&#8230;d\u00e5 \u00e4r det allts\u00e5 rasistiskt att teckna en seriefigur som ser asiatisk ut? Killen som fr\u00e5n b\u00f6rjan startade debatten tyckte sj\u00e4lv att l\u00e5ngt viktigare publikfr\u00e5ga hade varit: &#8221;\u00c4r det r\u00e4tt att skrika kinesj\u00e4vel efter en person med asiatiskt utseende?&#8221; Med tanke p\u00e5 alla blondinvitser och nidbilder i form av sexistiska serieteckningar etc p\u00e5 blonda kvinnor borde jag v\u00e4l redan f\u00f6r l\u00e4nge sedan ha br\u00e4nt beh\u00e5n och st\u00e4llt mig p\u00e5 barrikaderna med mina blonda medsystrar&#8230;<\/p>\n<p>Men det \u00e4r inte detta som upptar mina tankar nu ikv\u00e4ll. Det \u00e4r debatten som sedan f\u00f6ljde och som handlade om ungdomsarbetsl\u00f6sheten. 60 &#8211; 70-talsgenerationen blev den f\u00f6rsta att f\u00e5 det s\u00e4mre \u00e4n sina f\u00f6r\u00e4ldrar och nedg\u00e5ngen i materiell standard \u00e4r d\u00e4rmed inledd. Samtidigt pumpar media dygnet runt ut bilden av den lyckade individen; mer, st\u00f6rre, b\u00e4ttre. Den bilden kommer inte att g\u00e4lla alla. Inte n\u00e4r st\u00f6rre delen av v\u00e4rlden \u00e4r beredd att g\u00f6ra v\u00e5ra jobb f\u00f6r br\u00e5kdelen av pengarna. S\u00e5 vad ska vi hitta p\u00e5 h\u00e4ruppe? Mer exporterbar genusforskning? Mer skattefinansierade jobb i offentliga sektorn? Mera utbildning i all \u00e4ra, men v\u00e4rlden kryllar av billiga akademiker, det enda som g\u00f6r att de svenska akademikerna fortfarande har jobb \u00e4r den svenska, l\u00e5t oss s\u00e4ga, skepsisen inf\u00f6r folk som ser annorlunda ut och framf\u00f6rallt inte talar perfekt stockholmska. Lite tillspetsat.<\/p>\n<p>Vi beh\u00f6ver f\u00f6retag, k\u00e4ra v\u00e4nner, fler f\u00f6retag. Fler exporterbara id\u00e9er. Inte skatteh\u00f6jningar och fler skattefinansierade jobb, Sverige kan inte skatta sig in i framtiden. Det borde vara mycket enkelt att f\u00f6rst\u00e5. Utan f\u00f6retag, id\u00e9er, exportinkomster, momsinkomster fr\u00e5n f\u00f6rs\u00e4ljning av produkter eller tj\u00e4nster existerar inga skatter att finansiera de offentliga jobben med. D\u00e4rf\u00f6r anser jag att den f\u00f6retags- och f\u00f6retagarfientliga inst\u00e4llningen fr\u00e5n v\u00e4nstern \u00e4r fatal. Vad finns det f\u00f6r egenv\u00e4rde i att betrakta f\u00f6retag som fienden per definition? Varf\u00f6r denna f\u00f6rakt f\u00f6r m\u00e4nniskor som f\u00f6rverkligar sina id\u00e9er, startar f\u00f6retag, kanske tom skapar jobb \u00e5t andra och som finansierar all denna v\u00e5rd-skola-omsorg som man s\u00e5 mycket m\u00e5nar om? \u00c5terigen, allt detta borde vara sj\u00e4lvklarheter men tycks l\u00e5ngt ifr\u00e5n vara det i vissa sammanhang.<\/p>\n<p>Det \u00e4r bittert att inse att f\u00f6r varje generation kommer vi h\u00e4danefter f\u00f6rmodligen f\u00e5 mindre och mindre att r\u00f6ra oss med. Allts\u00e5 borde goda r\u00e5d vara extra dyra. Finns det en framtid f\u00f6r Europa? Finns det en framtid f\u00f6r Sverige? Ett \u00e4r s\u00e4kert; den framtiden kommer inte att serveras p\u00e5 silverfat av en curlande stat. Den skapar vi alla sj\u00e4lva.<\/p>\n","protected":false},"excerpt":{"rendered":"<p>Dekadens. Korka upp champagnen, l\u00e5t orkestern spela&#8230;snart sjunker vi allihop \u00e4nd\u00e5! Dekadens. Jag t\u00e4nker p\u00e5 dekadens ikv\u00e4ll efter att ha sett senaste programmet av Debatt p\u00e5 SVT Play. En glad, tecknad, sned\u00f6gd figur f\u00e5r inte finnas p\u00e5 Fazers kinapuffsp\u00e5se. Herregud&#8230;d\u00e5 &hellip; <a href=\"http:\/\/www.susannavaris.com\/blogg\/2011\/10\/kvallskvist\/\">Forts\u00e4tt l\u00e4sa <span class=\"meta-nav\">&rarr;<\/span><\/a><\/p>\n","protected":false},"author":1,"featured_media":0,"comment_status":"open","ping_status":"open","sticky":false,"template":"","format":"standard","meta":{"footnotes":""},"categories":[181,259,674,3,589,1,590,384],"tags":[724,719,721,720,722,723],"class_list":["post-2623","post","type-post","status-publish","format-standard","hentry","category-feminism","category-genusvetenskap","category-historia","category-konst","category-medier","category-okategoriserade","category-politik","category-tv","tag-blondinskamt","tag-debatt","tag-fazer","tag-kinapuff","tag-rasism","tag-sexism"],"_links":{"self":[{"href":"http:\/\/www.susannavaris.com\/blogg\/wp-json\/wp\/v2\/posts\/2623","targetHints":{"allow":["GET"]}}],"collection":[{"href":"http:\/\/www.susannavaris.com\/blogg\/wp-json\/wp\/v2\/posts"}],"about":[{"href":"http:\/\/www.susannavaris.com\/blogg\/wp-json\/wp\/v2\/types\/post"}],"author":[{"embeddable":true,"href":"http:\/\/www.susannavaris.com\/blogg\/wp-json\/wp\/v2\/users\/1"}],"replies":[{"embeddable":true,"href":"http:\/\/www.susannavaris.com\/blogg\/wp-json\/wp\/v2\/comments?post=2623"}],"version-history":[{"count":2,"href":"http:\/\/www.susannavaris.com\/blogg\/wp-json\/wp\/v2\/posts\/2623\/revisions"}],"predecessor-version":[{"id":2626,"href":"http:\/\/www.susannavaris.com\/blogg\/wp-json\/wp\/v2\/posts\/2623\/revisions\/2626"}],"wp:attachment":[{"href":"http:\/\/www.susannavaris.com\/blogg\/wp-json\/wp\/v2\/media?parent=2623"}],"wp:term":[{"taxonomy":"category","embeddable":true,"href":"http:\/\/www.susannavaris.com\/blogg\/wp-json\/wp\/v2\/categories?post=2623"},{"taxonomy":"post_tag","embeddable":true,"href":"http:\/\/www.susannavaris.com\/blogg\/wp-json\/wp\/v2\/tags?post=2623"}],"curies":[{"name":"wp","href":"https:\/\/api.w.org\/{rel}","templated":true}]}}