{"id":2628,"date":"2011-10-06T13:13:02","date_gmt":"2011-10-06T11:13:02","guid":{"rendered":"http:\/\/www.susannavaris.com\/blogg\/?p=2628"},"modified":"2011-10-06T13:13:02","modified_gmt":"2011-10-06T11:13:02","slug":"marie-curie-pa-nobelmuseet","status":"publish","type":"post","link":"http:\/\/www.susannavaris.com\/blogg\/2011\/10\/marie-curie-pa-nobelmuseet\/","title":{"rendered":"Marie Curie p\u00e5 Nobelmus\u00e9et"},"content":{"rendered":"<p style=\"text-align: center;\"><a href=\"http:\/\/www.susannavaris.com\/blogg\/wp-content\/uploads\/2011\/10\/11100501-50.jpg\"><img loading=\"lazy\" decoding=\"async\" class=\"aligncenter size-large wp-image-2629\" title=\"11100501-50\" src=\"http:\/\/www.susannavaris.com\/blogg\/wp-content\/uploads\/2011\/10\/11100501-50-682x1024.jpg\" alt=\"\" width=\"640\" height=\"960\" srcset=\"http:\/\/www.susannavaris.com\/blogg\/wp-content\/uploads\/2011\/10\/11100501-50-682x1024.jpg 682w, http:\/\/www.susannavaris.com\/blogg\/wp-content\/uploads\/2011\/10\/11100501-50-200x300.jpg 200w, http:\/\/www.susannavaris.com\/blogg\/wp-content\/uploads\/2011\/10\/11100501-50.jpg 1536w\" sizes=\"auto, (max-width: 640px) 100vw, 640px\" \/><\/a><em>Framf\u00f6r Nobelmus\u00e9et, Stortorget. Foto: Ulf Holm\u00e9n<\/em><\/p>\n<p>P\u00e5 arbetet delas det ut ledigheter. Om man \u00e4r lyckligt lottad och har s\u00e5dant att ta ut, vilket jag \u00e4r och var allts\u00e5 ledig fr\u00e5n den r\u00e4kningsbetalande delen av mitt liv. Uppv\u00e4ckt 8.15 av n\u00e5gon av husets alla inv\u00e5nare med CDD (Compulsive Drilling Disorder), frukost, \u00e5terupplivningsf\u00f6rs\u00f6k p\u00e5 liten dator, Norton-installation p\u00e5 stor dator, smink, fix och mot huvudstaden.<\/p>\n<p>Vackert v\u00e4der!<\/p>\n<p style=\"text-align: center;\"><a href=\"http:\/\/www.susannavaris.com\/blogg\/wp-content\/uploads\/2011\/10\/marie-curie-905_0.png\"><img loading=\"lazy\" decoding=\"async\" class=\"aligncenter size-full wp-image-2630\" title=\"marie-curie-905_0\" src=\"http:\/\/www.susannavaris.com\/blogg\/wp-content\/uploads\/2011\/10\/marie-curie-905_0.png\" alt=\"\" width=\"460\" height=\"244\" srcset=\"http:\/\/www.susannavaris.com\/blogg\/wp-content\/uploads\/2011\/10\/marie-curie-905_0.png 460w, http:\/\/www.susannavaris.com\/blogg\/wp-content\/uploads\/2011\/10\/marie-curie-905_0-300x159.png 300w\" sizes=\"auto, (max-width: 460px) 100vw, 460px\" \/><\/a><em>Marie Sklodowska Curie<\/em><\/p>\n<p>F\u00f6rst till Nobelmus\u00e9et och utst\u00e4llningen om Marie Curie. Fru Curie, som i h\u00f6gsta grad bidrog\u00a0till att sl\u00e5 h\u00e5l p\u00e5 uppfattningen om atomens odelbarhet. Hennes banbrytande id\u00e9 var att radioaktivitet var en atom\u00e4r egenskap, inte en kemisk. I \u00e5r \u00e4r det 100 \u00e5r sedan Marie Curie mottog sitt andra nobelpris (den g\u00e5ngen i kemi, den f\u00f6rsta erh\u00f6ll hon i fysik), f\u00f6r uppt\u00e4ckterna av radium och polonium.<\/p>\n<p>Marie (Sklodowska) Curie f\u00f6ddes 1867 i Warzawa, i ryska Polen. Fadern, en fysiker och matematiker, hade f\u00f6rlorat st\u00f6rre delen av sin f\u00f6rm\u00f6genhet. Marie Curie utm\u00e4rkte sig tidigt som en briljant och flitig student och fick sedermera med hj\u00e4lp av ekonomiskt st\u00f6d fr\u00e5n sin syster studera vid Sorbonne i Paris, d\u00e4r hon kom att bli den f\u00f6rsta kvinnliga professorn.<\/p>\n<p style=\"text-align: center;\"><a href=\"http:\/\/www.susannavaris.com\/blogg\/wp-content\/uploads\/2011\/10\/480px-Sklodowski_Family_Wladyslaw_and_his_daughters_Maria_Bronislawa_Helena.jpg\"><img loading=\"lazy\" decoding=\"async\" class=\"aligncenter size-full wp-image-2634\" title=\"480px-Sklodowski_Family_Wladyslaw_and_his_daughters_Maria_Bronislawa_Helena\" src=\"http:\/\/www.susannavaris.com\/blogg\/wp-content\/uploads\/2011\/10\/480px-Sklodowski_Family_Wladyslaw_and_his_daughters_Maria_Bronislawa_Helena.jpg\" alt=\"\" width=\"480\" height=\"600\" srcset=\"http:\/\/www.susannavaris.com\/blogg\/wp-content\/uploads\/2011\/10\/480px-Sklodowski_Family_Wladyslaw_and_his_daughters_Maria_Bronislawa_Helena.jpg 480w, http:\/\/www.susannavaris.com\/blogg\/wp-content\/uploads\/2011\/10\/480px-Sklodowski_Family_Wladyslaw_and_his_daughters_Maria_Bronislawa_Helena-240x300.jpg 240w\" sizes=\"auto, (max-width: 480px) 100vw, 480px\" \/><\/a><em>Familjen Sklodowski. Wladyslav och d\u00f6ttrarna Maria, Bronislawa och Helena.<\/em><\/p>\n<p style=\"text-align: center;\"><a href=\"http:\/\/www.susannavaris.com\/blogg\/wp-content\/uploads\/2011\/10\/DSC_0057-50.jpg\"><img loading=\"lazy\" decoding=\"async\" class=\"aligncenter size-large wp-image-2635\" title=\"DSC_0057-50\" src=\"http:\/\/www.susannavaris.com\/blogg\/wp-content\/uploads\/2011\/10\/DSC_0057-50-740x1024.jpg\" alt=\"\" width=\"640\" height=\"885\" srcset=\"http:\/\/www.susannavaris.com\/blogg\/wp-content\/uploads\/2011\/10\/DSC_0057-50-740x1024.jpg 740w, http:\/\/www.susannavaris.com\/blogg\/wp-content\/uploads\/2011\/10\/DSC_0057-50-216x300.jpg 216w, http:\/\/www.susannavaris.com\/blogg\/wp-content\/uploads\/2011\/10\/DSC_0057-50.jpg 1408w\" sizes=\"auto, (max-width: 640px) 100vw, 640px\" \/><\/a><em>En del urklipp fanns att besk\u00e5da p\u00e5 utst\u00e4llningen. Jag hade g\u00e4rna sett fler personliga f\u00f6rem\u00e5l, men tydligen f\u00f6rvaras t ex hennes anteckningsb\u00f6cker i blyl\u00e5dor pga str\u00e5lningsrisken. En hel del av urklippen handlade, som v\u00e4ntat kanske, om hennes privatliv och det faktumet att hon \u00e4r kvinna. Marie Curie var dock inte feminist, hon ans\u00e5g att kompentensen var det avg\u00f6rande. (H\u00e4r g\u00f6r ju m\u00e5nga tankefelet att kompetens p\u00e5 n\u00e5got s\u00e4tt st\u00e5r i motsatsf\u00f6rh\u00e5llande till kvinna. I realiteten \u00e4r det inte en objektiv kompetens som avspeglar sig i t ex styrelsesammans\u00e4ttningarna&#8230;)<\/em><\/p>\n<p style=\"text-align: center;\"><a href=\"http:\/\/www.susannavaris.com\/blogg\/wp-content\/uploads\/2011\/10\/DSC_0060-50.jpg\"><img loading=\"lazy\" decoding=\"async\" class=\"aligncenter size-large wp-image-2636\" title=\"DSC_0060-50\" src=\"http:\/\/www.susannavaris.com\/blogg\/wp-content\/uploads\/2011\/10\/DSC_0060-50-682x1024.jpg\" alt=\"\" width=\"640\" height=\"960\" srcset=\"http:\/\/www.susannavaris.com\/blogg\/wp-content\/uploads\/2011\/10\/DSC_0060-50-682x1024.jpg 682w, http:\/\/www.susannavaris.com\/blogg\/wp-content\/uploads\/2011\/10\/DSC_0060-50-200x300.jpg 200w, http:\/\/www.susannavaris.com\/blogg\/wp-content\/uploads\/2011\/10\/DSC_0060-50.jpg 1536w\" sizes=\"auto, (max-width: 640px) 100vw, 640px\" \/><\/a><em>Marie Curie med bl a en ung Einstein under den f\u00f6rsta Solvaykonferensen 1911.\u00a0<\/em><\/p>\n<p style=\"text-align: center;\"><a href=\"http:\/\/www.susannavaris.com\/blogg\/wp-content\/uploads\/2011\/10\/DSC_0062-50.jpg\"><img loading=\"lazy\" decoding=\"async\" class=\"aligncenter size-large wp-image-2637\" title=\"DSC_0062-50\" src=\"http:\/\/www.susannavaris.com\/blogg\/wp-content\/uploads\/2011\/10\/DSC_0062-50-1024x682.jpg\" alt=\"\" width=\"640\" height=\"426\" srcset=\"http:\/\/www.susannavaris.com\/blogg\/wp-content\/uploads\/2011\/10\/DSC_0062-50-1024x682.jpg 1024w, http:\/\/www.susannavaris.com\/blogg\/wp-content\/uploads\/2011\/10\/DSC_0062-50-300x200.jpg 300w\" sizes=\"auto, (max-width: 640px) 100vw, 640px\" \/><\/a><em>Uffe f\u00f6rdjupar sig i en dramatisering av Marie Curies arbete.<\/em><\/p>\n<p style=\"text-align: center;\"><a href=\"http:\/\/www.susannavaris.com\/blogg\/wp-content\/uploads\/2011\/10\/DSC_0058-50.jpg\"><img loading=\"lazy\" decoding=\"async\" class=\"aligncenter size-large wp-image-2638\" title=\"DSC_0058-50\" src=\"http:\/\/www.susannavaris.com\/blogg\/wp-content\/uploads\/2011\/10\/DSC_0058-50-1024x682.jpg\" alt=\"\" width=\"640\" height=\"426\" srcset=\"http:\/\/www.susannavaris.com\/blogg\/wp-content\/uploads\/2011\/10\/DSC_0058-50-1024x682.jpg 1024w, http:\/\/www.susannavaris.com\/blogg\/wp-content\/uploads\/2011\/10\/DSC_0058-50-300x200.jpg 300w\" sizes=\"auto, (max-width: 640px) 100vw, 640px\" \/><\/a><em>Nobelprisdiplomet.<\/em><\/p>\n<p style=\"text-align: center;\"><a href=\"http:\/\/www.susannavaris.com\/blogg\/wp-content\/uploads\/2011\/10\/DSC_0064-50.jpg\"><img loading=\"lazy\" decoding=\"async\" class=\"aligncenter size-large wp-image-2639\" title=\"DSC_0064-50\" src=\"http:\/\/www.susannavaris.com\/blogg\/wp-content\/uploads\/2011\/10\/DSC_0064-50-1024x682.jpg\" alt=\"\" width=\"640\" height=\"426\" srcset=\"http:\/\/www.susannavaris.com\/blogg\/wp-content\/uploads\/2011\/10\/DSC_0064-50-1024x682.jpg 1024w, http:\/\/www.susannavaris.com\/blogg\/wp-content\/uploads\/2011\/10\/DSC_0064-50-300x200.jpg 300w\" sizes=\"auto, (max-width: 640px) 100vw, 640px\" \/><\/a><em>En installation som baseras p\u00e5 en anekdot fr\u00e5n Madame Curies liv. Vid ett tillf\u00e4lle p\u00e5 ett gods ute p\u00e5 landet spelade Marie Curie med en v\u00e4ninna ett spratt f\u00f6r tr\u00e4dg\u00e5rdsm\u00e4staren genom att spika upp all m\u00f6blemang i taket n\u00e4r han inte var p\u00e5 plats&#8230;<\/em><\/p>\n<p style=\"text-align: center;\"><a href=\"http:\/\/www.susannavaris.com\/blogg\/wp-content\/uploads\/2011\/10\/DSC_0066-50.jpg\"><img loading=\"lazy\" decoding=\"async\" class=\"aligncenter size-large wp-image-2640\" title=\"DSC_0066-50\" src=\"http:\/\/www.susannavaris.com\/blogg\/wp-content\/uploads\/2011\/10\/DSC_0066-50-1024x682.jpg\" alt=\"\" width=\"640\" height=\"426\" srcset=\"http:\/\/www.susannavaris.com\/blogg\/wp-content\/uploads\/2011\/10\/DSC_0066-50-1024x682.jpg 1024w, http:\/\/www.susannavaris.com\/blogg\/wp-content\/uploads\/2011\/10\/DSC_0066-50-300x200.jpg 300w\" sizes=\"auto, (max-width: 640px) 100vw, 640px\" \/><\/a><em>En konstfilm som beskriver Marie Curies liv ur feministiskt\/socioekonomiskt perspektiv; &#8221;Marie Curies G\u00e4st&#8221; av Sarah Gampel. Spindlar och kryp och \u00e4ven Marie Curie som omvandlas till en spindel ger tydliga Louise Bourgeois-associationer&#8230;<\/em><\/p>\n<p style=\"text-align: center;\"><a href=\"http:\/\/www.susannavaris.com\/blogg\/wp-content\/uploads\/2011\/10\/DSC_0067-50.jpg\"><img loading=\"lazy\" decoding=\"async\" class=\"aligncenter size-large wp-image-2641\" title=\"DSC_0067-50\" src=\"http:\/\/www.susannavaris.com\/blogg\/wp-content\/uploads\/2011\/10\/DSC_0067-50-1024x682.jpg\" alt=\"\" width=\"640\" height=\"426\" srcset=\"http:\/\/www.susannavaris.com\/blogg\/wp-content\/uploads\/2011\/10\/DSC_0067-50-1024x682.jpg 1024w, http:\/\/www.susannavaris.com\/blogg\/wp-content\/uploads\/2011\/10\/DSC_0067-50-300x200.jpg 300w\" sizes=\"auto, (max-width: 640px) 100vw, 640px\" \/><\/a><em>Tar del av spindelfilmen&#8230;<\/em><\/p>\n<p style=\"text-align: center;\"><a href=\"http:\/\/www.susannavaris.com\/blogg\/wp-content\/uploads\/2011\/10\/DSC_0069-50.jpg\"><img loading=\"lazy\" decoding=\"async\" class=\"aligncenter size-large wp-image-2642\" title=\"DSC_0069-50\" src=\"http:\/\/www.susannavaris.com\/blogg\/wp-content\/uploads\/2011\/10\/DSC_0069-50-1024x748.jpg\" alt=\"\" width=\"640\" height=\"467\" srcset=\"http:\/\/www.susannavaris.com\/blogg\/wp-content\/uploads\/2011\/10\/DSC_0069-50-1024x748.jpg 1024w, http:\/\/www.susannavaris.com\/blogg\/wp-content\/uploads\/2011\/10\/DSC_0069-50-300x219.jpg 300w, http:\/\/www.susannavaris.com\/blogg\/wp-content\/uploads\/2011\/10\/DSC_0069-50.jpg 1910w\" sizes=\"auto, (max-width: 640px) 100vw, 640px\" \/><\/a><em>Man f\u00e5r testa en geigerm\u00e4tare p\u00e5 ett prov av 106 gr Pechbl\u00e4nde (uraninit). Det var just uraninit som marie Curie studerade och uppt\u00e4ckte att det avgav en starkare radioaktiv str\u00e5lning \u00e4n uran. detta ledde till uppt\u00e4ckten av grund\u00e4mnet polonium.<\/em><\/p>\n<p style=\"text-align: center;\"><a href=\"http:\/\/www.susannavaris.com\/blogg\/wp-content\/uploads\/2011\/10\/DSC_0070-50.jpg\"><img loading=\"lazy\" decoding=\"async\" class=\"aligncenter size-large wp-image-2643\" title=\"DSC_0070-50\" src=\"http:\/\/www.susannavaris.com\/blogg\/wp-content\/uploads\/2011\/10\/DSC_0070-50-682x1024.jpg\" alt=\"\" width=\"640\" height=\"960\" srcset=\"http:\/\/www.susannavaris.com\/blogg\/wp-content\/uploads\/2011\/10\/DSC_0070-50-682x1024.jpg 682w, http:\/\/www.susannavaris.com\/blogg\/wp-content\/uploads\/2011\/10\/DSC_0070-50-200x300.jpg 200w, http:\/\/www.susannavaris.com\/blogg\/wp-content\/uploads\/2011\/10\/DSC_0070-50.jpg 1536w\" sizes=\"auto, (max-width: 640px) 100vw, 640px\" \/><\/a><a href=\"http:\/\/www.susannavaris.com\/blogg\/wp-content\/uploads\/2011\/10\/DSC_0071-50.jpg\"><img loading=\"lazy\" decoding=\"async\" class=\"aligncenter size-large wp-image-2644\" title=\"DSC_0071-50\" src=\"http:\/\/www.susannavaris.com\/blogg\/wp-content\/uploads\/2011\/10\/DSC_0071-50-682x1024.jpg\" alt=\"\" width=\"640\" height=\"960\" srcset=\"http:\/\/www.susannavaris.com\/blogg\/wp-content\/uploads\/2011\/10\/DSC_0071-50-682x1024.jpg 682w, http:\/\/www.susannavaris.com\/blogg\/wp-content\/uploads\/2011\/10\/DSC_0071-50-200x300.jpg 200w, http:\/\/www.susannavaris.com\/blogg\/wp-content\/uploads\/2011\/10\/DSC_0071-50.jpg 1536w\" sizes=\"auto, (max-width: 640px) 100vw, 640px\" \/><\/a><em>Vackert uranglas&#8230;<\/em><\/p>\n<p style=\"text-align: center;\"><a href=\"http:\/\/www.susannavaris.com\/blogg\/wp-content\/uploads\/2011\/10\/DSC_0072-50.jpg\"><img loading=\"lazy\" decoding=\"async\" class=\"aligncenter size-large wp-image-2645\" title=\"DSC_0072-50\" src=\"http:\/\/www.susannavaris.com\/blogg\/wp-content\/uploads\/2011\/10\/DSC_0072-50-1024x682.jpg\" alt=\"\" width=\"640\" height=\"426\" srcset=\"http:\/\/www.susannavaris.com\/blogg\/wp-content\/uploads\/2011\/10\/DSC_0072-50-1024x682.jpg 1024w, http:\/\/www.susannavaris.com\/blogg\/wp-content\/uploads\/2011\/10\/DSC_0072-50-300x200.jpg 300w\" sizes=\"auto, (max-width: 640px) 100vw, 640px\" \/><\/a><em>Givetvis \u00e4r sk\u00f6nhetsindustrin alltid p\u00e5 hugget n\u00e4r det g\u00e4ller nya mirakelkurer&#8230;radioaktivt smink. Foton: Susanna Varis<\/em><\/p>\n<p style=\"text-align: center;\"><a href=\"http:\/\/www.susannavaris.com\/blogg\/wp-content\/uploads\/2011\/10\/DSC_0080-50.jpg\"><img loading=\"lazy\" decoding=\"async\" class=\"aligncenter size-large wp-image-2646\" title=\"DSC_0080-50\" src=\"http:\/\/www.susannavaris.com\/blogg\/wp-content\/uploads\/2011\/10\/DSC_0080-50-682x1024.jpg\" alt=\"\" width=\"640\" height=\"960\" srcset=\"http:\/\/www.susannavaris.com\/blogg\/wp-content\/uploads\/2011\/10\/DSC_0080-50-682x1024.jpg 682w, http:\/\/www.susannavaris.com\/blogg\/wp-content\/uploads\/2011\/10\/DSC_0080-50-200x300.jpg 200w, http:\/\/www.susannavaris.com\/blogg\/wp-content\/uploads\/2011\/10\/DSC_0080-50.jpg 1536w\" sizes=\"auto, (max-width: 640px) 100vw, 640px\" \/><\/a><em>N\u00e5gra av Mme Curies instrument. Elektrometer, jonisationskammare och kvartskristallv\u00e5g. Foto: Susanna Varis<\/em><\/p>\n<p style=\"text-align: left;\">Utst\u00e4llningen s\u00e5g f\u00f6rst inte s\u00e5 omfattande ut, men om man tar sig tid att l\u00e4sa, titta p\u00e5 filmer och s\u00e4tta sig in i de olika punkterna \u00e4r den b\u00e5de rolig och l\u00e4rorik. Jag hade, som sagt, g\u00e4rna sett fler f\u00f6rem\u00e5l och kanske tom n\u00e5gon av hennes ber\u00f6mda, svarta kl\u00e4nningar, men jag antar att f\u00f6rem\u00e5len helt enkelt inte finns, eller \u00e4r f\u00f6r ohanterbara. Marie Curie dog ju ocks\u00e5 i en sjukdom troligtvis orsakad av hennes forskning.<\/p>\n<p style=\"text-align: left;\">Utst\u00e4llningen \u00e4r tematisk och kan beh\u00f6va komplettering f\u00f6r djupare f\u00f6rst\u00e5else. Sj\u00e4lv har jag en gammal biografi som Marie Curies dotter, Eve Curie skrivit om sin mor. Den heter p\u00e5 finska \u00c4itini, Marie Curie, allts\u00e5 Min Mor, Marie Curie. F\u00e5r ni tag p\u00e5 den s\u00e5 rekommenderar jag den varmt.<\/p>\n<p style=\"text-align: left;\">En utst\u00e4llning avbetad, men v\u00e5r dag hade bara b\u00f6rjat. N\u00e4sta punkt p\u00e5 dagordningen var Liljevalchs och utst\u00e4llningen Helvete&#8230;<\/p>\n<p style=\"text-align: left;\"><a href=\"http:\/\/www.svd.se\/kultur\/scen\/utstallning-om-curie-tappar-den-roda-traden_6524704.svd\">http:\/\/www.svd.se\/kultur\/scen\/utstallning-om-curie-tappar-den-roda-traden_6524704.svd<\/a><\/p>\n<p style=\"text-align: left;\">\n<p style=\"text-align: left;\"><a href=\"http:\/\/www.dn.se\/nyheter\/vetenskap\/hundra-ar-av-radioaktivitet\">http:\/\/www.dn.se\/nyheter\/vetenskap\/hundra-ar-av-radioaktivitet<\/a><\/p>\n<p style=\"text-align: left;\">\n","protected":false},"excerpt":{"rendered":"<p>Framf\u00f6r Nobelmus\u00e9et, Stortorget. Foto: Ulf Holm\u00e9n P\u00e5 arbetet delas det ut ledigheter. Om man \u00e4r lyckligt lottad och har s\u00e5dant att ta ut, vilket jag \u00e4r och var allts\u00e5 ledig fr\u00e5n den r\u00e4kningsbetalande delen av mitt liv. Uppv\u00e4ckt 8.15 av &hellip; <a href=\"http:\/\/www.susannavaris.com\/blogg\/2011\/10\/marie-curie-pa-nobelmuseet\/\">Forts\u00e4tt l\u00e4sa <span class=\"meta-nav\">&rarr;<\/span><\/a><\/p>\n","protected":false},"author":1,"featured_media":0,"comment_status":"open","ping_status":"open","sticky":false,"template":"","format":"standard","meta":{"footnotes":""},"categories":[181,259,674,13,1,590,4,117],"tags":[731,660,725,726,729,727,730,733,732,728],"class_list":["post-2628","post","type-post","status-publish","format-standard","hentry","category-feminism","category-genusvetenskap","category-historia","category-inspiration","category-okategoriserade","category-politik","category-utstallning","category-vetenskap","tag-einstein","tag-marie-curie","tag-nobelmuseet","tag-nobelmuseum","tag-pechblande","tag-polonium","tag-radium","tag-sarah-gampel","tag-solvaykonferensen","tag-uran"],"_links":{"self":[{"href":"http:\/\/www.susannavaris.com\/blogg\/wp-json\/wp\/v2\/posts\/2628","targetHints":{"allow":["GET"]}}],"collection":[{"href":"http:\/\/www.susannavaris.com\/blogg\/wp-json\/wp\/v2\/posts"}],"about":[{"href":"http:\/\/www.susannavaris.com\/blogg\/wp-json\/wp\/v2\/types\/post"}],"author":[{"embeddable":true,"href":"http:\/\/www.susannavaris.com\/blogg\/wp-json\/wp\/v2\/users\/1"}],"replies":[{"embeddable":true,"href":"http:\/\/www.susannavaris.com\/blogg\/wp-json\/wp\/v2\/comments?post=2628"}],"version-history":[{"count":6,"href":"http:\/\/www.susannavaris.com\/blogg\/wp-json\/wp\/v2\/posts\/2628\/revisions"}],"predecessor-version":[{"id":2649,"href":"http:\/\/www.susannavaris.com\/blogg\/wp-json\/wp\/v2\/posts\/2628\/revisions\/2649"}],"wp:attachment":[{"href":"http:\/\/www.susannavaris.com\/blogg\/wp-json\/wp\/v2\/media?parent=2628"}],"wp:term":[{"taxonomy":"category","embeddable":true,"href":"http:\/\/www.susannavaris.com\/blogg\/wp-json\/wp\/v2\/categories?post=2628"},{"taxonomy":"post_tag","embeddable":true,"href":"http:\/\/www.susannavaris.com\/blogg\/wp-json\/wp\/v2\/tags?post=2628"}],"curies":[{"name":"wp","href":"https:\/\/api.w.org\/{rel}","templated":true}]}}