{"id":2650,"date":"2011-10-06T23:01:11","date_gmt":"2011-10-06T21:01:11","guid":{"rendered":"http:\/\/www.susannavaris.com\/blogg\/?p=2650"},"modified":"2011-10-08T13:05:49","modified_gmt":"2011-10-08T11:05:49","slug":"ett-helvete-pa-liljevalchs","status":"publish","type":"post","link":"http:\/\/www.susannavaris.com\/blogg\/2011\/10\/ett-helvete-pa-liljevalchs\/","title":{"rendered":"Helvete p\u00e5 Liljevalchs"},"content":{"rendered":"<p>Forts\u00e4ttning fr\u00e5n f\u00f6rra inl\u00e4gget&#8230;<\/p>\n<p>Fr\u00e5n Nobelmus\u00e9et i Gamla stan till Liljevalchs p\u00e5 Djurg\u00e5rden \u00e4r steget inte s\u00e5 l\u00e5ngt om man anv\u00e4nder sig av djurg\u00e5rdsf\u00e4rjan.<\/p>\n<p style=\"text-align: center;\"><a href=\"http:\/\/www.susannavaris.com\/blogg\/wp-content\/uploads\/2011\/10\/DSC_0081-50.jpg\"><img loading=\"lazy\" decoding=\"async\" class=\"aligncenter size-large wp-image-2651\" title=\"DSC_0081-50\" src=\"http:\/\/www.susannavaris.com\/blogg\/wp-content\/uploads\/2011\/10\/DSC_0081-50-682x1024.jpg\" alt=\"\" width=\"640\" height=\"960\" srcset=\"http:\/\/www.susannavaris.com\/blogg\/wp-content\/uploads\/2011\/10\/DSC_0081-50-682x1024.jpg 682w, http:\/\/www.susannavaris.com\/blogg\/wp-content\/uploads\/2011\/10\/DSC_0081-50-200x300.jpg 200w, http:\/\/www.susannavaris.com\/blogg\/wp-content\/uploads\/2011\/10\/DSC_0081-50.jpg 1536w\" sizes=\"auto, (max-width: 640px) 100vw, 640px\" \/><\/a><em>Gr\u00f6na Lund som g\u00e5tt i vinteride i bakgrunden. Foto: Susanna Varis<\/em><\/p>\n<p style=\"text-align: center;\"><a href=\"http:\/\/www.susannavaris.com\/blogg\/wp-content\/uploads\/2011\/10\/DSC_0083-50.jpg\"><img loading=\"lazy\" decoding=\"async\" class=\"aligncenter size-large wp-image-2652\" title=\"DSC_0083-50\" src=\"http:\/\/www.susannavaris.com\/blogg\/wp-content\/uploads\/2011\/10\/DSC_0083-50-1024x682.jpg\" alt=\"\" width=\"640\" height=\"426\" srcset=\"http:\/\/www.susannavaris.com\/blogg\/wp-content\/uploads\/2011\/10\/DSC_0083-50-1024x682.jpg 1024w, http:\/\/www.susannavaris.com\/blogg\/wp-content\/uploads\/2011\/10\/DSC_0083-50-300x200.jpg 300w\" sizes=\"auto, (max-width: 640px) 100vw, 640px\" \/><\/a><em>Ibland \u00e4r kollektivtrafiken en fr\u00f6jd&#8230;Foto: Susanna Varis<\/em><\/p>\n<p style=\"text-align: center;\"><a href=\"http:\/\/www.susannavaris.com\/blogg\/wp-content\/uploads\/2011\/10\/liljevalchs_exterior_eftermiddagsljus-50.jpg\"><img loading=\"lazy\" decoding=\"async\" class=\"aligncenter size-large wp-image-2655\" title=\"Liljevalchs Konsthall\" src=\"http:\/\/www.susannavaris.com\/blogg\/wp-content\/uploads\/2011\/10\/liljevalchs_exterior_eftermiddagsljus-50-1024x681.jpg\" alt=\"\" width=\"640\" height=\"425\" srcset=\"http:\/\/www.susannavaris.com\/blogg\/wp-content\/uploads\/2011\/10\/liljevalchs_exterior_eftermiddagsljus-50-1024x681.jpg 1024w, http:\/\/www.susannavaris.com\/blogg\/wp-content\/uploads\/2011\/10\/liljevalchs_exterior_eftermiddagsljus-50-300x199.jpg 300w\" sizes=\"auto, (max-width: 640px) 100vw, 640px\" \/><\/a><em>Alla bilder \u00e4r fr\u00e5n Liljevalchs pressbildsarkiv, eftersom jag blev v\u00e4nligt men best\u00e4mt f\u00f6rbjuden att ta n\u00e5gra egna foton.<\/em><\/p>\n<p style=\"text-align: center;\"><a href=\"http:\/\/www.susannavaris.com\/blogg\/wp-content\/uploads\/2011\/10\/DSC_0084-50.jpg\"><img loading=\"lazy\" decoding=\"async\" class=\"aligncenter size-large wp-image-2658\" title=\"DSC_0084-50\" src=\"http:\/\/www.susannavaris.com\/blogg\/wp-content\/uploads\/2011\/10\/DSC_0084-50-682x1024.jpg\" alt=\"\" width=\"640\" height=\"960\" srcset=\"http:\/\/www.susannavaris.com\/blogg\/wp-content\/uploads\/2011\/10\/DSC_0084-50-682x1024.jpg 682w, http:\/\/www.susannavaris.com\/blogg\/wp-content\/uploads\/2011\/10\/DSC_0084-50-200x300.jpg 200w, http:\/\/www.susannavaris.com\/blogg\/wp-content\/uploads\/2011\/10\/DSC_0084-50.jpg 1536w\" sizes=\"auto, (max-width: 640px) 100vw, 640px\" \/><\/a><em>P O Ultvedt, Enklav A, B och C.<\/em><\/p>\n<p style=\"text-align: left;\">I k\u00e4llaren, vid garderoben, fanns denna installation. En liten m\u00e4nniskoliknande figur som med hj\u00e4lp av tunna linor h\u00e4ngde fastsp\u00e4nd i intrikata maskiner, vilkas r\u00f6relser fick figuren att utf\u00f6ra en m\u00e4rklig dans. I foten satt han fast i en l\u00e5ng stav, som i sin tur satt fast i golvet. Illustrerad mekanik. Och mekanikkursen var ju ett helvete (s\u00e4rskilt del III). Lite mera seri\u00f6st taget kom jag att t\u00e4nka p\u00e5 Kafkas Processen, d\u00e4r den anklagade Josef K. f\u00e5r sitt straff inristat p\u00e5 ryggen medelst en apparat i en tortyrliknande session.<\/p>\n<p style=\"text-align: center;\"><a href=\"http:\/\/www.susannavaris.com\/blogg\/wp-content\/uploads\/2011\/10\/holzer_monument_-50.jpg\"><img loading=\"lazy\" decoding=\"async\" class=\"aligncenter size-large wp-image-2656\" title=\"holzer_monument_-50\" src=\"http:\/\/www.susannavaris.com\/blogg\/wp-content\/uploads\/2011\/10\/holzer_monument_-50-1024x785.jpg\" alt=\"\" width=\"640\" height=\"490\" srcset=\"http:\/\/www.susannavaris.com\/blogg\/wp-content\/uploads\/2011\/10\/holzer_monument_-50-1024x785.jpg 1024w, http:\/\/www.susannavaris.com\/blogg\/wp-content\/uploads\/2011\/10\/holzer_monument_-50-300x230.jpg 300w, http:\/\/www.susannavaris.com\/blogg\/wp-content\/uploads\/2011\/10\/holzer_monument_-50.jpg 1613w\" sizes=\"auto, (max-width: 640px) 100vw, 640px\" \/><\/a><em>Jenny Holzer, Monument.\u00a0<\/em><\/p>\n<p style=\"text-align: left;\">I f\u00f6rsta salen m\u00f6ttes vi av Jenny Holzers Monument, som inte riktigt s\u00e5g ut s\u00e5 h\u00e4r, men bilden jag har f\u00e5r jag f\u00f6rmodligen inte publicera. Det var dubbla slingor av reklamtext snurrandes runt, \u00f6ver varann och med texter om v\u00e5ld, krig, arbete, k\u00e4rlek&#8230;jag l\u00e4ser i katalogen att hennes verk har visats i offentliga milj\u00f6er bland annan reklam och d\u00e5 kan den s\u00e4kerligen bli effektiv. Krig och kommers.<\/p>\n<p style=\"text-align: center;\"><a href=\"http:\/\/www.susannavaris.com\/blogg\/wp-content\/uploads\/2011\/10\/sherman_untitled-1986-50.jpg\"><img loading=\"lazy\" decoding=\"async\" class=\"aligncenter size-large wp-image-2657\" title=\"266251_173\" src=\"http:\/\/www.susannavaris.com\/blogg\/wp-content\/uploads\/2011\/10\/sherman_untitled-1986-50-1024x680.jpg\" alt=\"\" width=\"640\" height=\"425\" srcset=\"http:\/\/www.susannavaris.com\/blogg\/wp-content\/uploads\/2011\/10\/sherman_untitled-1986-50-1024x680.jpg 1024w, http:\/\/www.susannavaris.com\/blogg\/wp-content\/uploads\/2011\/10\/sherman_untitled-1986-50-300x199.jpg 300w\" sizes=\"auto, (max-width: 640px) 100vw, 640px\" \/><\/a><em>Cindy Sherman, Untitled<\/em><\/p>\n<p style=\"text-align: center;\"><a href=\"http:\/\/www.susannavaris.com\/blogg\/wp-content\/uploads\/2011\/10\/liljevalchsscendekor-modell-1600tal-50.jpg\"><img loading=\"lazy\" decoding=\"async\" class=\"aligncenter size-large wp-image-2659\" title=\"Helvetet\" src=\"http:\/\/www.susannavaris.com\/blogg\/wp-content\/uploads\/2011\/10\/liljevalchsscendekor-modell-1600tal-50-1024x736.jpg\" alt=\"\" width=\"640\" height=\"460\" srcset=\"http:\/\/www.susannavaris.com\/blogg\/wp-content\/uploads\/2011\/10\/liljevalchsscendekor-modell-1600tal-50-1024x736.jpg 1024w, http:\/\/www.susannavaris.com\/blogg\/wp-content\/uploads\/2011\/10\/liljevalchsscendekor-modell-1600tal-50-300x215.jpg 300w, http:\/\/www.susannavaris.com\/blogg\/wp-content\/uploads\/2011\/10\/liljevalchsscendekor-modell-1600tal-50.jpg 1879w\" sizes=\"auto, (max-width: 640px) 100vw, 640px\" \/><\/a><em>Miniatyrteater med helvetesscen som tillh\u00f6rt Louis XIV.\u00a0<\/em><\/p>\n<p style=\"text-align: left;\">Jag f\u00f6ll s\u00e5 klart genast f\u00f6r teaterkulissen som byggts upp i en av salarna. Det var en kopia av Drottningholms slottsteaters kulisser f\u00f6r helvetesbeskrivningar. I ett h\u00f6rn av salen spelades Don Giovanni fr\u00e5n en upps\u00e4ttning p\u00e5 n\u00e4mnda teater upp p\u00e5 en sk\u00e4rm. Kostymerna och dansen var som tagna ur filmen Amadeus, t\u00e4nk om jag kunde ha f\u00e5tt se den upps\u00e4ttningen i verkligheten&#8230;<\/p>\n<p style=\"text-align: center;\"><a href=\"http:\/\/www.susannavaris.com\/blogg\/wp-content\/uploads\/2011\/10\/moffat_ur-filmen-doomed-2007-50.jpg\"><img loading=\"lazy\" decoding=\"async\" class=\"aligncenter size-full wp-image-2660\" title=\"moffat_ur-filmen-doomed-2007-50\" src=\"http:\/\/www.susannavaris.com\/blogg\/wp-content\/uploads\/2011\/10\/moffat_ur-filmen-doomed-2007-50.jpg\" alt=\"\" width=\"845\" height=\"656\" srcset=\"http:\/\/www.susannavaris.com\/blogg\/wp-content\/uploads\/2011\/10\/moffat_ur-filmen-doomed-2007-50.jpg 845w, http:\/\/www.susannavaris.com\/blogg\/wp-content\/uploads\/2011\/10\/moffat_ur-filmen-doomed-2007-50-300x232.jpg 300w\" sizes=\"auto, (max-width: 845px) 100vw, 845px\" \/><\/a><em>Tracey Moffat, ur filmen Doomed<\/em><\/p>\n<p style=\"text-align: left;\">Helvetet \u00e4r ett bibliskt p\u00e5fund, men har tydligen relevans som begrepp i den moderna v\u00e4rlden. M\u00e5nga av konstn\u00e4rerna avbildar den moderna civilisationens sammanst\u00f6rtning i form av rasande byggnader, kraschande bilar och allm\u00e4n f\u00f6rst\u00f6relse av de fysiska objekten som finns i v\u00e5r omgivning. Jag tycker att det \u00e4r intressant att man \u00e4nd\u00e5 uppfattar f\u00f6rst\u00f6relsen av det moderna samh\u00e4llets fysiska objekt som ett helvete och inte civilisationen i sig. Det \u00e4r samma f\u00f6rest\u00e4llningar om naturkatastrofer och jordens underg\u00e5ng som i bibeln.<\/p>\n<p style=\"text-align: left;\">En del av utst\u00e4llningen k\u00e4ndes mer utstuderat artsy och sade mig inte s\u00e5 mycket. En del gick med lite eller en hel del fantasi att koppla ihop med begreppet helvete, men jag f\u00f6redrar, som den enkla m\u00e4nniska jag \u00e4r, t ex Boschs eller Brueghels helvetesvisioner.<\/p>\n<p style=\"text-align: center;\"><a href=\"http:\/\/www.susannavaris.com\/blogg\/wp-content\/uploads\/2011\/10\/johansen_lv-ur-serien-vanitas-2011-50.jpg\"><img loading=\"lazy\" decoding=\"async\" class=\"aligncenter size-full wp-image-2661\" title=\"johansen_lv-ur-serien-vanitas-2011-50\" src=\"http:\/\/www.susannavaris.com\/blogg\/wp-content\/uploads\/2011\/10\/johansen_lv-ur-serien-vanitas-2011-50.jpg\" alt=\"\" width=\"500\" height=\"500\" srcset=\"http:\/\/www.susannavaris.com\/blogg\/wp-content\/uploads\/2011\/10\/johansen_lv-ur-serien-vanitas-2011-50.jpg 500w, http:\/\/www.susannavaris.com\/blogg\/wp-content\/uploads\/2011\/10\/johansen_lv-ur-serien-vanitas-2011-50-150x150.jpg 150w, http:\/\/www.susannavaris.com\/blogg\/wp-content\/uploads\/2011\/10\/johansen_lv-ur-serien-vanitas-2011-50-300x300.jpg 300w\" sizes=\"auto, (max-width: 500px) 100vw, 500px\" \/><\/a><em>Hans J\u00f6rgen Johansen, Louis Vuitton ur serien Vanitas<\/em><\/p>\n<p style=\"text-align: left;\">Hans J\u00f6rgen Johansen hade \u00e4ven de fyra elementen representerade i form av blod, aska, m\u00f6gel och fett. Konsumtionskritik och f\u00f6rg\u00e4nglighet. Hamnar man i helvetet om man \u00e4r f\u00e5f\u00e4ng och k\u00f6per en Louis Vuitton-v\u00e4ska? F\u00e5f\u00e4nga \u00e4r ingen d\u00f6dssynd, men d\u00e4remot avund&#8230;<\/p>\n<p style=\"text-align: center;\"><a href=\"http:\/\/www.susannavaris.com\/blogg\/wp-content\/uploads\/2011\/10\/DSC_0087-50.jpg\"><img loading=\"lazy\" decoding=\"async\" class=\"aligncenter size-large wp-image-2662\" title=\"DSC_0087-50\" src=\"http:\/\/www.susannavaris.com\/blogg\/wp-content\/uploads\/2011\/10\/DSC_0087-50-1024x682.jpg\" alt=\"\" width=\"640\" height=\"426\" srcset=\"http:\/\/www.susannavaris.com\/blogg\/wp-content\/uploads\/2011\/10\/DSC_0087-50-1024x682.jpg 1024w, http:\/\/www.susannavaris.com\/blogg\/wp-content\/uploads\/2011\/10\/DSC_0087-50-300x200.jpg 300w\" sizes=\"auto, (max-width: 640px) 100vw, 640px\" \/><\/a><em>Fika i Gamla stan. Foto: Susanna Varis<\/em><\/p>\n<p style=\"text-align: left;\">Efter Helvetet \u00e5kte vi tillbaka till Gamla stan f\u00f6r att fika och rekognocera gallerier f\u00f6r min kommande utst\u00e4llning&#8230;jag har nog best\u00e4mt mig. Atmosf\u00e4ren kommer att bli perfekt. Gamla stan kring \u00d6sterl\u00e5nggatan var fantastiskt vackert och st\u00e4mningsfullt s\u00e5d\u00e4r p\u00e5 kv\u00e4llskvisten. Inte f\u00f6r turistigt, bara gammaldags atmosf\u00e4r&#8230;<\/p>\n<p style=\"text-align: center;\"><a href=\"http:\/\/www.susannavaris.com\/blogg\/wp-content\/uploads\/2011\/10\/DSC_0089-50.jpg\"><img loading=\"lazy\" decoding=\"async\" class=\"aligncenter size-large wp-image-2663\" title=\"DSC_0089-50\" src=\"http:\/\/www.susannavaris.com\/blogg\/wp-content\/uploads\/2011\/10\/DSC_0089-50-682x1024.jpg\" alt=\"\" width=\"640\" height=\"960\" srcset=\"http:\/\/www.susannavaris.com\/blogg\/wp-content\/uploads\/2011\/10\/DSC_0089-50-682x1024.jpg 682w, http:\/\/www.susannavaris.com\/blogg\/wp-content\/uploads\/2011\/10\/DSC_0089-50-200x300.jpg 200w, http:\/\/www.susannavaris.com\/blogg\/wp-content\/uploads\/2011\/10\/DSC_0089-50.jpg 1536w\" sizes=\"auto, (max-width: 640px) 100vw, 640px\" \/><\/a><em>Mina kvarter&#8230;<\/em><\/p>\n<p style=\"text-align: center;\"><a href=\"http:\/\/www.susannavaris.com\/blogg\/wp-content\/uploads\/2011\/10\/DSC_0091adj-50.jpg\"><img loading=\"lazy\" decoding=\"async\" class=\"aligncenter size-large wp-image-2664\" title=\"DSC_0091adj-50\" src=\"http:\/\/www.susannavaris.com\/blogg\/wp-content\/uploads\/2011\/10\/DSC_0091adj-50-682x1024.jpg\" alt=\"\" width=\"640\" height=\"960\" srcset=\"http:\/\/www.susannavaris.com\/blogg\/wp-content\/uploads\/2011\/10\/DSC_0091adj-50-682x1024.jpg 682w, http:\/\/www.susannavaris.com\/blogg\/wp-content\/uploads\/2011\/10\/DSC_0091adj-50-200x300.jpg 200w, http:\/\/www.susannavaris.com\/blogg\/wp-content\/uploads\/2011\/10\/DSC_0091adj-50.jpg 1536w\" sizes=\"auto, (max-width: 640px) 100vw, 640px\" \/><\/a><a href=\"http:\/\/www.susannavaris.com\/blogg\/wp-content\/uploads\/2011\/10\/DSC_0094-50.jpg\"><img loading=\"lazy\" decoding=\"async\" class=\"aligncenter size-large wp-image-2665\" title=\"DSC_0094-50\" src=\"http:\/\/www.susannavaris.com\/blogg\/wp-content\/uploads\/2011\/10\/DSC_0094-50-1024x682.jpg\" alt=\"\" width=\"640\" height=\"426\" srcset=\"http:\/\/www.susannavaris.com\/blogg\/wp-content\/uploads\/2011\/10\/DSC_0094-50-1024x682.jpg 1024w, http:\/\/www.susannavaris.com\/blogg\/wp-content\/uploads\/2011\/10\/DSC_0094-50-300x200.jpg 300w\" sizes=\"auto, (max-width: 640px) 100vw, 640px\" \/><\/a><em>Jungfrun, G\u00f6ran, draken och Uffe. Foto: Susanna Varis<\/em><\/p>\n<p style=\"text-align: center;\"><a href=\"http:\/\/www.svd.se\/kultur\/ett-helvete-pa-liljevalchs_6516376.svd\">http:\/\/www.svd.se\/kultur\/ett-helvete-pa-liljevalchs_6516376.svd<\/a><\/p>\n<p style=\"text-align: center;\"><a href=\"http:\/\/www.dn.se\/kultur-noje\/konstrecensioner\/helvete-pa-liljevalchs-stockholm\">http:\/\/www.dn.se\/kultur-noje\/konstrecensioner\/helvete-pa-liljevalchs-stockholm<\/a><\/p>\n<p style=\"text-align: center;\">\n<p style=\"text-align: center;\">&#8211; : &#8211; : &#8211; : &#8211;<\/p>\n<p style=\"text-align: center;\">Till\u00e4gg: Ligger nu och l\u00e4ser utst\u00e4llningskatalogen med text av Douglas Feuk. Eftersom detta \u00e4r en konceptuell utst\u00e4llning rekommenderas den varmt som inramning, bakgrund och vidare f\u00f6rklaring!<\/p>\n","protected":false},"excerpt":{"rendered":"<p>Forts\u00e4ttning fr\u00e5n f\u00f6rra inl\u00e4gget&#8230; Fr\u00e5n Nobelmus\u00e9et i Gamla stan till Liljevalchs p\u00e5 Djurg\u00e5rden \u00e4r steget inte s\u00e5 l\u00e5ngt om man anv\u00e4nder sig av djurg\u00e5rdsf\u00e4rjan. Gr\u00f6na Lund som g\u00e5tt i vinteride i bakgrunden. Foto: Susanna Varis Ibland \u00e4r kollektivtrafiken en fr\u00f6jd&#8230;Foto: &hellip; <a href=\"http:\/\/www.susannavaris.com\/blogg\/2011\/10\/ett-helvete-pa-liljevalchs\/\">Forts\u00e4tt l\u00e4sa <span class=\"meta-nav\">&rarr;<\/span><\/a><\/p>\n","protected":false},"author":1,"featured_media":0,"comment_status":"open","ping_status":"open","sticky":false,"template":"","format":"standard","meta":{"footnotes":""},"categories":[110,13,3,1,303,4],"tags":[746,739,742,740,95,738,735,745,736,734,743,741,65,737,744],"class_list":["post-2650","post","type-post","status-publish","format-standard","hentry","category-foto","category-inspiration","category-konst","category-okategoriserade","category-religion","category-utstallning","tag-brueghel","tag-cindy-sherman","tag-don-giovanni","tag-drottningholm","tag-gamla-stan","tag-hans-jorgen-johansen","tag-helvete","tag-hieronymus-bosch","tag-jenny-holzer","tag-liljevalchs","tag-louis-vuitton","tag-louis-xiv","tag-mozart","tag-p-o-ultvedt","tag-sankt-goran-och-draken"],"_links":{"self":[{"href":"http:\/\/www.susannavaris.com\/blogg\/wp-json\/wp\/v2\/posts\/2650","targetHints":{"allow":["GET"]}}],"collection":[{"href":"http:\/\/www.susannavaris.com\/blogg\/wp-json\/wp\/v2\/posts"}],"about":[{"href":"http:\/\/www.susannavaris.com\/blogg\/wp-json\/wp\/v2\/types\/post"}],"author":[{"embeddable":true,"href":"http:\/\/www.susannavaris.com\/blogg\/wp-json\/wp\/v2\/users\/1"}],"replies":[{"embeddable":true,"href":"http:\/\/www.susannavaris.com\/blogg\/wp-json\/wp\/v2\/comments?post=2650"}],"version-history":[{"count":6,"href":"http:\/\/www.susannavaris.com\/blogg\/wp-json\/wp\/v2\/posts\/2650\/revisions"}],"predecessor-version":[{"id":2668,"href":"http:\/\/www.susannavaris.com\/blogg\/wp-json\/wp\/v2\/posts\/2650\/revisions\/2668"}],"wp:attachment":[{"href":"http:\/\/www.susannavaris.com\/blogg\/wp-json\/wp\/v2\/media?parent=2650"}],"wp:term":[{"taxonomy":"category","embeddable":true,"href":"http:\/\/www.susannavaris.com\/blogg\/wp-json\/wp\/v2\/categories?post=2650"},{"taxonomy":"post_tag","embeddable":true,"href":"http:\/\/www.susannavaris.com\/blogg\/wp-json\/wp\/v2\/tags?post=2650"}],"curies":[{"name":"wp","href":"https:\/\/api.w.org\/{rel}","templated":true}]}}