{"id":2670,"date":"2011-10-07T12:48:20","date_gmt":"2011-10-07T10:48:20","guid":{"rendered":"http:\/\/www.susannavaris.com\/blogg\/?p=2670"},"modified":"2011-10-07T14:42:20","modified_gmt":"2011-10-07T12:42:20","slug":"en-torsdagskvall-bland-kromade-engreppsblandare","status":"publish","type":"post","link":"http:\/\/www.susannavaris.com\/blogg\/2011\/10\/en-torsdagskvall-bland-kromade-engreppsblandare\/","title":{"rendered":"En torsdagskv\u00e4ll bland kromade engreppsblandare"},"content":{"rendered":"<p><a href=\"http:\/\/www.susannavaris.com\/blogg\/wp-content\/uploads\/2011\/10\/314600_10150317148736835_725571834_8496142_1014671870_n.jpg\"><img loading=\"lazy\" decoding=\"async\" class=\"aligncenter size-full wp-image-2671\" title=\"314600_10150317148736835_725571834_8496142_1014671870_n\" src=\"http:\/\/www.susannavaris.com\/blogg\/wp-content\/uploads\/2011\/10\/314600_10150317148736835_725571834_8496142_1014671870_n.jpg\" alt=\"\" width=\"480\" height=\"720\" srcset=\"http:\/\/www.susannavaris.com\/blogg\/wp-content\/uploads\/2011\/10\/314600_10150317148736835_725571834_8496142_1014671870_n.jpg 480w, http:\/\/www.susannavaris.com\/blogg\/wp-content\/uploads\/2011\/10\/314600_10150317148736835_725571834_8496142_1014671870_n-200x300.jpg 200w\" sizes=\"auto, (max-width: 480px) 100vw, 480px\" \/><\/a><em>Damixas nya showroom p\u00e5 V\u00e4stmannagatan 6. Foto: Karina Ljungdahl, Skugge &amp; Co<\/em><\/p>\n<p>Ig\u00e5r var det ett event p\u00e5 Damixa, ett ursprungligen danskt f\u00f6retag som specialiserat sig p\u00e5 snyggt designade, men anv\u00e4ndarv\u00e4nliga kranar (1-greppsblandare, 2-greppsblandare etc.) Damixa grundades redan 1932 i Odense, tillverkade till en b\u00f6rjan ventiler och stekpannor och var en del i Smith &amp; Co som tillverkade motorcyklar. Efter att VD:n tr\u00e4ffat en sp\u00e4nnande tillverkare av engreppsblandare i New York, best\u00e4mde man sig f\u00f6r att bli den f\u00f6rsta att tillverka dessa i Europa och \u00f6vergav d\u00e4rmed ventilerna och stekpannorna.<\/p>\n<p><a href=\"http:\/\/www.damixa.se\/\">http:\/\/www.damixa.se\/<\/a><\/p>\n<p>Man kombinerar fortfarande stilren och modern dansk design med funktionalitet.<\/p>\n<p style=\"text-align: center;\"><a href=\"http:\/\/www.susannavaris.com\/blogg\/wp-content\/uploads\/2011\/10\/320966_10150317150651835_725571834_8496167_1364093794_n.jpg\"><img loading=\"lazy\" decoding=\"async\" class=\"aligncenter size-full wp-image-2672\" title=\"320966_10150317150651835_725571834_8496167_1364093794_n\" src=\"http:\/\/www.susannavaris.com\/blogg\/wp-content\/uploads\/2011\/10\/320966_10150317150651835_725571834_8496167_1364093794_n.jpg\" alt=\"\" width=\"720\" height=\"480\" srcset=\"http:\/\/www.susannavaris.com\/blogg\/wp-content\/uploads\/2011\/10\/320966_10150317150651835_725571834_8496167_1364093794_n.jpg 720w, http:\/\/www.susannavaris.com\/blogg\/wp-content\/uploads\/2011\/10\/320966_10150317150651835_725571834_8496167_1364093794_n-300x200.jpg 300w\" sizes=\"auto, (max-width: 720px) 100vw, 720px\" \/><em>Foto: Karina Ljungdahl, Skugge &amp; Co<\/em><\/a><\/p>\n<p style=\"text-align: center;\"><a href=\"http:\/\/www.susannavaris.com\/blogg\/wp-content\/uploads\/2011\/10\/DSC_0095-50.jpg\"><img loading=\"lazy\" decoding=\"async\" class=\"aligncenter size-large wp-image-2673\" title=\"DSC_0095-50\" src=\"http:\/\/www.susannavaris.com\/blogg\/wp-content\/uploads\/2011\/10\/DSC_0095-50-676x1024.jpg\" alt=\"\" width=\"640\" height=\"969\" srcset=\"http:\/\/www.susannavaris.com\/blogg\/wp-content\/uploads\/2011\/10\/DSC_0095-50-676x1024.jpg 676w, http:\/\/www.susannavaris.com\/blogg\/wp-content\/uploads\/2011\/10\/DSC_0095-50-198x300.jpg 198w, http:\/\/www.susannavaris.com\/blogg\/wp-content\/uploads\/2011\/10\/DSC_0095-50.jpg 1416w\" sizes=\"auto, (max-width: 640px) 100vw, 640px\" \/><\/a><\/p>\n<p style=\"text-align: center;\"><a href=\"http:\/\/www.susannavaris.com\/blogg\/wp-content\/uploads\/2011\/10\/DSC_0096-50.jpg\"><img loading=\"lazy\" decoding=\"async\" class=\"aligncenter size-large wp-image-2674\" title=\"DSC_0096-50\" src=\"http:\/\/www.susannavaris.com\/blogg\/wp-content\/uploads\/2011\/10\/DSC_0096-50-1024x682.jpg\" alt=\"\" width=\"640\" height=\"426\" srcset=\"http:\/\/www.susannavaris.com\/blogg\/wp-content\/uploads\/2011\/10\/DSC_0096-50-1024x682.jpg 1024w, http:\/\/www.susannavaris.com\/blogg\/wp-content\/uploads\/2011\/10\/DSC_0096-50-300x200.jpg 300w\" sizes=\"auto, (max-width: 640px) 100vw, 640px\" \/><\/a><em>Godis&#8230;Foton: Susanna Varis<\/em><\/p>\n<p style=\"text-align: center;\"><em><\/em><a href=\"http:\/\/www.susannavaris.com\/blogg\/wp-content\/uploads\/2011\/10\/309718_10150317148571835_725571834_8496138_1626229083_n.jpg\"><img loading=\"lazy\" decoding=\"async\" class=\"aligncenter size-full wp-image-2675\" title=\"309718_10150317148571835_725571834_8496138_1626229083_n\" src=\"http:\/\/www.susannavaris.com\/blogg\/wp-content\/uploads\/2011\/10\/309718_10150317148571835_725571834_8496138_1626229083_n.jpg\" alt=\"\" width=\"720\" height=\"480\" srcset=\"http:\/\/www.susannavaris.com\/blogg\/wp-content\/uploads\/2011\/10\/309718_10150317148571835_725571834_8496138_1626229083_n.jpg 720w, http:\/\/www.susannavaris.com\/blogg\/wp-content\/uploads\/2011\/10\/309718_10150317148571835_725571834_8496138_1626229083_n-300x200.jpg 300w\" sizes=\"auto, (max-width: 720px) 100vw, 720px\" \/><\/a><em>Foto: Karina Ljungdahl, Skugge &amp; Co<\/em><\/p>\n<p style=\"text-align: center;\"><em><\/em><a href=\"http:\/\/www.susannavaris.com\/blogg\/wp-content\/uploads\/2011\/10\/DSC_0098-50.jpg\"><img loading=\"lazy\" decoding=\"async\" class=\"aligncenter size-large wp-image-2676\" title=\"DSC_0098-50\" src=\"http:\/\/www.susannavaris.com\/blogg\/wp-content\/uploads\/2011\/10\/DSC_0098-50-1024x450.jpg\" alt=\"\" width=\"640\" height=\"281\" srcset=\"http:\/\/www.susannavaris.com\/blogg\/wp-content\/uploads\/2011\/10\/DSC_0098-50-1024x450.jpg 1024w, http:\/\/www.susannavaris.com\/blogg\/wp-content\/uploads\/2011\/10\/DSC_0098-50-300x131.jpg 300w\" sizes=\"auto, (max-width: 640px) 100vw, 640px\" \/><\/a><em>Jag hade ett Duchamp-moment&#8230;Foto: Susanna Varis<\/em><\/p>\n<p style=\"text-align: center;\"><a href=\"http:\/\/www.susannavaris.com\/blogg\/wp-content\/uploads\/2011\/10\/DSC_0099-50.jpg\"><img loading=\"lazy\" decoding=\"async\" class=\"aligncenter size-large wp-image-2677\" title=\"DSC_0099-50\" src=\"http:\/\/www.susannavaris.com\/blogg\/wp-content\/uploads\/2011\/10\/DSC_0099-50-1024x682.jpg\" alt=\"\" width=\"640\" height=\"426\" srcset=\"http:\/\/www.susannavaris.com\/blogg\/wp-content\/uploads\/2011\/10\/DSC_0099-50-1024x682.jpg 1024w, http:\/\/www.susannavaris.com\/blogg\/wp-content\/uploads\/2011\/10\/DSC_0099-50-300x200.jpg 300w\" sizes=\"auto, (max-width: 640px) 100vw, 640px\" \/><\/a><em>Foto: Susanna Varis<\/em><\/p>\n<p style=\"text-align: center;\"><a href=\"http:\/\/www.susannavaris.com\/blogg\/wp-content\/uploads\/2011\/10\/DSC_0100-50.jpg\"><img loading=\"lazy\" decoding=\"async\" class=\"aligncenter size-large wp-image-2678\" title=\"DSC_0100-50\" src=\"http:\/\/www.susannavaris.com\/blogg\/wp-content\/uploads\/2011\/10\/DSC_0100-50-767x1024.jpg\" alt=\"\" width=\"640\" height=\"854\" srcset=\"http:\/\/www.susannavaris.com\/blogg\/wp-content\/uploads\/2011\/10\/DSC_0100-50-767x1024.jpg 767w, http:\/\/www.susannavaris.com\/blogg\/wp-content\/uploads\/2011\/10\/DSC_0100-50-224x300.jpg 224w, http:\/\/www.susannavaris.com\/blogg\/wp-content\/uploads\/2011\/10\/DSC_0100-50.jpg 1517w\" sizes=\"auto, (max-width: 640px) 100vw, 640px\" \/><\/a><em>Foto: Susanna Varis<\/em><\/p>\n<p style=\"text-align: center;\"><a href=\"http:\/\/www.susannavaris.com\/blogg\/wp-content\/uploads\/2011\/10\/DSC_0187-50.jpg\"><img loading=\"lazy\" decoding=\"async\" class=\"aligncenter size-large wp-image-2679\" title=\"DSC_0187-50\" src=\"http:\/\/www.susannavaris.com\/blogg\/wp-content\/uploads\/2011\/10\/DSC_0187-50-1024x680.jpg\" alt=\"\" width=\"640\" height=\"425\" srcset=\"http:\/\/www.susannavaris.com\/blogg\/wp-content\/uploads\/2011\/10\/DSC_0187-50-1024x680.jpg 1024w, http:\/\/www.susannavaris.com\/blogg\/wp-content\/uploads\/2011\/10\/DSC_0187-50-300x199.jpg 300w\" sizes=\"auto, (max-width: 640px) 100vw, 640px\" \/><\/a><em>Undviker att ha en halv wrap h\u00e4ngandes i mungipan&#8230;Foto: Ulf Holm\u00e9n<\/em><\/p>\n<p style=\"text-align: center;\"><a href=\"http:\/\/www.susannavaris.com\/blogg\/wp-content\/uploads\/2011\/10\/DSC_0188-50.jpg\"><img loading=\"lazy\" decoding=\"async\" class=\"aligncenter size-large wp-image-2680\" title=\"DSC_0188-50\" src=\"http:\/\/www.susannavaris.com\/blogg\/wp-content\/uploads\/2011\/10\/DSC_0188-50-680x1024.jpg\" alt=\"\" width=\"640\" height=\"963\" srcset=\"http:\/\/www.susannavaris.com\/blogg\/wp-content\/uploads\/2011\/10\/DSC_0188-50-680x1024.jpg 680w, http:\/\/www.susannavaris.com\/blogg\/wp-content\/uploads\/2011\/10\/DSC_0188-50-199x300.jpg 199w, http:\/\/www.susannavaris.com\/blogg\/wp-content\/uploads\/2011\/10\/DSC_0188-50.jpg 1424w\" sizes=\"auto, (max-width: 640px) 100vw, 640px\" \/><\/a><em>Klara Force fr\u00e5n Crucified Barbara!!! Och jag. Foto: Ulf Holm\u00e9n<\/em><\/p>\n<p style=\"text-align: left;\">Pl\u00f6tsligt s\u00e5g jag Klara Force fr\u00e5n Crucified Barbara i vimlet. Med risk f\u00f6r total f\u00e5nighetsst\u00e4mpel d\u00f6k jag fram f\u00f6r att be om ett foto tillsammans. Jag har alltid tyckt om Crucified Barbara. \u00c4ntligen ett tjejband som selar riktig h\u00e5rdrock och inte n\u00e5gon poppig, listanpassad mellanmj\u00f6lksmetal. Gammaldags som jag \u00e4r har jag inhandlat In Distortion We Trust&#8230;Til Death Do Us Party ligger fortfarande p\u00e5 ink\u00f6pslistan.<\/p>\n<p style=\"text-align: left;\">Hyfsat starstruck stod jag s\u00e5 och stammade n\u00e5got om hur bra jag tyckte att bandet var, \u00e4ven schlagerl\u00e5ten&#8230;n\u00e5got om min blogg och konst. Som vanligt n\u00e4r jag blir nerv\u00f6s s\u00e5 blev det mest f\u00e5nigheter. Jag hoppas att jag inte l\u00e4t som ett totalpucko&#8230;<\/p>\n<p style=\"text-align: center;\"><a href=\"http:\/\/www.susannavaris.com\/blogg\/wp-content\/uploads\/2011\/10\/DSC_0189crop-50.jpg\"><img loading=\"lazy\" decoding=\"async\" class=\"aligncenter size-large wp-image-2681\" title=\"DSC_0189crop-50\" src=\"http:\/\/www.susannavaris.com\/blogg\/wp-content\/uploads\/2011\/10\/DSC_0189crop-50-1024x931.jpg\" alt=\"\" width=\"640\" height=\"581\" srcset=\"http:\/\/www.susannavaris.com\/blogg\/wp-content\/uploads\/2011\/10\/DSC_0189crop-50-1024x931.jpg 1024w, http:\/\/www.susannavaris.com\/blogg\/wp-content\/uploads\/2011\/10\/DSC_0189crop-50-300x272.jpg 300w, http:\/\/www.susannavaris.com\/blogg\/wp-content\/uploads\/2011\/10\/DSC_0189crop-50.jpg 1376w\" sizes=\"auto, (max-width: 640px) 100vw, 640px\" \/><\/a><em>Av n\u00e5gon anledning ser mina boobs ut att vara i Samantha Fox-serien&#8230;vi kom fram till att det m\u00e5ste handla om en optisk illusion. Foto: Ulf Holm\u00e9n<\/em><\/p>\n<p style=\"text-align: center;\"><a href=\"http:\/\/www.susannavaris.com\/blogg\/wp-content\/uploads\/2011\/10\/DSC_0190crop-50.jpg\"><img loading=\"lazy\" decoding=\"async\" class=\"aligncenter size-large wp-image-2682\" title=\"DSC_0190crop-50\" src=\"http:\/\/www.susannavaris.com\/blogg\/wp-content\/uploads\/2011\/10\/DSC_0190crop-50-1024x1015.jpg\" alt=\"\" width=\"640\" height=\"634\" srcset=\"http:\/\/www.susannavaris.com\/blogg\/wp-content\/uploads\/2011\/10\/DSC_0190crop-50-1024x1015.jpg 1024w, http:\/\/www.susannavaris.com\/blogg\/wp-content\/uploads\/2011\/10\/DSC_0190crop-50-150x150.jpg 150w, http:\/\/www.susannavaris.com\/blogg\/wp-content\/uploads\/2011\/10\/DSC_0190crop-50-300x297.jpg 300w, http:\/\/www.susannavaris.com\/blogg\/wp-content\/uploads\/2011\/10\/DSC_0190crop-50.jpg 1171w\" sizes=\"auto, (max-width: 640px) 100vw, 640px\" \/><\/a><em>Rockstj\u00e4rnan och den gravt starstruckna amat\u00f6rreportern. Foto: Ulf Holm\u00e9n.<\/em><\/p>\n<p style=\"text-align: left;\">Klara ber\u00e4ttade att inspelningen av det nya albumet \u00e4r i full g\u00e5ng och att det kommer att ges ut f\u00f6re \u00e5rets slut. Det ser jag fram emot&#8230;mera om Crucified Barbara h\u00e4r:<\/p>\n<p style=\"text-align: center;\"><a href=\"http:\/\/crucifiedbarbara.com\/\">http:\/\/crucifiedbarbara.com\/<\/a><\/p>\n<p style=\"text-align: center;\"><a href=\"http:\/\/www.susannavaris.com\/blogg\/wp-content\/uploads\/2011\/10\/DSC_0101-50.jpg\"><img loading=\"lazy\" decoding=\"async\" class=\"aligncenter size-large wp-image-2683\" title=\"DSC_0101-50\" src=\"http:\/\/www.susannavaris.com\/blogg\/wp-content\/uploads\/2011\/10\/DSC_0101-50-682x1024.jpg\" alt=\"\" width=\"640\" height=\"960\" srcset=\"http:\/\/www.susannavaris.com\/blogg\/wp-content\/uploads\/2011\/10\/DSC_0101-50-682x1024.jpg 682w, http:\/\/www.susannavaris.com\/blogg\/wp-content\/uploads\/2011\/10\/DSC_0101-50-200x300.jpg 200w, http:\/\/www.susannavaris.com\/blogg\/wp-content\/uploads\/2011\/10\/DSC_0101-50.jpg 1536w\" sizes=\"auto, (max-width: 640px) 100vw, 640px\" \/><\/a><a href=\"http:\/\/www.susannavaris.com\/blogg\/wp-content\/uploads\/2011\/10\/DSC_0103-50.jpg\"><img loading=\"lazy\" decoding=\"async\" class=\"aligncenter size-large wp-image-2684\" title=\"DSC_0103-50\" src=\"http:\/\/www.susannavaris.com\/blogg\/wp-content\/uploads\/2011\/10\/DSC_0103-50-1024x682.jpg\" alt=\"\" width=\"640\" height=\"426\" srcset=\"http:\/\/www.susannavaris.com\/blogg\/wp-content\/uploads\/2011\/10\/DSC_0103-50-1024x682.jpg 1024w, http:\/\/www.susannavaris.com\/blogg\/wp-content\/uploads\/2011\/10\/DSC_0103-50-300x200.jpg 300w\" sizes=\"auto, (max-width: 640px) 100vw, 640px\" \/><\/a><em>En hel del snygga kranar av olika slag fanns att besk\u00e5da. Priserna p\u00e5 vanliga b\u00e4nkkranar varierar fr\u00e5n 1000 upp till 6000 kronor, inga totalvansinniga priser s\u00e5ledes f\u00f6r s\u00e5pass stylish produkter. Foton: Susanna Varis<\/em><\/p>\n<p style=\"text-align: center;\"><a href=\"http:\/\/www.susannavaris.com\/blogg\/wp-content\/uploads\/2011\/10\/296089_10150317148056835_725571834_8496129_1468322302_n.jpg\"><img loading=\"lazy\" decoding=\"async\" class=\"aligncenter size-full wp-image-2685\" title=\"296089_10150317148056835_725571834_8496129_1468322302_n\" src=\"http:\/\/www.susannavaris.com\/blogg\/wp-content\/uploads\/2011\/10\/296089_10150317148056835_725571834_8496129_1468322302_n.jpg\" alt=\"\" width=\"720\" height=\"480\" srcset=\"http:\/\/www.susannavaris.com\/blogg\/wp-content\/uploads\/2011\/10\/296089_10150317148056835_725571834_8496129_1468322302_n.jpg 720w, http:\/\/www.susannavaris.com\/blogg\/wp-content\/uploads\/2011\/10\/296089_10150317148056835_725571834_8496129_1468322302_n-300x200.jpg 300w\" sizes=\"auto, (max-width: 720px) 100vw, 720px\" \/><\/a><em>Sedan var det dags f\u00f6r VD:n representation&#8230;Foto: Karina Ljungdahl, Skugge &amp; Co<\/em><\/p>\n<p style=\"text-align: center;\"><a href=\"http:\/\/www.susannavaris.com\/blogg\/wp-content\/uploads\/2011\/10\/305163_10150317147826835_725571834_8496125_1076609253_n.jpg\"><img loading=\"lazy\" decoding=\"async\" class=\"aligncenter size-full wp-image-2686\" title=\"305163_10150317147826835_725571834_8496125_1076609253_n\" src=\"http:\/\/www.susannavaris.com\/blogg\/wp-content\/uploads\/2011\/10\/305163_10150317147826835_725571834_8496125_1076609253_n.jpg\" alt=\"\" width=\"480\" height=\"720\" srcset=\"http:\/\/www.susannavaris.com\/blogg\/wp-content\/uploads\/2011\/10\/305163_10150317147826835_725571834_8496125_1076609253_n.jpg 480w, http:\/\/www.susannavaris.com\/blogg\/wp-content\/uploads\/2011\/10\/305163_10150317147826835_725571834_8496125_1076609253_n-200x300.jpg 200w\" sizes=\"auto, (max-width: 480px) 100vw, 480px\" \/><\/a><em>VD:n Ulf Stenfeldt.\u00a0<em>Foto: Karina Ljungdahl, Skugge &amp; Co<\/em><\/em><\/p>\n<p style=\"text-align: center;\"><a href=\"http:\/\/www.susannavaris.com\/blogg\/wp-content\/uploads\/2011\/10\/313630_10150317147756835_725571834_8496124_2061901925_n.jpg\"><img loading=\"lazy\" decoding=\"async\" class=\"aligncenter size-full wp-image-2687\" title=\"313630_10150317147756835_725571834_8496124_2061901925_n\" src=\"http:\/\/www.susannavaris.com\/blogg\/wp-content\/uploads\/2011\/10\/313630_10150317147756835_725571834_8496124_2061901925_n.jpg\" alt=\"\" width=\"720\" height=\"480\" srcset=\"http:\/\/www.susannavaris.com\/blogg\/wp-content\/uploads\/2011\/10\/313630_10150317147756835_725571834_8496124_2061901925_n.jpg 720w, http:\/\/www.susannavaris.com\/blogg\/wp-content\/uploads\/2011\/10\/313630_10150317147756835_725571834_8496124_2061901925_n-300x200.jpg 300w\" sizes=\"auto, (max-width: 720px) 100vw, 720px\" \/><em>Foto: Karina Ljungdahl, Skugge &amp; Co<\/em><\/a><\/p>\n<p style=\"text-align: center;\"><a href=\"http:\/\/www.susannavaris.com\/blogg\/wp-content\/uploads\/2011\/10\/DSC_0104-50.jpg\"><img loading=\"lazy\" decoding=\"async\" class=\"aligncenter size-large wp-image-2688\" title=\"DSC_0104-50\" src=\"http:\/\/www.susannavaris.com\/blogg\/wp-content\/uploads\/2011\/10\/DSC_0104-50-1024x682.jpg\" alt=\"\" width=\"640\" height=\"426\" srcset=\"http:\/\/www.susannavaris.com\/blogg\/wp-content\/uploads\/2011\/10\/DSC_0104-50-1024x682.jpg 1024w, http:\/\/www.susannavaris.com\/blogg\/wp-content\/uploads\/2011\/10\/DSC_0104-50-300x200.jpg 300w\" sizes=\"auto, (max-width: 640px) 100vw, 640px\" \/><\/a><em>En sista snygging p\u00e5 v\u00e4gen ut. Vredet f\u00f6r ventilen till diskmaskinen \u00e4r ersatt av den lilla knappen bredvid och varm- och kallvattenvreden \u00e4r i form av skjutreglage. Mycket snyggt. Foto: Susanna Varis<\/em><\/p>\n<p style=\"text-align: center;\"><a href=\"http:\/\/www.susannavaris.com\/blogg\/wp-content\/uploads\/2011\/10\/DSC_0105-50.jpg\"><img loading=\"lazy\" decoding=\"async\" class=\"aligncenter size-large wp-image-2689\" title=\"DSC_0105-50\" src=\"http:\/\/www.susannavaris.com\/blogg\/wp-content\/uploads\/2011\/10\/DSC_0105-50-1024x682.jpg\" alt=\"\" width=\"640\" height=\"426\" srcset=\"http:\/\/www.susannavaris.com\/blogg\/wp-content\/uploads\/2011\/10\/DSC_0105-50-1024x682.jpg 1024w, http:\/\/www.susannavaris.com\/blogg\/wp-content\/uploads\/2011\/10\/DSC_0105-50-300x200.jpg 300w\" sizes=\"auto, (max-width: 640px) 100vw, 640px\" \/><\/a><em>Ett tack till v\u00e5ra sponsorer&#8230;Foto: Susanna Varis<\/em><\/p>\n<p style=\"text-align: center;\"><a href=\"http:\/\/www.skuggeco.se\/\">http:\/\/www.skuggeco.se\/<\/a><\/p>\n","protected":false},"excerpt":{"rendered":"<p>Damixas nya showroom p\u00e5 V\u00e4stmannagatan 6. Foto: Karina Ljungdahl, Skugge &amp; Co Ig\u00e5r var det ett event p\u00e5 Damixa, ett ursprungligen danskt f\u00f6retag som specialiserat sig p\u00e5 snyggt designade, men anv\u00e4ndarv\u00e4nliga kranar (1-greppsblandare, 2-greppsblandare etc.) Damixa grundades redan 1932 i &hellip; <a href=\"http:\/\/www.susannavaris.com\/blogg\/2011\/10\/en-torsdagskvall-bland-kromade-engreppsblandare\/\">Forts\u00e4tt l\u00e4sa <span class=\"meta-nav\">&rarr;<\/span><\/a><\/p>\n","protected":false},"author":1,"featured_media":0,"comment_status":"open","ping_status":"open","sticky":false,"template":"","format":"standard","meta":{"footnotes":""},"categories":[555,213,1],"tags":[750,747,751,556,749,557,748],"class_list":["post-2670","post","type-post","status-publish","format-standard","hentry","category-events","category-inredning","category-okategoriserade","tag-crucified-barbara","tag-damixa","tag-klara-force","tag-linda-skugge","tag-skugge-co","tag-skuggeco","tag-smith-co"],"_links":{"self":[{"href":"http:\/\/www.susannavaris.com\/blogg\/wp-json\/wp\/v2\/posts\/2670","targetHints":{"allow":["GET"]}}],"collection":[{"href":"http:\/\/www.susannavaris.com\/blogg\/wp-json\/wp\/v2\/posts"}],"about":[{"href":"http:\/\/www.susannavaris.com\/blogg\/wp-json\/wp\/v2\/types\/post"}],"author":[{"embeddable":true,"href":"http:\/\/www.susannavaris.com\/blogg\/wp-json\/wp\/v2\/users\/1"}],"replies":[{"embeddable":true,"href":"http:\/\/www.susannavaris.com\/blogg\/wp-json\/wp\/v2\/comments?post=2670"}],"version-history":[{"count":3,"href":"http:\/\/www.susannavaris.com\/blogg\/wp-json\/wp\/v2\/posts\/2670\/revisions"}],"predecessor-version":[{"id":2692,"href":"http:\/\/www.susannavaris.com\/blogg\/wp-json\/wp\/v2\/posts\/2670\/revisions\/2692"}],"wp:attachment":[{"href":"http:\/\/www.susannavaris.com\/blogg\/wp-json\/wp\/v2\/media?parent=2670"}],"wp:term":[{"taxonomy":"category","embeddable":true,"href":"http:\/\/www.susannavaris.com\/blogg\/wp-json\/wp\/v2\/categories?post=2670"},{"taxonomy":"post_tag","embeddable":true,"href":"http:\/\/www.susannavaris.com\/blogg\/wp-json\/wp\/v2\/tags?post=2670"}],"curies":[{"name":"wp","href":"https:\/\/api.w.org\/{rel}","templated":true}]}}