{"id":2713,"date":"2011-10-09T10:46:50","date_gmt":"2011-10-09T08:46:50","guid":{"rendered":"http:\/\/www.susannavaris.com\/blogg\/?p=2713"},"modified":"2011-10-09T10:46:50","modified_gmt":"2011-10-09T08:46:50","slug":"trott","status":"publish","type":"post","link":"http:\/\/www.susannavaris.com\/blogg\/2011\/10\/trott\/","title":{"rendered":"Tr\u00f6tt"},"content":{"rendered":"<p><a href=\"http:\/\/www.susannavaris.com\/blogg\/wp-content\/uploads\/2011\/10\/14crazy-jones-tmagArticle1.jpg\"><img loading=\"lazy\" decoding=\"async\" class=\"aligncenter size-full wp-image-2715\" title=\"14crazy-jones-tmagArticle\" src=\"http:\/\/www.susannavaris.com\/blogg\/wp-content\/uploads\/2011\/10\/14crazy-jones-tmagArticle1.jpg\" alt=\"\" width=\"592\" height=\"404\" srcset=\"http:\/\/www.susannavaris.com\/blogg\/wp-content\/uploads\/2011\/10\/14crazy-jones-tmagArticle1.jpg 592w, http:\/\/www.susannavaris.com\/blogg\/wp-content\/uploads\/2011\/10\/14crazy-jones-tmagArticle1-300x204.jpg 300w\" sizes=\"auto, (max-width: 592px) 100vw, 592px\" \/><\/a><\/p>\n<p>Tr\u00f6tt. Vackert v\u00e4der. T\u00e4nk om dygnet kunde inneh\u00e5lla 36 timmar. Kanske skulle man \u00e4nd\u00e5 k\u00e4nna att ingenting hanns med. Vill skapa, hinner inte. Jobbet kallar.<\/p>\n<p>I en ansats att driva bort skr\u00e4punderh\u00e5llningsdemonerna l\u00e5g jag ig\u00e5r och lyssnade p\u00e5 Bach och l\u00e4ste igenom utst\u00e4llningskatalogen till Helvete p\u00e5 Liljevalchs. Detta ledde till sv\u00e5rartad skaparlusta, just strax f\u00f6re l\u00f6nearbetet kallade. Men arbetsrummet m\u00e5ste komma i ordning, s\u00e5 att jag kan sitta d\u00e4r och underh\u00e5lla de surt f\u00f6rv\u00e4rvade kunskaperna som nu sakta vittrar bort.<\/p>\n<p>Jag vill att det ska bli ett rum med n\u00e5gon form av vetenskapstema, men \u00e4nd\u00e5 mysigt. Lite vackra mineraler som dekoration, lite tavlor med vetenskapliga teman&#8230;n\u00e4r jag nu ska hinna med det.<\/p>\n<p>&nbsp;<\/p>\n<p>&nbsp;<\/p>\n","protected":false},"excerpt":{"rendered":"<p>Tr\u00f6tt. Vackert v\u00e4der. T\u00e4nk om dygnet kunde inneh\u00e5lla 36 timmar. Kanske skulle man \u00e4nd\u00e5 k\u00e4nna att ingenting hanns med. Vill skapa, hinner inte. Jobbet kallar. I en ansats att driva bort skr\u00e4punderh\u00e5llningsdemonerna l\u00e5g jag ig\u00e5r och lyssnade p\u00e5 Bach och &hellip; <a href=\"http:\/\/www.susannavaris.com\/blogg\/2011\/10\/trott\/\">Forts\u00e4tt l\u00e4sa <span class=\"meta-nav\">&rarr;<\/span><\/a><\/p>\n","protected":false},"author":1,"featured_media":0,"comment_status":"open","ping_status":"open","sticky":false,"template":"","format":"standard","meta":{"footnotes":""},"categories":[1],"tags":[],"class_list":["post-2713","post","type-post","status-publish","format-standard","hentry","category-okategoriserade"],"_links":{"self":[{"href":"http:\/\/www.susannavaris.com\/blogg\/wp-json\/wp\/v2\/posts\/2713","targetHints":{"allow":["GET"]}}],"collection":[{"href":"http:\/\/www.susannavaris.com\/blogg\/wp-json\/wp\/v2\/posts"}],"about":[{"href":"http:\/\/www.susannavaris.com\/blogg\/wp-json\/wp\/v2\/types\/post"}],"author":[{"embeddable":true,"href":"http:\/\/www.susannavaris.com\/blogg\/wp-json\/wp\/v2\/users\/1"}],"replies":[{"embeddable":true,"href":"http:\/\/www.susannavaris.com\/blogg\/wp-json\/wp\/v2\/comments?post=2713"}],"version-history":[{"count":2,"href":"http:\/\/www.susannavaris.com\/blogg\/wp-json\/wp\/v2\/posts\/2713\/revisions"}],"predecessor-version":[{"id":2717,"href":"http:\/\/www.susannavaris.com\/blogg\/wp-json\/wp\/v2\/posts\/2713\/revisions\/2717"}],"wp:attachment":[{"href":"http:\/\/www.susannavaris.com\/blogg\/wp-json\/wp\/v2\/media?parent=2713"}],"wp:term":[{"taxonomy":"category","embeddable":true,"href":"http:\/\/www.susannavaris.com\/blogg\/wp-json\/wp\/v2\/categories?post=2713"},{"taxonomy":"post_tag","embeddable":true,"href":"http:\/\/www.susannavaris.com\/blogg\/wp-json\/wp\/v2\/tags?post=2713"}],"curies":[{"name":"wp","href":"https:\/\/api.w.org\/{rel}","templated":true}]}}