{"id":2771,"date":"2011-10-13T14:26:21","date_gmt":"2011-10-13T12:26:21","guid":{"rendered":"http:\/\/www.susannavaris.com\/blogg\/?p=2771"},"modified":"2012-12-20T10:03:45","modified_gmt":"2012-12-20T09:03:45","slug":"for-ovrigt-anser-jag-3","status":"publish","type":"post","link":"http:\/\/www.susannavaris.com\/blogg\/2011\/10\/for-ovrigt-anser-jag-3\/","title":{"rendered":"F\u00f6r \u00f6vrigt anser jag&#8230;"},"content":{"rendered":"<p style=\"text-align: center;\"><a href=\"http:\/\/www.susannavaris.com\/blogg\/wp-content\/uploads\/2011\/10\/fifjuholt3.jpg\"><img loading=\"lazy\" decoding=\"async\" class=\"aligncenter size-full wp-image-2772\" title=\"fifjuholt3\" alt=\"\" src=\"http:\/\/www.susannavaris.com\/blogg\/wp-content\/uploads\/2011\/10\/fifjuholt3.jpg\" width=\"400\" height=\"225\" srcset=\"http:\/\/www.susannavaris.com\/blogg\/wp-content\/uploads\/2011\/10\/fifjuholt3.jpg 400w, http:\/\/www.susannavaris.com\/blogg\/wp-content\/uploads\/2011\/10\/fifjuholt3-300x168.jpg 300w\" sizes=\"auto, (max-width: 400px) 100vw, 400px\" \/><\/a><em>H\u00e5kan Juholt<\/em><\/p>\n<p>&#8230;att den begr\u00e4nsade \u00e5talsimmuniteten och en del andra gr\u00e4ddfiler som riksdagsledam\u00f6ter \u00e5tnjuter kan ifr\u00e5gas\u00e4ttas. Det finns ingen som helst anledning till varf\u00f6r inte de bidrag som riksdagsledam\u00f6ter kan ta del av ska ing\u00e5 i listan \u00f6ver bidrag vars felaktiga utkvitterande kan leda till \u00e5tal och tom f\u00e4ngelse.<\/p>\n<p>Om nu riksdagsledam\u00f6ter inte ska kr\u00e4vas att f\u00f6reg\u00e5 med gott exempel och n\u00e4r &#8221;f\u00f6rtroende&#8221; i f\u00f6rtroendeuppdrag inte har n\u00e5gon inneb\u00f6rd, finns inte m\u00e5nga sk\u00e4l till varf\u00f6r politiker och riksdagsledam\u00f6ter ska behandlas annorlunda av r\u00e4ttssystemet. Perfekta m\u00e4nniskor existerar inte och politiker \u00e4r som vi andra, allts\u00e5 b\u00f6r samma r\u00e4ttssystem g\u00e4lla f\u00f6r alla. Yrkespolitiker och riksdagsledam\u00f6ter har ut\u00f6ver detta en hel del f\u00f6rm\u00e5ner som vanliga medborgare aldrig kommer i n\u00e4rheten av, likformighet i straffbarhet borde kunna finnas som en p\u00e5minnelse om vad folket som man representerar f\u00f6rv\u00e4ntas leva upp till.<\/p>\n<p>M\u00e5nga yrkespolitiker har vuxit upp i politiska ungdomsorganisationer, f\u00f6r att d\u00e4refter enbart ha sysslat med politik. I vissa fall kan \u00e4mbetena kallas f\u00f6r \u00e4rvda, redan f\u00f6r\u00e4ldrarna eller en f\u00f6r\u00e4lder har varit yrkespolitiker. Det m\u00e5ste vara sv\u00e5rt att f\u00f6rst\u00e5 hur livet ter sig f\u00f6r den vanliga medborgaren; utan h\u00e4ngslen, livremmar, gr\u00e4ddfiler och specialregler.<\/p>\n<p style=\"text-align: center;\">Andra som varit i bl\u00e5sv\u00e4der f\u00f6r mindre och st\u00f6rre felaktigheter:<\/p>\n<p style=\"text-align: center;\"><a href=\"http:\/\/www.susannavaris.com\/blogg\/wp-content\/uploads\/2011\/10\/fifmona-sahlin-stor.png\"><img loading=\"lazy\" decoding=\"async\" class=\"aligncenter size-full wp-image-2773\" title=\"fifmona-sahlin-stor\" alt=\"\" src=\"http:\/\/www.susannavaris.com\/blogg\/wp-content\/uploads\/2011\/10\/fifmona-sahlin-stor.png\" width=\"390\" height=\"520\" srcset=\"http:\/\/www.susannavaris.com\/blogg\/wp-content\/uploads\/2011\/10\/fifmona-sahlin-stor.png 390w, http:\/\/www.susannavaris.com\/blogg\/wp-content\/uploads\/2011\/10\/fifmona-sahlin-stor-224x300.png 224w\" sizes=\"auto, (max-width: 390px) 100vw, 390px\" \/><\/a><em>Mona Sahlin blev utsatt f\u00f6r fullst\u00e4ndigt oproportionerligt h\u00e5rd kampanj i media, men stacks \u00e4ven i ryggen av sina egna.<\/em><\/p>\n<p style=\"text-align: center;\"><a href=\"http:\/\/www.susannavaris.com\/blogg\/wp-content\/uploads\/2011\/10\/fif9tb.jpg\"><img loading=\"lazy\" decoding=\"async\" class=\"aligncenter size-full wp-image-2774\" title=\"fif9tb\" alt=\"\" src=\"http:\/\/www.susannavaris.com\/blogg\/wp-content\/uploads\/2011\/10\/fif9tb.jpg\" width=\"320\" height=\"343\" srcset=\"http:\/\/www.susannavaris.com\/blogg\/wp-content\/uploads\/2011\/10\/fif9tb.jpg 320w, http:\/\/www.susannavaris.com\/blogg\/wp-content\/uploads\/2011\/10\/fif9tb-279x300.jpg 279w\" sizes=\"auto, (max-width: 320px) 100vw, 320px\" \/><\/a><em>Minns n\u00e5gon att Tobias Billstr\u00f6m hade slarvat med tv-licensen?<\/em><\/p>\n<p style=\"text-align: center;\"><a href=\"http:\/\/www.susannavaris.com\/blogg\/wp-content\/uploads\/2011\/10\/fifCeciliaStegoChilo_BertilEri.jpg\"><img loading=\"lazy\" decoding=\"async\" class=\"aligncenter size-full wp-image-2775\" title=\"fifCeciliaStegoChilo_BertilEri\" alt=\"\" src=\"http:\/\/www.susannavaris.com\/blogg\/wp-content\/uploads\/2011\/10\/fifCeciliaStegoChilo_BertilEri.jpg\" width=\"200\" height=\"263\" \/><\/a><em>&#8230;precis som Cecilia Steg\u00f6 Chil\u00f2, som fick avg\u00e5.<\/em><\/p>\n<p style=\"text-align: center;\"><a href=\"http:\/\/www.susannavaris.com\/blogg\/wp-content\/uploads\/2011\/10\/fifanders_borg_785865b.jpg\"><img loading=\"lazy\" decoding=\"async\" class=\"aligncenter size-full wp-image-2776\" title=\"fifanders_borg_785865b\" alt=\"\" src=\"http:\/\/www.susannavaris.com\/blogg\/wp-content\/uploads\/2011\/10\/fifanders_borg_785865b.jpg\" width=\"210\" height=\"273\" \/><\/a><em>Anders Borg hade visst haft svart st\u00e4dhj\u00e4lp.\u00a0<\/em><\/p>\n<p style=\"text-align: center;\"><a href=\"http:\/\/www.susannavaris.com\/blogg\/wp-content\/uploads\/2011\/10\/fifMaria_Borelius_JONAS-EKSTRO.jpg\"><img loading=\"lazy\" decoding=\"async\" class=\"aligncenter size-full wp-image-2777\" title=\"fifMaria_Borelius_JONAS-EKSTRO\" alt=\"\" src=\"http:\/\/www.susannavaris.com\/blogg\/wp-content\/uploads\/2011\/10\/fifMaria_Borelius_JONAS-EKSTRO.jpg\" width=\"200\" height=\"216\" \/><\/a><em>Maria Borelius hade bl a haft tillg\u00e5ngar i sk skatteparadis&#8230;<\/em><\/p>\n<p style=\"text-align: center;\"><a href=\"http:\/\/www.susannavaris.com\/blogg\/wp-content\/uploads\/2011\/10\/fifSven-Otto-Littorinfotoregeringen.jpeg\"><img loading=\"lazy\" decoding=\"async\" class=\"aligncenter size-full wp-image-2778\" title=\"fifSven Otto Littorinfotoregeringen\" alt=\"\" src=\"http:\/\/www.susannavaris.com\/blogg\/wp-content\/uploads\/2011\/10\/fifSven-Otto-Littorinfotoregeringen.jpeg\" width=\"180\" height=\"269\" \/><\/a><em>Sven-Otto Littorin hade k\u00f6pt sex&#8230;<\/em><\/p>\n<p style=\"text-align: center;\"><a href=\"http:\/\/www.susannavaris.com\/blogg\/wp-content\/uploads\/2011\/10\/fif200px-Lennart.Geijer.jpg\"><img loading=\"lazy\" decoding=\"async\" class=\"aligncenter size-full wp-image-2779\" title=\"fif200px-Lennart.Geijer\" alt=\"\" src=\"http:\/\/www.susannavaris.com\/blogg\/wp-content\/uploads\/2011\/10\/fif200px-Lennart.Geijer.jpg\" width=\"200\" height=\"244\" \/><\/a><em>Sveriges justitieminister Lennart Geijer anklagades f\u00f6r att ha bes\u00f6kt bordeller med minder\u00e5riga och sj\u00e4lvaste Olof Palme hotade journalister i riksdagen med att st\u00e4nga ner vissa tidningar om man fortsatte att skriva om detta.<\/em><\/p>\n<p style=\"text-align: center;\"><a href=\"http:\/\/www.susannavaris.com\/blogg\/wp-content\/uploads\/2011\/10\/fifolof_palme_200_2006_02_27_h19m55s35.jpg\"><img loading=\"lazy\" decoding=\"async\" class=\"aligncenter size-full wp-image-2780\" title=\"fifolof_palme_200_2006_02_27_h19m55s35\" alt=\"\" src=\"http:\/\/www.susannavaris.com\/blogg\/wp-content\/uploads\/2011\/10\/fifolof_palme_200_2006_02_27_h19m55s35.jpg\" width=\"200\" height=\"220\" \/><\/a><em>Olof Palme<\/em><\/p>\n<p style=\"text-align: center;\"><a href=\"http:\/\/www.susannavaris.com\/blogg\/wp-content\/uploads\/2011\/10\/fifBjorn_Rosengren_thumb.jpg\"><img loading=\"lazy\" decoding=\"async\" class=\"aligncenter size-full wp-image-2781\" title=\"fifBjorn_Rosengren_thumb\" alt=\"\" src=\"http:\/\/www.susannavaris.com\/blogg\/wp-content\/uploads\/2011\/10\/fifBjorn_Rosengren_thumb.jpg\" width=\"199\" height=\"267\" \/><\/a><em>Bj\u00f6rn Rosengren fick ta sm\u00e4llen, men det s\u00e4gs att det var en annan p\u00e5l\u00e4ggskalv som skulle skyddas den kv\u00e4llen p\u00e5 den dimmiga klubben&#8230;<\/em><\/p>\n<p style=\"text-align: center;\"><a href=\"http:\/\/www.susannavaris.com\/blogg\/wp-content\/uploads\/2011\/10\/fifG\u00f6ran-Persson.jpg\"><img loading=\"lazy\" decoding=\"async\" class=\"aligncenter size-full wp-image-2782\" title=\"fifG\u00f6ran Persson\" alt=\"\" src=\"http:\/\/www.susannavaris.com\/blogg\/wp-content\/uploads\/2011\/10\/fifG\u00f6ran-Persson.jpg\" width=\"447\" height=\"276\" srcset=\"http:\/\/www.susannavaris.com\/blogg\/wp-content\/uploads\/2011\/10\/fifG\u00f6ran-Persson.jpg 447w, http:\/\/www.susannavaris.com\/blogg\/wp-content\/uploads\/2011\/10\/fifG\u00f6ran-Persson-300x185.jpg 300w\" sizes=\"auto, (max-width: 447px) 100vw, 447px\" \/><\/a><em>G\u00f6ran Persson<\/em><\/p>\n<p style=\"text-align: center;\"><a href=\"http:\/\/www.susannavaris.com\/blogg\/wp-content\/uploads\/2011\/10\/fifebbecarlsson1.jpg\"><img loading=\"lazy\" decoding=\"async\" class=\"aligncenter size-full wp-image-2783\" title=\"fifebbecarlsson1\" alt=\"\" src=\"http:\/\/www.susannavaris.com\/blogg\/wp-content\/uploads\/2011\/10\/fifebbecarlsson1.jpg\" width=\"420\" height=\"233\" srcset=\"http:\/\/www.susannavaris.com\/blogg\/wp-content\/uploads\/2011\/10\/fifebbecarlsson1.jpg 420w, http:\/\/www.susannavaris.com\/blogg\/wp-content\/uploads\/2011\/10\/fifebbecarlsson1-300x166.jpg 300w\" sizes=\"auto, (max-width: 420px) 100vw, 420px\" \/><\/a><em>Ebbe Carlsson, en bokf\u00f6rl\u00e4ggare utan n\u00e5gra som helst yrkesmandat, fick exceptionella befogenheter att agera privatspanare i utredningen om mordet av Palme av d\u00e5varande justitieminister Anna-Greta Leijon.<\/em><\/p>\n<p style=\"text-align: center;\"><a href=\"http:\/\/www.susannavaris.com\/blogg\/wp-content\/uploads\/2011\/10\/fifGudrun-Schyman.jpeg\"><img loading=\"lazy\" decoding=\"async\" class=\"aligncenter size-full wp-image-2784\" title=\"fifGudrun Schyman\" alt=\"\" src=\"http:\/\/www.susannavaris.com\/blogg\/wp-content\/uploads\/2011\/10\/fifGudrun-Schyman.jpeg\" width=\"180\" height=\"266\" \/><\/a><em>Gudrun Schyman hade inte ordning p\u00e5 rese-ers\u00e4ttningarna och tvingades avg\u00e5. Hon blev politisk vilde&#8230;<\/em><\/p>\n<p style=\"text-align: center;\"><a href=\"http:\/\/www.susannavaris.com\/blogg\/wp-content\/uploads\/2011\/10\/fifpetz\u00e4ll2.jpg\"><img loading=\"lazy\" decoding=\"async\" class=\"aligncenter size-full wp-image-2785\" title=\"fifpetz\u00e4ll2\" alt=\"\" src=\"http:\/\/www.susannavaris.com\/blogg\/wp-content\/uploads\/2011\/10\/fifpetz\u00e4ll2.jpg\" width=\"200\" height=\"301\" srcset=\"http:\/\/www.susannavaris.com\/blogg\/wp-content\/uploads\/2011\/10\/fifpetz\u00e4ll2.jpg 200w, http:\/\/www.susannavaris.com\/blogg\/wp-content\/uploads\/2011\/10\/fifpetz\u00e4ll2-199x300.jpg 199w\" sizes=\"auto, (max-width: 200px) 100vw, 200px\" \/><\/a><em>&#8230;som William Petz\u00e4ll, som tvingades avg\u00e5 efter att ha misslyckats med behandlingen f\u00f6r sitt missbruk. Petz\u00e4ll sitter kvar med full ers\u00e4ttning i riksdagen och ska arbeta med missbruksfr\u00e5gor i egen regi.<\/em><\/p>\n<p style=\"text-align: center;\"><a href=\"http:\/\/www.susannavaris.com\/blogg\/wp-content\/uploads\/2011\/10\/fifThomas_Bodstrom.jpg\"><img loading=\"lazy\" decoding=\"async\" class=\"aligncenter size-full wp-image-2786\" title=\"fifThomas_Bodstrom\" alt=\"\" src=\"http:\/\/www.susannavaris.com\/blogg\/wp-content\/uploads\/2011\/10\/fifThomas_Bodstrom.jpg\" width=\"150\" height=\"209\" \/><\/a><em>Thomas Bodstr\u00f6m beh\u00f6vde inte ens vara partimedlem f\u00f6r att v\u00e4ljas till minister, men den r\u00e4tta s-m\u00e4rkningen hade han v\u00e4l i generna. (Thomas far Lennart Bodstr\u00f6m var b\u00e5de socialdemokratisk utrikes- och utbildningsminister.) Thomas blev nu senast sur efter att inte ha f\u00e5tt sk\u00f6ta sitt ministeruppdrag per facebook fr\u00e5n USA och skrev en avsl\u00f6jande bok om maktspelet inom socialdemokratin.<\/em><\/p>\n<p style=\"text-align: center;\"><a href=\"http:\/\/www.susannavaris.com\/blogg\/wp-content\/uploads\/2011\/10\/fifanna_sjodin_f_150.jpg\"><img loading=\"lazy\" decoding=\"async\" class=\"aligncenter size-full wp-image-2787\" title=\"fifanna_sjodin_f_150\" alt=\"\" src=\"http:\/\/www.susannavaris.com\/blogg\/wp-content\/uploads\/2011\/10\/fifanna_sjodin_f_150.jpg\" width=\"150\" height=\"205\" \/><\/a><em>Socialdemokratiska ungdomsf\u00f6rbundets ordf\u00f6rande Anna Sj\u00f6din svirade till det p\u00e5 krogen, hamnade i br\u00e5k med vakterna och tvingades till slut avg\u00e5.<\/em><\/p>\n<p style=\"text-align: center;\"><a href=\"http:\/\/www.susannavaris.com\/blogg\/wp-content\/uploads\/2011\/10\/fifyvonneruwaidaqx.jpg\"><img loading=\"lazy\" decoding=\"async\" class=\"aligncenter size-full wp-image-2788\" title=\"fifyvonneruwaidaqx\" alt=\"\" src=\"http:\/\/www.susannavaris.com\/blogg\/wp-content\/uploads\/2011\/10\/fifyvonneruwaidaqx.jpg\" width=\"244\" height=\"364\" srcset=\"http:\/\/www.susannavaris.com\/blogg\/wp-content\/uploads\/2011\/10\/fifyvonneruwaidaqx.jpg 244w, http:\/\/www.susannavaris.com\/blogg\/wp-content\/uploads\/2011\/10\/fifyvonneruwaidaqx-201x300.jpg 201w\" sizes=\"auto, (max-width: 244px) 100vw, 244px\" \/><\/a><em>Sedan har vi den milj\u00f6v\u00e4nlige riksdagsledamoten Yvonne Ruwaida, som hellre \u00e4n att g\u00e5, cykla eller \u00e5ka kollektivt tog taxi med skattebetalarnas pengar f\u00f6r belopp i hundratusenkronorsklassen.<\/em><\/p>\n<p style=\"text-align: center;\"><a href=\"http:\/\/www.susannavaris.com\/blogg\/wp-content\/uploads\/2011\/10\/fiffalkvinge-assange_615955c.jpg\"><img loading=\"lazy\" decoding=\"async\" class=\"aligncenter size-full wp-image-2794\" title=\"fiffalkvinge-assange_615955c\" alt=\"\" src=\"http:\/\/www.susannavaris.com\/blogg\/wp-content\/uploads\/2011\/10\/fiffalkvinge-assange_615955c.jpg\" width=\"485\" height=\"272\" srcset=\"http:\/\/www.susannavaris.com\/blogg\/wp-content\/uploads\/2011\/10\/fiffalkvinge-assange_615955c.jpg 485w, http:\/\/www.susannavaris.com\/blogg\/wp-content\/uploads\/2011\/10\/fiffalkvinge-assange_615955c-300x168.jpg 300w\" sizes=\"auto, (max-width: 485px) 100vw, 485px\" \/><\/a><em>Till sist; Rick Falkvinge och Piratpartiet erbj\u00f6d sig \u00e4delmodigt att ta hand om Wikileaks servrar, just med avsikten att dra nytta av s\u00e4rbehandlingen av politiker, riksdagsledam\u00f6ter och politiska partier.<\/em><\/p>\n<p style=\"text-align: center;\"><a href=\"http:\/\/www.aftonbladet.se\/ledare\/article13766263.ab\">http:\/\/www.aftonbladet.se\/ledare\/article13766263.ab<\/a><\/p>\n<p style=\"text-align: center;\">&#8211; : &#8211; : &#8211; : &#8211;<\/p>\n<p style=\"text-align: center;\">Thomas G\u00fcr i dagens (15\/10) Svd:<\/p>\n<p style=\"text-align: center;\"><a href=\"http:\/\/www.svd.se\/opinion\/ledarsidan\/arbetslinje-aven-for-politikerna_6554049.svd\">http:\/\/www.svd.se\/opinion\/ledarsidan\/arbetslinje-aven-for-politikerna_6554049.svd<\/a><\/p>\n","protected":false},"excerpt":{"rendered":"<p>H\u00e5kan Juholt &#8230;att den begr\u00e4nsade \u00e5talsimmuniteten och en del andra gr\u00e4ddfiler som riksdagsledam\u00f6ter \u00e5tnjuter kan ifr\u00e5gas\u00e4ttas. Det finns ingen som helst anledning till varf\u00f6r inte de bidrag som riksdagsledam\u00f6ter kan ta del av ska ing\u00e5 i listan \u00f6ver bidrag vars &hellip; <a href=\"http:\/\/www.susannavaris.com\/blogg\/2011\/10\/for-ovrigt-anser-jag-3\/\">Forts\u00e4tt l\u00e4sa <span class=\"meta-nav\">&rarr;<\/span><\/a><\/p>\n","protected":false},"author":1,"featured_media":0,"comment_status":"open","ping_status":"open","sticky":false,"template":"","format":"standard","meta":{"footnotes":""},"categories":[8,674,590],"tags":[775,776,773,774],"class_list":["post-2771","post","type-post","status-publish","format-standard","hentry","category-for-ovrigt-anser-jag-att","category-historia","category-politik","tag-fiffel","tag-fusk","tag-hakan-juholt","tag-socialdemokrati"],"_links":{"self":[{"href":"http:\/\/www.susannavaris.com\/blogg\/wp-json\/wp\/v2\/posts\/2771","targetHints":{"allow":["GET"]}}],"collection":[{"href":"http:\/\/www.susannavaris.com\/blogg\/wp-json\/wp\/v2\/posts"}],"about":[{"href":"http:\/\/www.susannavaris.com\/blogg\/wp-json\/wp\/v2\/types\/post"}],"author":[{"embeddable":true,"href":"http:\/\/www.susannavaris.com\/blogg\/wp-json\/wp\/v2\/users\/1"}],"replies":[{"embeddable":true,"href":"http:\/\/www.susannavaris.com\/blogg\/wp-json\/wp\/v2\/comments?post=2771"}],"version-history":[{"count":11,"href":"http:\/\/www.susannavaris.com\/blogg\/wp-json\/wp\/v2\/posts\/2771\/revisions"}],"predecessor-version":[{"id":2795,"href":"http:\/\/www.susannavaris.com\/blogg\/wp-json\/wp\/v2\/posts\/2771\/revisions\/2795"}],"wp:attachment":[{"href":"http:\/\/www.susannavaris.com\/blogg\/wp-json\/wp\/v2\/media?parent=2771"}],"wp:term":[{"taxonomy":"category","embeddable":true,"href":"http:\/\/www.susannavaris.com\/blogg\/wp-json\/wp\/v2\/categories?post=2771"},{"taxonomy":"post_tag","embeddable":true,"href":"http:\/\/www.susannavaris.com\/blogg\/wp-json\/wp\/v2\/tags?post=2771"}],"curies":[{"name":"wp","href":"https:\/\/api.w.org\/{rel}","templated":true}]}}