{"id":2807,"date":"2011-10-16T22:09:53","date_gmt":"2011-10-16T20:09:53","guid":{"rendered":"http:\/\/www.susannavaris.com\/blogg\/?p=2807"},"modified":"2011-10-16T22:09:53","modified_gmt":"2011-10-16T20:09:53","slug":"kommande-hyss","status":"publish","type":"post","link":"http:\/\/www.susannavaris.com\/blogg\/2011\/10\/kommande-hyss\/","title":{"rendered":"Kommande hyss"},"content":{"rendered":"<p style=\"text-align: center;\"><a href=\"http:\/\/www.susannavaris.com\/blogg\/wp-content\/uploads\/2011\/10\/Kockscommercial01dtext.jpg\"><img loading=\"lazy\" decoding=\"async\" class=\"aligncenter size-full wp-image-2808\" title=\"Kockscommercial01dtext\" src=\"http:\/\/www.susannavaris.com\/blogg\/wp-content\/uploads\/2011\/10\/Kockscommercial01dtext.jpg\" alt=\"\" width=\"1024\" height=\"671\" srcset=\"http:\/\/www.susannavaris.com\/blogg\/wp-content\/uploads\/2011\/10\/Kockscommercial01dtext.jpg 1024w, http:\/\/www.susannavaris.com\/blogg\/wp-content\/uploads\/2011\/10\/Kockscommercial01dtext-300x196.jpg 300w\" sizes=\"auto, (max-width: 1024px) 100vw, 1024px\" \/><\/a><em>Ingen officiell reklam&#8230;bara en liten f\u00f6rhandspuff. Vi ska s\u00e5 klart <em>b\u00e5da tv\u00e5<\/em>\u00a0vara med p\u00e5 den riktiga affischen&#8230; Foto: Susanna Varis<\/em><\/p>\n<p>I november kommer jag att ha en gemensam utst\u00e4llning med en konstn\u00e4rskollega, Veronica Strandberg. Vi kommer att st\u00e4lla ut p\u00e5 Galleri Kocks, som ligger p\u00e5 Kocksgatan p\u00e5 S\u00f6dermalm. DARK. H\u00f6stm\u00f6rkret l\u00e4gger sig \u00f6ver landet, det \u00e4r m\u00f6rka tider och dark \u00e4r nog den minsta gemensamma n\u00e4mnaren f\u00f6r v\u00e5ra stilar. Jag har gillat Veronicas verk fr\u00e5n f\u00f6rsta g\u00e5ngen jag s\u00e5g dem p\u00e5 facebook och tematiskt passar vi bra ihop, s\u00e5 jag \u00e4r j\u00e4tteglad f\u00f6r detta samarbete.<\/p>\n<p style=\"text-align: center;\"><a href=\"http:\/\/www.susannavaris.com\/blogg\/wp-content\/uploads\/2011\/10\/340006_10150371323261929_599026928_9885115_3943430_o.jpg\"><img loading=\"lazy\" decoding=\"async\" class=\"aligncenter size-large wp-image-2810\" title=\"340006_10150371323261929_599026928_9885115_3943430_o\" src=\"http:\/\/www.susannavaris.com\/blogg\/wp-content\/uploads\/2011\/10\/340006_10150371323261929_599026928_9885115_3943430_o-1024x682.jpg\" alt=\"\" width=\"640\" height=\"426\" srcset=\"http:\/\/www.susannavaris.com\/blogg\/wp-content\/uploads\/2011\/10\/340006_10150371323261929_599026928_9885115_3943430_o-1024x682.jpg 1024w, http:\/\/www.susannavaris.com\/blogg\/wp-content\/uploads\/2011\/10\/340006_10150371323261929_599026928_9885115_3943430_o-300x199.jpg 300w, http:\/\/www.susannavaris.com\/blogg\/wp-content\/uploads\/2011\/10\/340006_10150371323261929_599026928_9885115_3943430_o.jpg 2048w\" sizes=\"auto, (max-width: 640px) 100vw, 640px\" \/><\/a><em>Veronica Strandberg. Foto: Veronica Strandberg<\/em><\/p>\n<p style=\"text-align: center;\"><a href=\"http:\/\/www.susannavaris.com\/blogg\/wp-content\/uploads\/2011\/10\/305763_10150425471011929_599026928_10246870_1937385281_n.jpg\"><img loading=\"lazy\" decoding=\"async\" class=\"aligncenter size-full wp-image-2811\" title=\"305763_10150425471011929_599026928_10246870_1937385281_n\" src=\"http:\/\/www.susannavaris.com\/blogg\/wp-content\/uploads\/2011\/10\/305763_10150425471011929_599026928_10246870_1937385281_n.jpg\" alt=\"\" width=\"681\" height=\"960\" srcset=\"http:\/\/www.susannavaris.com\/blogg\/wp-content\/uploads\/2011\/10\/305763_10150425471011929_599026928_10246870_1937385281_n.jpg 681w, http:\/\/www.susannavaris.com\/blogg\/wp-content\/uploads\/2011\/10\/305763_10150425471011929_599026928_10246870_1937385281_n-212x300.jpg 212w\" sizes=\"auto, (max-width: 681px) 100vw, 681px\" \/><\/a><em>Kat von D and Ludwig av Veronica Strandberg. Foto: Veronica Strandberg<\/em><\/p>\n<p style=\"text-align: center;\"><a href=\"http:\/\/www.susannavaris.com\/blogg\/wp-content\/uploads\/2011\/10\/218491_10150243798181929_599026928_8638647_3862324_o.jpg\"><img loading=\"lazy\" decoding=\"async\" class=\"aligncenter size-full wp-image-2812\" title=\"218491_10150243798181929_599026928_8638647_3862324_o\" src=\"http:\/\/www.susannavaris.com\/blogg\/wp-content\/uploads\/2011\/10\/218491_10150243798181929_599026928_8638647_3862324_o.jpg\" alt=\"\" width=\"664\" height=\"1000\" srcset=\"http:\/\/www.susannavaris.com\/blogg\/wp-content\/uploads\/2011\/10\/218491_10150243798181929_599026928_8638647_3862324_o.jpg 664w, http:\/\/www.susannavaris.com\/blogg\/wp-content\/uploads\/2011\/10\/218491_10150243798181929_599026928_8638647_3862324_o-199x300.jpg 199w\" sizes=\"auto, (max-width: 664px) 100vw, 664px\" \/><\/a><em>Unidentified Redhead av Veronica Strandberg. Foto: Veronica Strandberg<\/em><\/p>\n<p style=\"text-align: center;\">\u00a0<a href=\"http:\/\/www.veronicastrandberg.se\/\">http:\/\/www.veronicastrandberg.se\/<\/a><\/p>\n<p style=\"text-align: center;\"><a href=\"http:\/\/www.veronicastrandberg.se\/blogg\/\">http:\/\/www.veronicastrandberg.se\/blogg\/<\/a><\/p>\n<p>&nbsp;<\/p>\n","protected":false},"excerpt":{"rendered":"<p>Ingen officiell reklam&#8230;bara en liten f\u00f6rhandspuff. Vi ska s\u00e5 klart b\u00e5da tv\u00e5\u00a0vara med p\u00e5 den riktiga affischen&#8230; Foto: Susanna Varis I november kommer jag att ha en gemensam utst\u00e4llning med en konstn\u00e4rskollega, Veronica Strandberg. Vi kommer att st\u00e4lla ut p\u00e5 &hellip; <a href=\"http:\/\/www.susannavaris.com\/blogg\/2011\/10\/kommande-hyss\/\">Forts\u00e4tt l\u00e4sa <span class=\"meta-nav\">&rarr;<\/span><\/a><\/p>\n","protected":false},"author":1,"featured_media":0,"comment_status":"open","ping_status":"open","sticky":false,"template":"","format":"standard","meta":{"footnotes":""},"categories":[777,3,1,4],"tags":[778,780,779],"class_list":["post-2807","post","type-post","status-publish","format-standard","hentry","category-galleri-kocks","category-konst","category-okategoriserade","category-utstallning","tag-galleri-kocks-2","tag-kat-vond","tag-veronica-strandberg"],"_links":{"self":[{"href":"http:\/\/www.susannavaris.com\/blogg\/wp-json\/wp\/v2\/posts\/2807","targetHints":{"allow":["GET"]}}],"collection":[{"href":"http:\/\/www.susannavaris.com\/blogg\/wp-json\/wp\/v2\/posts"}],"about":[{"href":"http:\/\/www.susannavaris.com\/blogg\/wp-json\/wp\/v2\/types\/post"}],"author":[{"embeddable":true,"href":"http:\/\/www.susannavaris.com\/blogg\/wp-json\/wp\/v2\/users\/1"}],"replies":[{"embeddable":true,"href":"http:\/\/www.susannavaris.com\/blogg\/wp-json\/wp\/v2\/comments?post=2807"}],"version-history":[{"count":5,"href":"http:\/\/www.susannavaris.com\/blogg\/wp-json\/wp\/v2\/posts\/2807\/revisions"}],"predecessor-version":[{"id":2816,"href":"http:\/\/www.susannavaris.com\/blogg\/wp-json\/wp\/v2\/posts\/2807\/revisions\/2816"}],"wp:attachment":[{"href":"http:\/\/www.susannavaris.com\/blogg\/wp-json\/wp\/v2\/media?parent=2807"}],"wp:term":[{"taxonomy":"category","embeddable":true,"href":"http:\/\/www.susannavaris.com\/blogg\/wp-json\/wp\/v2\/categories?post=2807"},{"taxonomy":"post_tag","embeddable":true,"href":"http:\/\/www.susannavaris.com\/blogg\/wp-json\/wp\/v2\/tags?post=2807"}],"curies":[{"name":"wp","href":"https:\/\/api.w.org\/{rel}","templated":true}]}}