{"id":2817,"date":"2011-10-17T12:54:44","date_gmt":"2011-10-17T10:54:44","guid":{"rendered":"http:\/\/www.susannavaris.com\/blogg\/?p=2817"},"modified":"2011-12-28T11:18:44","modified_gmt":"2011-12-28T10:18:44","slug":"cyklister","status":"publish","type":"post","link":"http:\/\/www.susannavaris.com\/blogg\/2011\/10\/cyklister\/","title":{"rendered":"Cyklister"},"content":{"rendered":"<p><a href=\"http:\/\/www.susannavaris.com\/blogg\/wp-content\/uploads\/2011\/10\/3084876560_ef04f078d2_z.jpg\"><img loading=\"lazy\" decoding=\"async\" class=\"aligncenter size-full wp-image-2819\" title=\"3084876560_ef04f078d2_z\" src=\"http:\/\/www.susannavaris.com\/blogg\/wp-content\/uploads\/2011\/10\/3084876560_ef04f078d2_z.jpg\" alt=\"\" width=\"640\" height=\"637\" srcset=\"http:\/\/www.susannavaris.com\/blogg\/wp-content\/uploads\/2011\/10\/3084876560_ef04f078d2_z.jpg 640w, http:\/\/www.susannavaris.com\/blogg\/wp-content\/uploads\/2011\/10\/3084876560_ef04f078d2_z-150x150.jpg 150w, http:\/\/www.susannavaris.com\/blogg\/wp-content\/uploads\/2011\/10\/3084876560_ef04f078d2_z-300x298.jpg 300w\" sizes=\"auto, (max-width: 640px) 100vw, 640px\" \/><\/a><\/p>\n<p>Polisen inleder idag en kampanj mot aggressiv k\u00f6rning i stockholmstrafiken. Utm\u00e4rkt initiativ. Nog f\u00f6r att m\u00e5nga bilister k\u00f6r sitt eget lilla Gumball, utan h\u00e4nsyn till varken andra bilister, cyklister, fotg\u00e4ngare eller n\u00e5gonting annat. Otaliga \u00e4r de g\u00e5nger jag n\u00e4stan blivit p\u00e5k\u00f6rd p\u00e5 Klarabergsviadukten. En g\u00e5ng nuddade en Mercedes mitt kn\u00e4 n\u00e4r jag var p\u00e5 v\u00e4g \u00f6ver p\u00e5 ett \u00f6verg\u00e5ngsst\u00e4lle. Jag sparkade till bilen. En annan g\u00e5ng fick en sm\u00e5barnspappa HOPPA tillbaka bakl\u00e4nges ett steg upp p\u00e5 trottoaren med sin barnvagn vid samma \u00f6verg\u00e5ngsst\u00e4lle f\u00f6r att undvika att bli p\u00e5k\u00f6rd av ung donna som gasade p\u00e5 f\u00f6r glatta livet.<\/p>\n<p>Numera \u00e4r det dock inte bilarna som skr\u00e4mmer mig mest, det \u00e4r cyklisterna. Dom kommer ljudl\u00f6st, dom kommer varifr\u00e5n som helst, dom kommer i vansinneshastigheter. Bilarna vet man i alla fall var man har. Bilar gasar inte p\u00e5 p\u00e5 trottoarer eller pendelplattformar eller var man nu kan t\u00e4nkas kunna kl\u00e4mma in en cykel. \u00c4r den totalt egocentriska k\u00f6rningen ett tecken p\u00e5 upplevelsen av att vara en slags moralisk \u00f6verl\u00e4gsen kast? Jag \u00e4r milj\u00f6v\u00e4nlig, allts\u00e5 kan jag k\u00f6ra b\u00e4st fasiken jag vill. F\u00f6r \u00f6vrigt \u00e4r ju den mest milj\u00f6v\u00e4nliga trafikanten fotg\u00e4ngaren, \u00e4ven cykling inneb\u00e4r resursf\u00f6rbrukning vid t ex tillverkning och transporter.<\/p>\n<p><a href=\"http:\/\/www.susannavaris.com\/blogg\/wp-content\/uploads\/2011\/10\/tour-de-france-wallpaper.jpg\"><img loading=\"lazy\" decoding=\"async\" class=\"aligncenter size-full wp-image-2820\" title=\"tour de france wallpaper\" src=\"http:\/\/www.susannavaris.com\/blogg\/wp-content\/uploads\/2011\/10\/tour-de-france-wallpaper.jpg\" alt=\"\" width=\"480\" height=\"363\" srcset=\"http:\/\/www.susannavaris.com\/blogg\/wp-content\/uploads\/2011\/10\/tour-de-france-wallpaper.jpg 480w, http:\/\/www.susannavaris.com\/blogg\/wp-content\/uploads\/2011\/10\/tour-de-france-wallpaper-300x226.jpg 300w\" sizes=\"auto, (max-width: 480px) 100vw, 480px\" \/><\/a><\/p>\n<p>En viss kategori av herrar i \u00e5ldrarna 20 &#8211; 50, som cykelpendlar till arbetet tycks ocks\u00e5 ha f\u00e5tt f\u00f6r sig att de i verkligheten deltar i Tour de France. Om detta skrev Erik Helmersson en rolig kolumn f\u00f6r ett tag sedan i DN. (Vid googlande av densamma hittade jag ett antal f\u00f6rn\u00e4rmade representanter f\u00f6r n\u00e4mnda kategori som p\u00e5 sina bloggar hade reagerat p\u00e5 artikeln. Blogginl\u00e4ggen uppvisade en total avsaknad av sj\u00e4lvdistans och humor&#8230;)<\/p>\n<p style=\"text-align: center;\">Erik Helmerson i DN:<\/p>\n<p style=\"text-align: center;\"><a href=\"http:\/\/www.dn.se\/ledare\/signerat\/cykelkonjunktur-trend-som-gatt-over-styre\">http:\/\/www.dn.se\/ledare\/signerat\/cykelkonjunktur-trend-som-gatt-over-styre<\/a><\/p>\n<p>Nya cykelbanor ska det dessutom bli i den milj\u00f6politiska korrekthetens tecken. F\u00f6r ett tag sedan klev jag av en norrg\u00e5ende buss vid Wennergren center. D\u00e4r har den geniala l\u00f6sningen blivit: f\u00f6rst en bussh\u00e5llplats ytterst, sedan en cykelbana, sedan en trottoar. Cykelbanan och trottoaren samsas s\u00e5 klart p\u00e5 den gamla, bredare trottoaren. N\u00e4r jag kliver av blir jag straxt n\u00e4stintill p\u00e5k\u00f6rd av en cyklist. V\u00e4jningsplikt eller bara vanligt hyfs ber\u00f6r inte cyklisten. St\u00e5r man p\u00e5 en cykelbana, om s\u00e5 f\u00f6r att man precis har klivit av en buss, har man r\u00e4tt att cykla \u00f6ver vederb\u00f6rande tycks regeln lyda.<\/p>\n<p>Det vore bra om man t\u00e4nkte igenom milj\u00f6v\u00e4nligheten i att stillast\u00e5ende bilar krypk\u00f6r och gasar runt i city timtals innan de n\u00e5r sina destinationer, eftersom det redan har kl\u00e4mts in cykelbanor och sp\u00e5rvagnar till br\u00e4dden p\u00e5 m\u00e5nga gator. Men visst, om nu inte trafik utifr\u00e5n \u00e4r \u00f6nskv\u00e4rd inne i city kan man v\u00e4l ringa in den vid tullarna med avsp\u00e4rrningar f\u00f6r biltrafik och g\u00f6ra om gatorna till mysiga promenadstr\u00e5k med cykelbanor. Kanske starta lite lokal produktion av matvaror p\u00e5 torgen? Inr\u00e4tta ett litet livsstilsskansen f\u00f6r de utvalda? Sk\u00e4mt \u00e5sido, cykling \u00e4r bra f\u00f6r milj\u00f6n och ska fr\u00e4mjas, men en del cyklister skulle m\u00e5 bra av element\u00e4r trafikkunskap och ska man bygga fler cykelbanor och -leder, b\u00f6r de helst vara v\u00e4l genomt\u00e4nkta, v\u00e4l separerade fr\u00e5n annan trafik, v\u00e4l utm\u00e4rkta och utformade med s\u00e4rskild h\u00e4nsyn till alla trafikslagens samverkan med varandra.<\/p>\n<p><a href=\"http:\/\/sverigesradio.se\/sida\/artikel.aspx?programid=83&amp;artikel=4748715\">http:\/\/sverigesradio.se\/sida\/artikel.aspx?programid=83&amp;artikel=4748715<\/a><\/p>\n<p>Bj\u00f6rn af Kleen i Expressen p\u00e5 julafton:<\/p>\n<p><a href=\"http:\/\/www.expressen.se\/1.2659668\">http:\/\/www.expressen.se\/1.2659668<\/a><\/p>\n<p>&nbsp;<\/p>\n","protected":false},"excerpt":{"rendered":"<p>Polisen inleder idag en kampanj mot aggressiv k\u00f6rning i stockholmstrafiken. Utm\u00e4rkt initiativ. Nog f\u00f6r att m\u00e5nga bilister k\u00f6r sitt eget lilla Gumball, utan h\u00e4nsyn till varken andra bilister, cyklister, fotg\u00e4ngare eller n\u00e5gonting annat. Otaliga \u00e4r de g\u00e5nger jag n\u00e4stan blivit &hellip; <a href=\"http:\/\/www.susannavaris.com\/blogg\/2011\/10\/cyklister\/\">Forts\u00e4tt l\u00e4sa <span class=\"meta-nav\">&rarr;<\/span><\/a><\/p>\n","protected":false},"author":1,"featured_media":0,"comment_status":"open","ping_status":"open","sticky":false,"template":"","format":"standard","meta":{"footnotes":""},"categories":[8,10,1,590],"tags":[781,782,175,788,783,292],"class_list":["post-2817","post","type-post","status-publish","format-standard","hentry","category-for-ovrigt-anser-jag-att","category-kuriosakabinettet","category-okategoriserade","category-politik","tag-cykel","tag-cyklister","tag-dn","tag-erik-helmerson","tag-tour-de-france","tag-wtf"],"_links":{"self":[{"href":"http:\/\/www.susannavaris.com\/blogg\/wp-json\/wp\/v2\/posts\/2817","targetHints":{"allow":["GET"]}}],"collection":[{"href":"http:\/\/www.susannavaris.com\/blogg\/wp-json\/wp\/v2\/posts"}],"about":[{"href":"http:\/\/www.susannavaris.com\/blogg\/wp-json\/wp\/v2\/types\/post"}],"author":[{"embeddable":true,"href":"http:\/\/www.susannavaris.com\/blogg\/wp-json\/wp\/v2\/users\/1"}],"replies":[{"embeddable":true,"href":"http:\/\/www.susannavaris.com\/blogg\/wp-json\/wp\/v2\/comments?post=2817"}],"version-history":[{"count":8,"href":"http:\/\/www.susannavaris.com\/blogg\/wp-json\/wp\/v2\/posts\/2817\/revisions"}],"predecessor-version":[{"id":3746,"href":"http:\/\/www.susannavaris.com\/blogg\/wp-json\/wp\/v2\/posts\/2817\/revisions\/3746"}],"wp:attachment":[{"href":"http:\/\/www.susannavaris.com\/blogg\/wp-json\/wp\/v2\/media?parent=2817"}],"wp:term":[{"taxonomy":"category","embeddable":true,"href":"http:\/\/www.susannavaris.com\/blogg\/wp-json\/wp\/v2\/categories?post=2817"},{"taxonomy":"post_tag","embeddable":true,"href":"http:\/\/www.susannavaris.com\/blogg\/wp-json\/wp\/v2\/tags?post=2817"}],"curies":[{"name":"wp","href":"https:\/\/api.w.org\/{rel}","templated":true}]}}