{"id":2835,"date":"2011-10-18T14:08:08","date_gmt":"2011-10-18T12:08:08","guid":{"rendered":"http:\/\/www.susannavaris.com\/blogg\/?p=2835"},"modified":"2011-10-18T14:08:08","modified_gmt":"2011-10-18T12:08:08","slug":"hosta","status":"publish","type":"post","link":"http:\/\/www.susannavaris.com\/blogg\/2011\/10\/hosta\/","title":{"rendered":"Hosta"},"content":{"rendered":"<p style=\"text-align: center;\"><a href=\"http:\/\/www.susannavaris.com\/blogg\/wp-content\/uploads\/2011\/10\/DSC_0121-50.jpg\"><img loading=\"lazy\" decoding=\"async\" class=\"aligncenter size-large wp-image-2836\" title=\"DSC_0121-50\" src=\"http:\/\/www.susannavaris.com\/blogg\/wp-content\/uploads\/2011\/10\/DSC_0121-50-682x1024.jpg\" alt=\"\" width=\"640\" height=\"960\" srcset=\"http:\/\/www.susannavaris.com\/blogg\/wp-content\/uploads\/2011\/10\/DSC_0121-50-682x1024.jpg 682w, http:\/\/www.susannavaris.com\/blogg\/wp-content\/uploads\/2011\/10\/DSC_0121-50-200x300.jpg 200w, http:\/\/www.susannavaris.com\/blogg\/wp-content\/uploads\/2011\/10\/DSC_0121-50.jpg 1536w\" sizes=\"auto, (max-width: 640px) 100vw, 640px\" \/><\/a><em>Foto: Susanna Varis<\/em><\/p>\n<p>Ooo Mollipect! Befria mig fr\u00e5n hostan, fr\u00e4ls mig fr\u00e5n slemmet&#8230;innan jag hostar ut in\u00e4lvorna och mitt huvud exploderar!<\/p>\n<p>Biverkningar enligt FASS:<\/p>\n<p><em>&#8221;Vanliga (fler \u00e4n 1 person av 100 drabbas):<\/em>\u00a0Yrsel, huvudv\u00e4rk, hj\u00e4rtklappning, darrningar och oro. N\u00e4sselfeber och hudutslag. Sv\u00e5righeter att kissa.<\/p>\n<p>&nbsp;<\/p>\n<p><em>Mindre vanliga (f\u00e4rre \u00e4n 1 person av 100 drabbas, fler \u00e4n 1 person av 1000 drabbas):\u00a0<\/em>Illam\u00e5ende, diarr\u00e9, kr\u00e4kningar och s\u00f6mnl\u00f6shet.<\/p>\n<p>&nbsp;<\/p>\n<p><em>S\u00e4llsynta (f\u00e4rre \u00e4n 1 person av 1000 drabbas):<\/em>Hallucinationer, f\u00f6rvirring, aggressivitet, \u00f6verg\u00e5ende f\u00f6rh\u00f6jning av vissa leverv\u00e4rden.\u00a0Muntorrhet. Kramp i luftr\u00f6rens muskulatur, vilket kan ge andningssv\u00e5righeter (bronkospasm).&#8221;<\/p>\n<p>Med andra ord: slemmet kommer upp, men om ni hittar mig t\u00e4ckt med sm\u00e5 utslag, g\u00e5endes med rullator och muckandes gr\u00e4l nere p\u00e5 g\u00e5gatan, s\u00e5 vet ni varf\u00f6r. Om jag sedan beh\u00f6ver g\u00e5 p\u00e5 damernas med j\u00e4mna mellanrum \u00e4r det ytterligare ett tecken p\u00e5 att hostmedicinen \u00e4r inblandad.<\/p>\n<p>Ute \u00e4r det i det n\u00e4rmaste storm, blygr\u00e5 skyar och barrtr\u00e4den utanf\u00f6r vispas runt som sm\u00e5 dammvippor i vinden. H\u00f6sten \u00e4r definitivt h\u00e4r. Det g\u00f6r mig ingenting, jag \u00e4lskar h\u00f6sten; de vackra f\u00e4rgerna, det ofta dramatiska v\u00e4dret. Det speciella, gyllene ljuset p\u00e5 en eftermiddag, strax f\u00f6re ett ov\u00e4der, lila, purpur, guld, okra, alla nyanser av r\u00f6tt&#8230;<\/p>\n<p>Ljuset blir rent allm\u00e4nt mera barmh\u00e4rtigt. Skymningen suddar bort en ost\u00e4dad dammr\u00e5tta. Kaosets konturer l\u00f6ses upp. H\u00f6sten \u00e4r de t\u00e4nda ljusens tid och h\u00f6stens h\u00f6gtid \u00e4r Allhelgona, som med f\u00f6rdel kan firas ihop med Halloween, enligt mig. Det allvarsamma Allhelgona, d\u00e5 man bes\u00f6ker n\u00e4ra och k\u00e4ras gravar f\u00f6r att l\u00e4gga blommor, t\u00e4nda ljus och minnas och det festliga Halloween, d\u00e4r man kan leka av sig p\u00e5 tema skr\u00e4ck. Jag t\u00e4nker p\u00e5 olika kulturer d\u00e4r man har t ex kan ha en picnic p\u00e5 kyrkog\u00e5rden, vid den avlidnes grav, f\u00f6r att g\u00f6ra denne s\u00e4llskap. Dessa traditioner finns t ex i Mexico och i Baltikum. F\u00f6rh\u00e5llandet till d\u00f6den verkar d\u00e4r vara mera avsp\u00e4nt och naturligt. Halloweens gamla ritualer f\u00f6r att h\u00e5lla oroliga andar och annat oknytt st\u00e5ngen och de moderna, att kl\u00e4 ut sig till popul\u00e4ra skr\u00e4ckfilmsfigurer t ex, \u00e4r samma andas barn. En lek kring teman som handlar om r\u00e4dslor.<\/p>\n<p>DARK. V\u00e5r utst\u00e4llning, kommer att tilldra sig ett par veckor efter Allhelgona: 18\/11 &#8211; 23\/11. En del m\u00f6rker och r\u00e4dslor utlovas. Men ocks\u00e5 glamour och stj\u00e4rnor.<\/p>\n<p>&nbsp;<\/p>\n","protected":false},"excerpt":{"rendered":"<p>Foto: Susanna Varis Ooo Mollipect! Befria mig fr\u00e5n hostan, fr\u00e4ls mig fr\u00e5n slemmet&#8230;innan jag hostar ut in\u00e4lvorna och mitt huvud exploderar! Biverkningar enligt FASS: &#8221;Vanliga (fler \u00e4n 1 person av 100 drabbas):\u00a0Yrsel, huvudv\u00e4rk, hj\u00e4rtklappning, darrningar och oro. N\u00e4sselfeber och hudutslag. &hellip; <a href=\"http:\/\/www.susannavaris.com\/blogg\/2011\/10\/hosta\/\">Forts\u00e4tt l\u00e4sa <span class=\"meta-nav\">&rarr;<\/span><\/a><\/p>\n","protected":false},"author":1,"featured_media":0,"comment_status":"open","ping_status":"open","sticky":false,"template":"","format":"standard","meta":{"footnotes":""},"categories":[777,674,1,303],"tags":[793,794,778,792,791],"class_list":["post-2835","post","type-post","status-publish","format-standard","hentry","category-galleri-kocks","category-historia","category-okategoriserade","category-religion","tag-allhelgona","tag-dark","tag-galleri-kocks-2","tag-halloween","tag-mollipect"],"_links":{"self":[{"href":"http:\/\/www.susannavaris.com\/blogg\/wp-json\/wp\/v2\/posts\/2835","targetHints":{"allow":["GET"]}}],"collection":[{"href":"http:\/\/www.susannavaris.com\/blogg\/wp-json\/wp\/v2\/posts"}],"about":[{"href":"http:\/\/www.susannavaris.com\/blogg\/wp-json\/wp\/v2\/types\/post"}],"author":[{"embeddable":true,"href":"http:\/\/www.susannavaris.com\/blogg\/wp-json\/wp\/v2\/users\/1"}],"replies":[{"embeddable":true,"href":"http:\/\/www.susannavaris.com\/blogg\/wp-json\/wp\/v2\/comments?post=2835"}],"version-history":[{"count":2,"href":"http:\/\/www.susannavaris.com\/blogg\/wp-json\/wp\/v2\/posts\/2835\/revisions"}],"predecessor-version":[{"id":2838,"href":"http:\/\/www.susannavaris.com\/blogg\/wp-json\/wp\/v2\/posts\/2835\/revisions\/2838"}],"wp:attachment":[{"href":"http:\/\/www.susannavaris.com\/blogg\/wp-json\/wp\/v2\/media?parent=2835"}],"wp:term":[{"taxonomy":"category","embeddable":true,"href":"http:\/\/www.susannavaris.com\/blogg\/wp-json\/wp\/v2\/categories?post=2835"},{"taxonomy":"post_tag","embeddable":true,"href":"http:\/\/www.susannavaris.com\/blogg\/wp-json\/wp\/v2\/tags?post=2835"}],"curies":[{"name":"wp","href":"https:\/\/api.w.org\/{rel}","templated":true}]}}