{"id":2840,"date":"2011-10-19T18:17:45","date_gmt":"2011-10-19T16:17:45","guid":{"rendered":"http:\/\/www.susannavaris.com\/blogg\/?p=2840"},"modified":"2011-10-19T18:17:45","modified_gmt":"2011-10-19T16:17:45","slug":"eftermiddag","status":"publish","type":"post","link":"http:\/\/www.susannavaris.com\/blogg\/2011\/10\/eftermiddag\/","title":{"rendered":"Eftermiddag"},"content":{"rendered":"<p style=\"text-align: center;\"><a href=\"http:\/\/www.susannavaris.com\/blogg\/wp-content\/uploads\/2011\/10\/Afternoon-in-Hell-50-2011.jpg\"><img loading=\"lazy\" decoding=\"async\" class=\"aligncenter size-large wp-image-2841\" title=\"Afternoon in Hell 50 2011\" src=\"http:\/\/www.susannavaris.com\/blogg\/wp-content\/uploads\/2011\/10\/Afternoon-in-Hell-50-2011-789x1024.jpg\" alt=\"\" width=\"640\" height=\"830\" srcset=\"http:\/\/www.susannavaris.com\/blogg\/wp-content\/uploads\/2011\/10\/Afternoon-in-Hell-50-2011-789x1024.jpg 789w, http:\/\/www.susannavaris.com\/blogg\/wp-content\/uploads\/2011\/10\/Afternoon-in-Hell-50-2011-231x300.jpg 231w, http:\/\/www.susannavaris.com\/blogg\/wp-content\/uploads\/2011\/10\/Afternoon-in-Hell-50-2011.jpg 1366w\" sizes=\"auto, (max-width: 640px) 100vw, 640px\" \/><\/a><em>Afternoon In Hell, mixed media 2011. Susanna Varis<\/em><\/p>\n<p>&#8230;i Helvetet, heter dagens collage. Bakgrunden \u00e4r m\u00e5lad f\u00f6r l\u00e4nge sedan i olja. Den har legat p\u00e5 arbetsrummet och v\u00e4ntat p\u00e5 att n\u00e5gonting ska h\u00e4nda i drygt ett \u00e5r. Den blev inte riktigt som jag ville ha den, men nu pl\u00f6tsligt passade den perfekt.<\/p>\n<p>Forts\u00e4ttning p\u00e5 tema Marilyn Manson allts\u00e5. Mitt andra verk i blandteknik med Manson-motiv.<\/p>\n","protected":false},"excerpt":{"rendered":"<p>Afternoon In Hell, mixed media 2011. Susanna Varis &#8230;i Helvetet, heter dagens collage. Bakgrunden \u00e4r m\u00e5lad f\u00f6r l\u00e4nge sedan i olja. Den har legat p\u00e5 arbetsrummet och v\u00e4ntat p\u00e5 att n\u00e5gonting ska h\u00e4nda i drygt ett \u00e5r. Den blev inte &hellip; <a href=\"http:\/\/www.susannavaris.com\/blogg\/2011\/10\/eftermiddag\/\">Forts\u00e4tt l\u00e4sa <span class=\"meta-nav\">&rarr;<\/span><\/a><\/p>\n","protected":false},"author":1,"featured_media":0,"comment_status":"open","ping_status":"open","sticky":false,"template":"","format":"standard","meta":{"footnotes":""},"categories":[7,3,12,1,303],"tags":[102,795,16,236,101],"class_list":["post-2840","post","type-post","status-publish","format-standard","hentry","category-egna-verk","category-konst","category-marilyn-manson","category-okategoriserade","category-religion","tag-afrodite","tag-hell","tag-marilyn-manson-2","tag-mm","tag-venus"],"_links":{"self":[{"href":"http:\/\/www.susannavaris.com\/blogg\/wp-json\/wp\/v2\/posts\/2840","targetHints":{"allow":["GET"]}}],"collection":[{"href":"http:\/\/www.susannavaris.com\/blogg\/wp-json\/wp\/v2\/posts"}],"about":[{"href":"http:\/\/www.susannavaris.com\/blogg\/wp-json\/wp\/v2\/types\/post"}],"author":[{"embeddable":true,"href":"http:\/\/www.susannavaris.com\/blogg\/wp-json\/wp\/v2\/users\/1"}],"replies":[{"embeddable":true,"href":"http:\/\/www.susannavaris.com\/blogg\/wp-json\/wp\/v2\/comments?post=2840"}],"version-history":[{"count":2,"href":"http:\/\/www.susannavaris.com\/blogg\/wp-json\/wp\/v2\/posts\/2840\/revisions"}],"predecessor-version":[{"id":2843,"href":"http:\/\/www.susannavaris.com\/blogg\/wp-json\/wp\/v2\/posts\/2840\/revisions\/2843"}],"wp:attachment":[{"href":"http:\/\/www.susannavaris.com\/blogg\/wp-json\/wp\/v2\/media?parent=2840"}],"wp:term":[{"taxonomy":"category","embeddable":true,"href":"http:\/\/www.susannavaris.com\/blogg\/wp-json\/wp\/v2\/categories?post=2840"},{"taxonomy":"post_tag","embeddable":true,"href":"http:\/\/www.susannavaris.com\/blogg\/wp-json\/wp\/v2\/tags?post=2840"}],"curies":[{"name":"wp","href":"https:\/\/api.w.org\/{rel}","templated":true}]}}