{"id":2844,"date":"2011-10-20T12:10:43","date_gmt":"2011-10-20T10:10:43","guid":{"rendered":"http:\/\/www.susannavaris.com\/blogg\/?p=2844"},"modified":"2011-10-20T12:10:43","modified_gmt":"2011-10-20T10:10:43","slug":"popkonst","status":"publish","type":"post","link":"http:\/\/www.susannavaris.com\/blogg\/2011\/10\/popkonst\/","title":{"rendered":"Popkonst"},"content":{"rendered":"<p style=\"text-align: center;\"><a href=\"http:\/\/www.susannavaris.com\/blogg\/wp-content\/uploads\/2011\/10\/323887_10150366882188293_836358292_8427829_1712364897_o.jpg\"><img loading=\"lazy\" decoding=\"async\" class=\"aligncenter size-large wp-image-2845\" title=\"323887_10150366882188293_836358292_8427829_1712364897_o\" src=\"http:\/\/www.susannavaris.com\/blogg\/wp-content\/uploads\/2011\/10\/323887_10150366882188293_836358292_8427829_1712364897_o-1024x768.jpg\" alt=\"\" width=\"640\" height=\"480\" srcset=\"http:\/\/www.susannavaris.com\/blogg\/wp-content\/uploads\/2011\/10\/323887_10150366882188293_836358292_8427829_1712364897_o-1024x768.jpg 1024w, http:\/\/www.susannavaris.com\/blogg\/wp-content\/uploads\/2011\/10\/323887_10150366882188293_836358292_8427829_1712364897_o-300x225.jpg 300w, http:\/\/www.susannavaris.com\/blogg\/wp-content\/uploads\/2011\/10\/323887_10150366882188293_836358292_8427829_1712364897_o.jpg 1296w\" sizes=\"auto, (max-width: 640px) 100vw, 640px\" \/><\/a><em>Green Fairy (fine art gicl\u00e9e tryck, finns att k\u00f6pa, begr\u00e4nsad upplaga av 30 st) av mig och Witch av Veronica Strandberg. Foto: Cia Lind\u00e9n<\/em><\/p>\n<p>En kund (och konstn\u00e4rskollega) som hade k\u00f6pt verk av b\u00e5de mig och Veronica Strandberg, skickade denna bild. Lustigt nog k\u00f6pte hon verken strax innan Veronica och jag b\u00f6rjade planera v\u00e5r gemensamma utst\u00e4llning. Visst passar v\u00e5ra stilar bra ihop? Kom och besk\u00e5da mera p\u00e5 galleri Kocks i Stockholm 18\/11 &#8211; 23\/11!<\/p>\n<p style=\"text-align: center;\"><a href=\"http:\/\/www.gallerikocks.com\/\">http:\/\/www.gallerikocks.com\/<\/a><\/p>\n<p style=\"text-align: center;\">Cias hemsida:<\/p>\n<p style=\"text-align: center;\"><a href=\"http:\/\/cia.linden.dinstudio.se\/\">http:\/\/cia.linden.dinstudio.se\/<\/a><\/p>\n","protected":false},"excerpt":{"rendered":"<p>Green Fairy (fine art gicl\u00e9e tryck, finns att k\u00f6pa, begr\u00e4nsad upplaga av 30 st) av mig och Witch av Veronica Strandberg. Foto: Cia Lind\u00e9n En kund (och konstn\u00e4rskollega) som hade k\u00f6pt verk av b\u00e5de mig och Veronica Strandberg, skickade denna &hellip; <a href=\"http:\/\/www.susannavaris.com\/blogg\/2011\/10\/popkonst\/\">Forts\u00e4tt l\u00e4sa <span class=\"meta-nav\">&rarr;<\/span><\/a><\/p>\n","protected":false},"author":1,"featured_media":0,"comment_status":"open","ping_status":"open","sticky":false,"template":"","format":"standard","meta":{"footnotes":""},"categories":[7,777,3,12,1,4],"tags":[796,778,53,779,797],"class_list":["post-2844","post","type-post","status-publish","format-standard","hentry","category-egna-verk","category-galleri-kocks","category-konst","category-marilyn-manson","category-okategoriserade","category-utstallning","tag-cia-linden","tag-galleri-kocks-2","tag-green-fairy","tag-veronica-strandberg","tag-witch"],"_links":{"self":[{"href":"http:\/\/www.susannavaris.com\/blogg\/wp-json\/wp\/v2\/posts\/2844","targetHints":{"allow":["GET"]}}],"collection":[{"href":"http:\/\/www.susannavaris.com\/blogg\/wp-json\/wp\/v2\/posts"}],"about":[{"href":"http:\/\/www.susannavaris.com\/blogg\/wp-json\/wp\/v2\/types\/post"}],"author":[{"embeddable":true,"href":"http:\/\/www.susannavaris.com\/blogg\/wp-json\/wp\/v2\/users\/1"}],"replies":[{"embeddable":true,"href":"http:\/\/www.susannavaris.com\/blogg\/wp-json\/wp\/v2\/comments?post=2844"}],"version-history":[{"count":2,"href":"http:\/\/www.susannavaris.com\/blogg\/wp-json\/wp\/v2\/posts\/2844\/revisions"}],"predecessor-version":[{"id":2847,"href":"http:\/\/www.susannavaris.com\/blogg\/wp-json\/wp\/v2\/posts\/2844\/revisions\/2847"}],"wp:attachment":[{"href":"http:\/\/www.susannavaris.com\/blogg\/wp-json\/wp\/v2\/media?parent=2844"}],"wp:term":[{"taxonomy":"category","embeddable":true,"href":"http:\/\/www.susannavaris.com\/blogg\/wp-json\/wp\/v2\/categories?post=2844"},{"taxonomy":"post_tag","embeddable":true,"href":"http:\/\/www.susannavaris.com\/blogg\/wp-json\/wp\/v2\/tags?post=2844"}],"curies":[{"name":"wp","href":"https:\/\/api.w.org\/{rel}","templated":true}]}}