{"id":2848,"date":"2011-10-20T12:48:33","date_gmt":"2011-10-20T10:48:33","guid":{"rendered":"http:\/\/www.susannavaris.com\/blogg\/?p=2848"},"modified":"2011-10-23T22:47:23","modified_gmt":"2011-10-23T20:47:23","slug":"fran-det-ena-till-det-andra","status":"publish","type":"post","link":"http:\/\/www.susannavaris.com\/blogg\/2011\/10\/fran-det-ena-till-det-andra\/","title":{"rendered":"Fr\u00e5n det ena till det andra&#8230;"},"content":{"rendered":"<p style=\"text-align: center;\"><a href=\"http:\/\/www.susannavaris.com\/blogg\/wp-content\/uploads\/2011\/10\/DSC_0135-50.jpg\"><img loading=\"lazy\" decoding=\"async\" class=\"aligncenter size-large wp-image-2849\" title=\"DSC_0135-50\" src=\"http:\/\/www.susannavaris.com\/blogg\/wp-content\/uploads\/2011\/10\/DSC_0135-50-682x1024.jpg\" alt=\"\" width=\"640\" height=\"960\" srcset=\"http:\/\/www.susannavaris.com\/blogg\/wp-content\/uploads\/2011\/10\/DSC_0135-50-682x1024.jpg 682w, http:\/\/www.susannavaris.com\/blogg\/wp-content\/uploads\/2011\/10\/DSC_0135-50-200x300.jpg 200w, http:\/\/www.susannavaris.com\/blogg\/wp-content\/uploads\/2011\/10\/DSC_0135-50.jpg 1536w\" sizes=\"auto, (max-width: 640px) 100vw, 640px\" \/><\/a><em>Foto: Susanna Varis<\/em><\/p>\n<p>En ny pl\u00e5ga har skickats f\u00f6r att pr\u00f6va mig, vad har jag gjort f\u00f6r ont egentligen? N\u00e4sselfeber! \u00c4r jag sex bast nu eller? Tydligen \u00e4r detta en vanlig biverkning vid medicinering med Mollipect. Den gulgr\u00f6na syndafloden kanske kommer upp fr\u00e5n halsen, men ist\u00e4llet f\u00e5r man se ut som en spet\u00e4lsk&#8230;undebart.<\/p>\n<p>Ja herregud, jag s\u00e4tter mig och v\u00e4ntar p\u00e5 gr\u00e4shopporna d\u00e5. Och f\u00f6rs\u00f6ker att inte klia.<\/p>\n","protected":false},"excerpt":{"rendered":"<p>Foto: Susanna Varis En ny pl\u00e5ga har skickats f\u00f6r att pr\u00f6va mig, vad har jag gjort f\u00f6r ont egentligen? N\u00e4sselfeber! \u00c4r jag sex bast nu eller? Tydligen \u00e4r detta en vanlig biverkning vid medicinering med Mollipect. Den gulgr\u00f6na syndafloden kanske &hellip; <a href=\"http:\/\/www.susannavaris.com\/blogg\/2011\/10\/fran-det-ena-till-det-andra\/\">Forts\u00e4tt l\u00e4sa <span class=\"meta-nav\">&rarr;<\/span><\/a><\/p>\n","protected":false},"author":1,"featured_media":0,"comment_status":"open","ping_status":"open","sticky":false,"template":"","format":"standard","meta":{"footnotes":""},"categories":[1,117],"tags":[791,798],"class_list":["post-2848","post","type-post","status-publish","format-standard","hentry","category-okategoriserade","category-vetenskap","tag-mollipect","tag-nasselfeber"],"_links":{"self":[{"href":"http:\/\/www.susannavaris.com\/blogg\/wp-json\/wp\/v2\/posts\/2848","targetHints":{"allow":["GET"]}}],"collection":[{"href":"http:\/\/www.susannavaris.com\/blogg\/wp-json\/wp\/v2\/posts"}],"about":[{"href":"http:\/\/www.susannavaris.com\/blogg\/wp-json\/wp\/v2\/types\/post"}],"author":[{"embeddable":true,"href":"http:\/\/www.susannavaris.com\/blogg\/wp-json\/wp\/v2\/users\/1"}],"replies":[{"embeddable":true,"href":"http:\/\/www.susannavaris.com\/blogg\/wp-json\/wp\/v2\/comments?post=2848"}],"version-history":[{"count":3,"href":"http:\/\/www.susannavaris.com\/blogg\/wp-json\/wp\/v2\/posts\/2848\/revisions"}],"predecessor-version":[{"id":2896,"href":"http:\/\/www.susannavaris.com\/blogg\/wp-json\/wp\/v2\/posts\/2848\/revisions\/2896"}],"wp:attachment":[{"href":"http:\/\/www.susannavaris.com\/blogg\/wp-json\/wp\/v2\/media?parent=2848"}],"wp:term":[{"taxonomy":"category","embeddable":true,"href":"http:\/\/www.susannavaris.com\/blogg\/wp-json\/wp\/v2\/categories?post=2848"},{"taxonomy":"post_tag","embeddable":true,"href":"http:\/\/www.susannavaris.com\/blogg\/wp-json\/wp\/v2\/tags?post=2848"}],"curies":[{"name":"wp","href":"https:\/\/api.w.org\/{rel}","templated":true}]}}