{"id":2864,"date":"2011-10-21T15:33:47","date_gmt":"2011-10-21T13:33:47","guid":{"rendered":"http:\/\/www.susannavaris.com\/blogg\/?p=2864"},"modified":"2011-10-21T15:33:47","modified_gmt":"2011-10-21T13:33:47","slug":"nasselfeber","status":"publish","type":"post","link":"http:\/\/www.susannavaris.com\/blogg\/2011\/10\/nasselfeber\/","title":{"rendered":"N\u00e4sselfeber"},"content":{"rendered":"<p>Mollipect fr\u00e4lste mig f\u00f6ga. Ist\u00e4llet blev jag hems\u00f6kt av n\u00e4sselfeber, som jag tidigare n\u00e4mnt. idag ringde jag s\u00e5 l\u00e4karen och bad om en annan hostmedicin. Han tyckte inte att vi skulle testa n\u00e5got mer nu, men jag fick Cetirizin Hexal f\u00f6r den allergiska reaktionen. S\u00e5 m\u00e5nga olika l\u00e4kemedel som jag \u00e4tit i \u00e5r har jag knappt stoppat i mig under hela min livstid. En bransch att investera i?<\/p>\n<p>N\u00e5v\u00e4l, n\u00e4sselfebern b\u00f6rjar ge sig, verkar det som. I mina m\u00f6rkare stunder hann jag redan f\u00f6rest\u00e4lla mig sex veckor av spet\u00e4lskhet och kl\u00e5da. Jag hoppas nu att jag \u00e4ntligen ska kunna bli frisk.<\/p>\n<p style=\"text-align: center;\"><a href=\"http:\/\/www.susannavaris.com\/blogg\/wp-content\/uploads\/2011\/10\/versace-hm1-540x447.jpg\"><img loading=\"lazy\" decoding=\"async\" class=\"aligncenter size-full wp-image-2865\" title=\"versace-hm1-540x447\" src=\"http:\/\/www.susannavaris.com\/blogg\/wp-content\/uploads\/2011\/10\/versace-hm1-540x447.jpg\" alt=\"\" width=\"540\" height=\"447\" srcset=\"http:\/\/www.susannavaris.com\/blogg\/wp-content\/uploads\/2011\/10\/versace-hm1-540x447.jpg 540w, http:\/\/www.susannavaris.com\/blogg\/wp-content\/uploads\/2011\/10\/versace-hm1-540x447-300x248.jpg 300w\" sizes=\"auto, (max-width: 540px) 100vw, 540px\" \/><\/a><em>Foto: HM<\/em><\/p>\n<p>Aprop\u00e5 n\u00e4sselfeber kommer ju Versaces kollektion f\u00f6r HM ut i butikerna 17\/11. Jag vill ha i runda sl\u00e4ngar tv\u00e5 tredjedelar av allt som finns att k\u00f6pa i den. Men jag \u00e4r tveksam till att \u00e5ka in till stan i svinottan f\u00f6r att k\u00f6a med andra hysteriska kvinns f\u00f6r att sedan delta i galenskapen inne i butiken. Jag f\u00e5r se hur det blir. Dessutom \u00e4r det samma dag som upph\u00e4ngning av v\u00e5ra verk ska ske p\u00e5 Galleri Kocks&#8230;<\/p>\n<p style=\"text-align: center;\"><a href=\"http:\/\/www.susannavaris.com\/blogg\/wp-content\/uploads\/2011\/10\/versace.jpg\"><img loading=\"lazy\" decoding=\"async\" class=\"aligncenter size-full wp-image-2866\" title=\"versace\" src=\"http:\/\/www.susannavaris.com\/blogg\/wp-content\/uploads\/2011\/10\/versace.jpg\" alt=\"\" width=\"812\" height=\"605\" srcset=\"http:\/\/www.susannavaris.com\/blogg\/wp-content\/uploads\/2011\/10\/versace.jpg 812w, http:\/\/www.susannavaris.com\/blogg\/wp-content\/uploads\/2011\/10\/versace-300x223.jpg 300w\" sizes=\"auto, (max-width: 812px) 100vw, 812px\" \/><\/a><a href=\"http:\/\/www.susannavaris.com\/blogg\/wp-content\/uploads\/2011\/10\/versace_hm2.jpg\"><img loading=\"lazy\" decoding=\"async\" class=\"aligncenter size-full wp-image-2867\" title=\"versace_hm2\" src=\"http:\/\/www.susannavaris.com\/blogg\/wp-content\/uploads\/2011\/10\/versace_hm2.jpg\" alt=\"\" width=\"800\" height=\"843\" srcset=\"http:\/\/www.susannavaris.com\/blogg\/wp-content\/uploads\/2011\/10\/versace_hm2.jpg 800w, http:\/\/www.susannavaris.com\/blogg\/wp-content\/uploads\/2011\/10\/versace_hm2-284x300.jpg 284w\" sizes=\"auto, (max-width: 800px) 100vw, 800px\" \/><\/a><em>Foton HM<\/em><\/p>\n<p style=\"text-align: center;\">Versace \u00e4r lite samma eurokitschiga andas barn som min \u00e4lskade Roberto Cavalli. Men b\u00e5da m\u00e4rkena representerar en sorts stilfull kitsch. Cavalli har dessutom ett extra st\u00e4nk av konstn\u00e4rlighet i sig.<\/p>\n","protected":false},"excerpt":{"rendered":"<p>Mollipect fr\u00e4lste mig f\u00f6ga. Ist\u00e4llet blev jag hems\u00f6kt av n\u00e4sselfeber, som jag tidigare n\u00e4mnt. idag ringde jag s\u00e5 l\u00e4karen och bad om en annan hostmedicin. Han tyckte inte att vi skulle testa n\u00e5got mer nu, men jag fick Cetirizin Hexal &hellip; <a href=\"http:\/\/www.susannavaris.com\/blogg\/2011\/10\/nasselfeber\/\">Forts\u00e4tt l\u00e4sa <span class=\"meta-nav\">&rarr;<\/span><\/a><\/p>\n","protected":false},"author":1,"featured_media":0,"comment_status":"open","ping_status":"open","sticky":false,"template":"","format":"standard","meta":{"footnotes":""},"categories":[110,777,3,14,1],"tags":[806,778,808,791,807],"class_list":["post-2864","post","type-post","status-publish","format-standard","hentry","category-foto","category-galleri-kocks","category-konst","category-mode","category-okategoriserade","tag-cetirizin-hexal","tag-galleri-kocks-2","tag-hm","tag-mollipect","tag-versace"],"_links":{"self":[{"href":"http:\/\/www.susannavaris.com\/blogg\/wp-json\/wp\/v2\/posts\/2864","targetHints":{"allow":["GET"]}}],"collection":[{"href":"http:\/\/www.susannavaris.com\/blogg\/wp-json\/wp\/v2\/posts"}],"about":[{"href":"http:\/\/www.susannavaris.com\/blogg\/wp-json\/wp\/v2\/types\/post"}],"author":[{"embeddable":true,"href":"http:\/\/www.susannavaris.com\/blogg\/wp-json\/wp\/v2\/users\/1"}],"replies":[{"embeddable":true,"href":"http:\/\/www.susannavaris.com\/blogg\/wp-json\/wp\/v2\/comments?post=2864"}],"version-history":[{"count":2,"href":"http:\/\/www.susannavaris.com\/blogg\/wp-json\/wp\/v2\/posts\/2864\/revisions"}],"predecessor-version":[{"id":2869,"href":"http:\/\/www.susannavaris.com\/blogg\/wp-json\/wp\/v2\/posts\/2864\/revisions\/2869"}],"wp:attachment":[{"href":"http:\/\/www.susannavaris.com\/blogg\/wp-json\/wp\/v2\/media?parent=2864"}],"wp:term":[{"taxonomy":"category","embeddable":true,"href":"http:\/\/www.susannavaris.com\/blogg\/wp-json\/wp\/v2\/categories?post=2864"},{"taxonomy":"post_tag","embeddable":true,"href":"http:\/\/www.susannavaris.com\/blogg\/wp-json\/wp\/v2\/tags?post=2864"}],"curies":[{"name":"wp","href":"https:\/\/api.w.org\/{rel}","templated":true}]}}