{"id":2877,"date":"2011-10-23T11:18:11","date_gmt":"2011-10-23T09:18:11","guid":{"rendered":"http:\/\/www.susannavaris.com\/blogg\/?p=2877"},"modified":"2011-10-23T12:05:49","modified_gmt":"2011-10-23T10:05:49","slug":"sondagsangest","status":"publish","type":"post","link":"http:\/\/www.susannavaris.com\/blogg\/2011\/10\/sondagsangest\/","title":{"rendered":"S\u00f6ndags\u00e5ngest"},"content":{"rendered":"<p>Vackert v\u00e4der. Jag tror att jag ska g\u00e5 ut en sv\u00e4ng. Influensans sp\u00e5r \u00e4r fortfarande inte borta, jag hostar lungorna ur mig och k\u00e4nner mig svag i kroppen. Vi gick en f\u00f6rs\u00f6kspromenad ig\u00e5r och det gick till en b\u00f6rjan r\u00e4tt v\u00e4l, men n\u00e4r jag sedan skulle uppf\u00f6r helvetesbacken hem h\u00f6ll jag p\u00e5 att uppl\u00f6sas av anstr\u00e4ngning. Moderskan menar att jag inte borde g\u00e5 och jobba imorgon, Uffe \u00e4r ben\u00e4gen att h\u00e5lla med&#8230;jag har lite temperatur fortfarande, lite halsont, hostan h\u00e5ller i sig, men framf\u00f6r allt \u00e4r k\u00e4nslan i kroppen inte frisk. Ingen energi spritter i kroppen, p\u00e5 promenaden h\u00f6ll jag mig uppr\u00e4t, inte s\u00e5 mycket mer.<\/p>\n<p>S\u00e5 jag vet inte&#8230;jag ligger och v\u00e5ndas och undrar hur jag ska g\u00f6ra. S\u00e5 om jag g\u00e5r en f\u00f6rs\u00f6kspromenad igen? Ser hur det k\u00e4nns. Det \u00e4r fantastiskt fint ute nu&#8230;jag tror att jag g\u00f6r det och rapporterar sedan.<\/p>\n<p>&#8211; : &#8211; : &#8211; : &#8211;<\/p>\n<p>Jag kom ungef\u00e4r 300 meter fr\u00e5n huset, sedan b\u00f6rjade kroppen protestera. Ingen ork \u00f6verhuvudtaget. Jag v\u00e4nde tillbaka, kom till g\u00e5rden och gick ett extra varv runt husen. Jag orkar inte vara sjuk l\u00e4ngre.<\/p>\n<p>&nbsp;<\/p>\n","protected":false},"excerpt":{"rendered":"<p>Vackert v\u00e4der. Jag tror att jag ska g\u00e5 ut en sv\u00e4ng. Influensans sp\u00e5r \u00e4r fortfarande inte borta, jag hostar lungorna ur mig och k\u00e4nner mig svag i kroppen. Vi gick en f\u00f6rs\u00f6kspromenad ig\u00e5r och det gick till en b\u00f6rjan r\u00e4tt &hellip; <a href=\"http:\/\/www.susannavaris.com\/blogg\/2011\/10\/sondagsangest\/\">Forts\u00e4tt l\u00e4sa <span class=\"meta-nav\">&rarr;<\/span><\/a><\/p>\n","protected":false},"author":1,"featured_media":0,"comment_status":"open","ping_status":"open","sticky":false,"template":"","format":"standard","meta":{"footnotes":""},"categories":[1],"tags":[790],"class_list":["post-2877","post","type-post","status-publish","format-standard","hentry","category-okategoriserade","tag-influensa"],"_links":{"self":[{"href":"http:\/\/www.susannavaris.com\/blogg\/wp-json\/wp\/v2\/posts\/2877","targetHints":{"allow":["GET"]}}],"collection":[{"href":"http:\/\/www.susannavaris.com\/blogg\/wp-json\/wp\/v2\/posts"}],"about":[{"href":"http:\/\/www.susannavaris.com\/blogg\/wp-json\/wp\/v2\/types\/post"}],"author":[{"embeddable":true,"href":"http:\/\/www.susannavaris.com\/blogg\/wp-json\/wp\/v2\/users\/1"}],"replies":[{"embeddable":true,"href":"http:\/\/www.susannavaris.com\/blogg\/wp-json\/wp\/v2\/comments?post=2877"}],"version-history":[{"count":4,"href":"http:\/\/www.susannavaris.com\/blogg\/wp-json\/wp\/v2\/posts\/2877\/revisions"}],"predecessor-version":[{"id":2880,"href":"http:\/\/www.susannavaris.com\/blogg\/wp-json\/wp\/v2\/posts\/2877\/revisions\/2880"}],"wp:attachment":[{"href":"http:\/\/www.susannavaris.com\/blogg\/wp-json\/wp\/v2\/media?parent=2877"}],"wp:term":[{"taxonomy":"category","embeddable":true,"href":"http:\/\/www.susannavaris.com\/blogg\/wp-json\/wp\/v2\/categories?post=2877"},{"taxonomy":"post_tag","embeddable":true,"href":"http:\/\/www.susannavaris.com\/blogg\/wp-json\/wp\/v2\/tags?post=2877"}],"curies":[{"name":"wp","href":"https:\/\/api.w.org\/{rel}","templated":true}]}}