{"id":2897,"date":"2011-10-24T13:18:04","date_gmt":"2011-10-24T11:18:04","guid":{"rendered":"http:\/\/www.susannavaris.com\/blogg\/?p=2897"},"modified":"2011-10-24T13:18:04","modified_gmt":"2011-10-24T11:18:04","slug":"sma-framsteg","status":"publish","type":"post","link":"http:\/\/www.susannavaris.com\/blogg\/2011\/10\/sma-framsteg\/","title":{"rendered":"Sm\u00e5 framsteg"},"content":{"rendered":"<p style=\"text-align: center;\"><a href=\"http:\/\/www.susannavaris.com\/blogg\/wp-content\/uploads\/2011\/10\/111024vardcentralen-022metal.jpg\"><img loading=\"lazy\" decoding=\"async\" class=\"aligncenter size-large wp-image-2900\" title=\"111024vardcentralen 022metal\" src=\"http:\/\/www.susannavaris.com\/blogg\/wp-content\/uploads\/2011\/10\/111024vardcentralen-022metal-768x1024.jpg\" alt=\"\" width=\"640\" height=\"853\" srcset=\"http:\/\/www.susannavaris.com\/blogg\/wp-content\/uploads\/2011\/10\/111024vardcentralen-022metal-768x1024.jpg 768w, http:\/\/www.susannavaris.com\/blogg\/wp-content\/uploads\/2011\/10\/111024vardcentralen-022metal-225x300.jpg 225w\" sizes=\"auto, (max-width: 640px) 100vw, 640px\" \/><\/a><em>Inte riktigt mig sj\u00e4lv \u00e4n&#8230; Foto: Susanna Varis<\/em><\/p>\n<p>Idag, p\u00e5 v\u00e4g till v\u00e5rdcentralen, k\u00e4nde jag mig f\u00f6r f\u00f6rsta g\u00e5ngen under influensan lite frisk. En liten gnista av energi. Det kanske g\u00e5r \u00e5t r\u00e4tt h\u00e5ll nu, jag kanske blir frisk till slut? Jag ska f\u00f6rs\u00f6ka f\u00e5 tillbaka orken nu med sm\u00e5 promenader. Sedan betackar jag mig f\u00f6r fler virus och bakterier. Alla som kommer till jobbet sjuka, eller \u00e5ker till jobbet sjuka med kollektivtrafiken f\u00e5r surstr\u00f6mming i sina brevl\u00e5dor.<\/p>\n<p><a href=\"http:\/\/www.susannavaris.com\/blogg\/wp-content\/uploads\/2011\/10\/111024vardcentralen-016crop.jpg\"><img loading=\"lazy\" decoding=\"async\" class=\"aligncenter size-large wp-image-2898\" title=\"111024vardcentralen 016crop\" src=\"http:\/\/www.susannavaris.com\/blogg\/wp-content\/uploads\/2011\/10\/111024vardcentralen-016crop-568x1024.jpg\" alt=\"\" width=\"568\" height=\"1024\" srcset=\"http:\/\/www.susannavaris.com\/blogg\/wp-content\/uploads\/2011\/10\/111024vardcentralen-016crop-568x1024.jpg 568w, http:\/\/www.susannavaris.com\/blogg\/wp-content\/uploads\/2011\/10\/111024vardcentralen-016crop-166x300.jpg 166w, http:\/\/www.susannavaris.com\/blogg\/wp-content\/uploads\/2011\/10\/111024vardcentralen-016crop.jpg 1332w\" sizes=\"auto, (max-width: 568px) 100vw, 568px\" \/><\/a>Foto: Susanna Varis<\/p>\n","protected":false},"excerpt":{"rendered":"<p>Inte riktigt mig sj\u00e4lv \u00e4n&#8230; Foto: Susanna Varis Idag, p\u00e5 v\u00e4g till v\u00e5rdcentralen, k\u00e4nde jag mig f\u00f6r f\u00f6rsta g\u00e5ngen under influensan lite frisk. En liten gnista av energi. Det kanske g\u00e5r \u00e5t r\u00e4tt h\u00e5ll nu, jag kanske blir frisk till &hellip; <a href=\"http:\/\/www.susannavaris.com\/blogg\/2011\/10\/sma-framsteg\/\">Forts\u00e4tt l\u00e4sa <span class=\"meta-nav\">&rarr;<\/span><\/a><\/p>\n","protected":false},"author":1,"featured_media":0,"comment_status":"open","ping_status":"open","sticky":false,"template":"","format":"standard","meta":{"footnotes":""},"categories":[1],"tags":[790],"class_list":["post-2897","post","type-post","status-publish","format-standard","hentry","category-okategoriserade","tag-influensa"],"_links":{"self":[{"href":"http:\/\/www.susannavaris.com\/blogg\/wp-json\/wp\/v2\/posts\/2897","targetHints":{"allow":["GET"]}}],"collection":[{"href":"http:\/\/www.susannavaris.com\/blogg\/wp-json\/wp\/v2\/posts"}],"about":[{"href":"http:\/\/www.susannavaris.com\/blogg\/wp-json\/wp\/v2\/types\/post"}],"author":[{"embeddable":true,"href":"http:\/\/www.susannavaris.com\/blogg\/wp-json\/wp\/v2\/users\/1"}],"replies":[{"embeddable":true,"href":"http:\/\/www.susannavaris.com\/blogg\/wp-json\/wp\/v2\/comments?post=2897"}],"version-history":[{"count":3,"href":"http:\/\/www.susannavaris.com\/blogg\/wp-json\/wp\/v2\/posts\/2897\/revisions"}],"predecessor-version":[{"id":2904,"href":"http:\/\/www.susannavaris.com\/blogg\/wp-json\/wp\/v2\/posts\/2897\/revisions\/2904"}],"wp:attachment":[{"href":"http:\/\/www.susannavaris.com\/blogg\/wp-json\/wp\/v2\/media?parent=2897"}],"wp:term":[{"taxonomy":"category","embeddable":true,"href":"http:\/\/www.susannavaris.com\/blogg\/wp-json\/wp\/v2\/categories?post=2897"},{"taxonomy":"post_tag","embeddable":true,"href":"http:\/\/www.susannavaris.com\/blogg\/wp-json\/wp\/v2\/tags?post=2897"}],"curies":[{"name":"wp","href":"https:\/\/api.w.org\/{rel}","templated":true}]}}