{"id":2909,"date":"2011-10-24T18:38:24","date_gmt":"2011-10-24T16:38:24","guid":{"rendered":"http:\/\/www.susannavaris.com\/blogg\/?p=2909"},"modified":"2011-10-24T22:01:12","modified_gmt":"2011-10-24T20:01:12","slug":"som-gumman-ur-ladan","status":"publish","type":"post","link":"http:\/\/www.susannavaris.com\/blogg\/2011\/10\/som-gumman-ur-ladan\/","title":{"rendered":"Som gumman ur l\u00e5dan&#8230;"},"content":{"rendered":"<p style=\"text-align: center;\"><a href=\"http:\/\/www.susannavaris.com\/blogg\/wp-content\/uploads\/2011\/10\/lindamiddagIMG_4238-657x465.jpg\"><img loading=\"lazy\" decoding=\"async\" class=\"aligncenter size-full wp-image-2910\" title=\"lindamiddagIMG_4238-657x465\" src=\"http:\/\/www.susannavaris.com\/blogg\/wp-content\/uploads\/2011\/10\/lindamiddagIMG_4238-657x465.jpg\" alt=\"\" width=\"657\" height=\"465\" srcset=\"http:\/\/www.susannavaris.com\/blogg\/wp-content\/uploads\/2011\/10\/lindamiddagIMG_4238-657x465.jpg 657w, http:\/\/www.susannavaris.com\/blogg\/wp-content\/uploads\/2011\/10\/lindamiddagIMG_4238-657x465-300x212.jpg 300w\" sizes=\"auto, (max-width: 657px) 100vw, 657px\" \/><\/a><em>4 Stj\u00e4rnors Middag, Kanal 5 ikv\u00e4ll. Foto: Kanal 5<\/em><\/p>\n<p style=\"text-align: center;\"><a href=\"http:\/\/www.susannavaris.com\/blogg\/wp-content\/uploads\/2011\/10\/lindaok\u00e4nda3682267344.jpg\"><img loading=\"lazy\" decoding=\"async\" class=\"aligncenter size-full wp-image-2911\" title=\"lindaok\u00e4nda3682267344\" src=\"http:\/\/www.susannavaris.com\/blogg\/wp-content\/uploads\/2011\/10\/lindaok\u00e4nda3682267344.jpg\" alt=\"\" width=\"464\" height=\"235\" srcset=\"http:\/\/www.susannavaris.com\/blogg\/wp-content\/uploads\/2011\/10\/lindaok\u00e4nda3682267344.jpg 464w, http:\/\/www.susannavaris.com\/blogg\/wp-content\/uploads\/2011\/10\/lindaok\u00e4nda3682267344-300x151.jpg 300w\" sizes=\"auto, (max-width: 464px) 100vw, 464px\" \/><\/a><em>Sjuan ikv\u00e4ll, Det Ok\u00e4nda. Foto: Sjuan<\/em><\/p>\n<p>&#8230;hoppar multitalangen Linda (Rosing) Thelenius upp i rutan ikv\u00e4ll igen! Och inte i ett, men tv\u00e5 program! Klockan 19.00 kan du avnjuta hennes n\u00e4rvaro i rutan p\u00e5 Kanal 5, d\u00e4r 4 Stj\u00e4rnors Middag g\u00e5r av stapeln. Klockan 21.00 \u00e4r det Sjuans tur och programmet Det Ok\u00e4nda. Det har ju g\u00e5tt flera veckor, om inte n\u00e4stan m\u00e5nader utan Linda i n\u00e5gon media. Abstinensen m\u00e5ste vara sv\u00e5r. Vilket sammantr\u00e4ffande att det har b\u00f6rjat sp\u00f6ka i LO-borgen just n\u00e4r Linda har haft lite medieskugga. Undrar om sp\u00f6kena kommer att m\u00e4rkas p\u00e5 Lindas middag&#8230;?<\/p>\n<p>Tidigare genom \u00e5ren har Linda Thelenius gett uttryck f\u00f6r sina m\u00e5nga talanger i olika media:<\/p>\n<p style=\"text-align: center;\"><a href=\"http:\/\/www.susannavaris.com\/blogg\/wp-content\/uploads\/2011\/10\/linda-micke_36380973bigbrother.jpg\"><img loading=\"lazy\" decoding=\"async\" class=\"aligncenter size-full wp-image-2912\" title=\"linda-micke_36380973bigbrother\" src=\"http:\/\/www.susannavaris.com\/blogg\/wp-content\/uploads\/2011\/10\/linda-micke_36380973bigbrother.jpg\" alt=\"\" width=\"368\" height=\"493\" srcset=\"http:\/\/www.susannavaris.com\/blogg\/wp-content\/uploads\/2011\/10\/linda-micke_36380973bigbrother.jpg 368w, http:\/\/www.susannavaris.com\/blogg\/wp-content\/uploads\/2011\/10\/linda-micke_36380973bigbrother-223x300.jpg 223w\" sizes=\"auto, (max-width: 368px) 100vw, 368px\" \/><\/a><em>Allt b\u00f6rjade med Big Brother. Linda och Micke gav ansikten \u00e5t &#8221;det guppande t\u00e4cket&#8221;.<\/em><\/p>\n<p style=\"text-align: center;\"><a href=\"http:\/\/www.susannavaris.com\/blogg\/wp-content\/uploads\/2011\/10\/lindafaddespe8fefb.jpg\"><img loading=\"lazy\" decoding=\"async\" class=\"aligncenter size-full wp-image-2913\" title=\"lindafaddespe8fefb\" src=\"http:\/\/www.susannavaris.com\/blogg\/wp-content\/uploads\/2011\/10\/lindafaddespe8fefb.jpg\" alt=\"\" width=\"514\" height=\"344\" srcset=\"http:\/\/www.susannavaris.com\/blogg\/wp-content\/uploads\/2011\/10\/lindafaddespe8fefb.jpg 514w, http:\/\/www.susannavaris.com\/blogg\/wp-content\/uploads\/2011\/10\/lindafaddespe8fefb-300x200.jpg 300w\" sizes=\"auto, (max-width: 514px) 100vw, 514px\" \/><\/a><em>Linda Rosings och Fadde Darwich\u00b4relation var en st\u00e4ndig f\u00f6ljet\u00e5ng i pressen under n\u00e5gra \u00e5r.<\/em><\/p>\n<p style=\"text-align: center;\"><a href=\"http:\/\/www.susannavaris.com\/blogg\/wp-content\/uploads\/2011\/10\/lindaSatsar+p\u00e5+musiken.jpg\"><img loading=\"lazy\" decoding=\"async\" class=\"aligncenter size-full wp-image-2914\" title=\"lindaSatsar+p\u00e5+musiken\" src=\"http:\/\/www.susannavaris.com\/blogg\/wp-content\/uploads\/2011\/10\/lindaSatsar+p\u00e5+musiken.jpg\" alt=\"\" width=\"480\" height=\"282\" srcset=\"http:\/\/www.susannavaris.com\/blogg\/wp-content\/uploads\/2011\/10\/lindaSatsar+p\u00e5+musiken.jpg 480w, http:\/\/www.susannavaris.com\/blogg\/wp-content\/uploads\/2011\/10\/lindaSatsar+p\u00e5+musiken-300x176.jpg 300w\" sizes=\"auto, (max-width: 480px) 100vw, 480px\" \/><\/a><em>Linda vek ut sig&#8230;<\/em><\/p>\n<p style=\"text-align: center;\"><a href=\"http:\/\/www.susannavaris.com\/blogg\/wp-content\/uploads\/2011\/10\/lindabionda171527_1_f.jpg\"><img loading=\"lazy\" decoding=\"async\" class=\"aligncenter size-full wp-image-2915\" title=\"lindabionda171527_1_f\" src=\"http:\/\/www.susannavaris.com\/blogg\/wp-content\/uploads\/2011\/10\/lindabionda171527_1_f.jpg\" alt=\"\" width=\"800\" height=\"808\" srcset=\"http:\/\/www.susannavaris.com\/blogg\/wp-content\/uploads\/2011\/10\/lindabionda171527_1_f.jpg 800w, http:\/\/www.susannavaris.com\/blogg\/wp-content\/uploads\/2011\/10\/lindabionda171527_1_f-297x300.jpg 297w\" sizes=\"auto, (max-width: 800px) 100vw, 800px\" \/><\/a><em>Linda satsade p\u00e5 musiken under artistnamnet Bionda&#8230;<\/em><\/p>\n<p style=\"text-align: center;\"><a href=\"http:\/\/www.susannavaris.com\/blogg\/wp-content\/uploads\/2011\/10\/lindaplayboyrosing.jpg\"><img loading=\"lazy\" decoding=\"async\" class=\"aligncenter size-full wp-image-2916\" title=\"lindaplayboyrosing\" src=\"http:\/\/www.susannavaris.com\/blogg\/wp-content\/uploads\/2011\/10\/lindaplayboyrosing.jpg\" alt=\"\" width=\"327\" height=\"442\" srcset=\"http:\/\/www.susannavaris.com\/blogg\/wp-content\/uploads\/2011\/10\/lindaplayboyrosing.jpg 327w, http:\/\/www.susannavaris.com\/blogg\/wp-content\/uploads\/2011\/10\/lindaplayboyrosing-221x300.jpg 221w\" sizes=\"auto, (max-width: 327px) 100vw, 327px\" \/><\/a><em>Linda slimmade till sig och gjorde fler sk\u00f6nhetsingrepp, allt i hopp om att komma med i amerikanska Playboy&#8230;<\/em><\/p>\n<p style=\"text-align: center;\"><a href=\"http:\/\/www.susannavaris.com\/blogg\/wp-content\/uploads\/2011\/10\/lindaplayboy1.77945TS1278610782481_defaultImage.jpg\"><img loading=\"lazy\" decoding=\"async\" class=\"aligncenter size-full wp-image-2917\" title=\"lindaplayboy1.77945TS1278610782481_defaultImage\" src=\"http:\/\/www.susannavaris.com\/blogg\/wp-content\/uploads\/2011\/10\/lindaplayboy1.77945TS1278610782481_defaultImage.jpg\" alt=\"\" width=\"375\" height=\"375\" srcset=\"http:\/\/www.susannavaris.com\/blogg\/wp-content\/uploads\/2011\/10\/lindaplayboy1.77945TS1278610782481_defaultImage.jpg 375w, http:\/\/www.susannavaris.com\/blogg\/wp-content\/uploads\/2011\/10\/lindaplayboy1.77945TS1278610782481_defaultImage-150x150.jpg 150w, http:\/\/www.susannavaris.com\/blogg\/wp-content\/uploads\/2011\/10\/lindaplayboy1.77945TS1278610782481_defaultImage-300x300.jpg 300w\" sizes=\"auto, (max-width: 375px) 100vw, 375px\" \/><\/a><em>Det hj\u00e4lpte inte. Playboy st\u00e4llde sig kallsinning, men Linda fick posera f\u00f6r Playboys smyckesreklam&#8230;<\/em><\/p>\n<p style=\"text-align: center;\"><a href=\"http:\/\/www.susannavaris.com\/blogg\/wp-content\/uploads\/2011\/10\/lindaF\u00f6rebild-.jpg\"><img loading=\"lazy\" decoding=\"async\" class=\"aligncenter size-full wp-image-2918\" title=\"lindaF\u00f6rebild-\" src=\"http:\/\/www.susannavaris.com\/blogg\/wp-content\/uploads\/2011\/10\/lindaF\u00f6rebild-.jpg\" alt=\"\" width=\"623\" height=\"299\" srcset=\"http:\/\/www.susannavaris.com\/blogg\/wp-content\/uploads\/2011\/10\/lindaF\u00f6rebild-.jpg 623w, http:\/\/www.susannavaris.com\/blogg\/wp-content\/uploads\/2011\/10\/lindaF\u00f6rebild--300x143.jpg 300w\" sizes=\"auto, (max-width: 623px) 100vw, 623px\" \/><\/a><em>Linda visade upp sina sk\u00f6nhetsingrepp i tv&#8230;<\/em><\/p>\n<p style=\"text-align: center;\"><a href=\"http:\/\/www.susannavaris.com\/blogg\/wp-content\/uploads\/2011\/10\/lindaporrfilmrosing438ny.jpg\"><img loading=\"lazy\" decoding=\"async\" class=\"aligncenter size-full wp-image-2919\" title=\"lindaporrfilmrosing438ny\" src=\"http:\/\/www.susannavaris.com\/blogg\/wp-content\/uploads\/2011\/10\/lindaporrfilmrosing438ny.jpg\" alt=\"\" width=\"438\" height=\"296\" srcset=\"http:\/\/www.susannavaris.com\/blogg\/wp-content\/uploads\/2011\/10\/lindaporrfilmrosing438ny.jpg 438w, http:\/\/www.susannavaris.com\/blogg\/wp-content\/uploads\/2011\/10\/lindaporrfilmrosing438ny-300x202.jpg 300w\" sizes=\"auto, (max-width: 438px) 100vw, 438px\" \/><\/a><em>Linda skulle spela in porrfilm i Italien&#8230;<\/em><\/p>\n<p style=\"text-align: center;\"><a href=\"http:\/\/www.susannavaris.com\/blogg\/wp-content\/uploads\/2011\/10\/lindabok9185499277_2.jpg\"><img loading=\"lazy\" decoding=\"async\" class=\"aligncenter size-full wp-image-2920\" title=\"lindabok9185499277_2\" src=\"http:\/\/www.susannavaris.com\/blogg\/wp-content\/uploads\/2011\/10\/lindabok9185499277_2.jpg\" alt=\"\" width=\"473\" height=\"795\" srcset=\"http:\/\/www.susannavaris.com\/blogg\/wp-content\/uploads\/2011\/10\/lindabok9185499277_2.jpg 473w, http:\/\/www.susannavaris.com\/blogg\/wp-content\/uploads\/2011\/10\/lindabok9185499277_2-178x300.jpg 178w\" sizes=\"auto, (max-width: 473px) 100vw, 473px\" \/><\/a><em>Linda gav ut sina memoarer och skulle bli seri\u00f6s&#8230;<\/em><\/p>\n<p style=\"text-align: center;\"><a href=\"http:\/\/www.susannavaris.com\/blogg\/wp-content\/uploads\/2011\/10\/Linda-Rosing-Expressen-ljuger.jpeg\"><img loading=\"lazy\" decoding=\"async\" class=\"aligncenter size-full wp-image-2921\" title=\"Linda Rosing- Expressen ljuger\" src=\"http:\/\/www.susannavaris.com\/blogg\/wp-content\/uploads\/2011\/10\/Linda-Rosing-Expressen-ljuger.jpeg\" alt=\"\" width=\"920\" height=\"600\" srcset=\"http:\/\/www.susannavaris.com\/blogg\/wp-content\/uploads\/2011\/10\/Linda-Rosing-Expressen-ljuger.jpeg 920w, http:\/\/www.susannavaris.com\/blogg\/wp-content\/uploads\/2011\/10\/Linda-Rosing-Expressen-ljuger-300x195.jpg 300w\" sizes=\"auto, (max-width: 920px) 100vw, 920px\" \/><\/a><em>&#8230;men tvingades att vika ut sig igen.<\/em><\/p>\n<p style=\"text-align: center;\"><a href=\"http:\/\/www.susannavaris.com\/blogg\/wp-content\/uploads\/2011\/10\/lindaunikapartietNYHETER-10s35-rosing-618_438.jpg\"><img loading=\"lazy\" decoding=\"async\" class=\"aligncenter size-full wp-image-2922\" title=\"lindaunikapartietNYHETER-10s35-rosing-618_438\" src=\"http:\/\/www.susannavaris.com\/blogg\/wp-content\/uploads\/2011\/10\/lindaunikapartietNYHETER-10s35-rosing-618_438.jpg\" alt=\"\" width=\"438\" height=\"292\" srcset=\"http:\/\/www.susannavaris.com\/blogg\/wp-content\/uploads\/2011\/10\/lindaunikapartietNYHETER-10s35-rosing-618_438.jpg 438w, http:\/\/www.susannavaris.com\/blogg\/wp-content\/uploads\/2011\/10\/lindaunikapartietNYHETER-10s35-rosing-618_438-300x200.jpg 300w\" sizes=\"auto, (max-width: 438px) 100vw, 438px\" \/><\/a><em>Linda blev seri\u00f6s igen och kandiderade till riksdagen med Unika Partiet 2006&#8230;<\/em><\/p>\n<p style=\"text-align: center;\"><a href=\"http:\/\/www.susannavaris.com\/blogg\/wp-content\/uploads\/2011\/10\/lindarosing_svt_debatt_091030_01.jpg\"><img loading=\"lazy\" decoding=\"async\" class=\"aligncenter size-full wp-image-2923\" title=\"lindarosing_svt_debatt_091030_01\" src=\"http:\/\/www.susannavaris.com\/blogg\/wp-content\/uploads\/2011\/10\/lindarosing_svt_debatt_091030_01.jpg\" alt=\"\" width=\"347\" height=\"353\" srcset=\"http:\/\/www.susannavaris.com\/blogg\/wp-content\/uploads\/2011\/10\/lindarosing_svt_debatt_091030_01.jpg 347w, http:\/\/www.susannavaris.com\/blogg\/wp-content\/uploads\/2011\/10\/lindarosing_svt_debatt_091030_01-294x300.jpg 294w\" sizes=\"auto, (max-width: 347px) 100vw, 347px\" \/><\/a><em>Linda deltog i allehanda tv-program, h\u00e4r i SVT:s Debatt.<\/em><\/p>\n<p style=\"text-align: center;\"><a href=\"http:\/\/www.susannavaris.com\/blogg\/wp-content\/uploads\/2011\/10\/linda_rosing2_1193347504_1588662.jpg\"><img loading=\"lazy\" decoding=\"async\" class=\"aligncenter size-full wp-image-2924\" title=\"linda_rosing2_1193347504_1588662\" src=\"http:\/\/www.susannavaris.com\/blogg\/wp-content\/uploads\/2011\/10\/linda_rosing2_1193347504_1588662.jpg\" alt=\"\" width=\"360\" height=\"500\" srcset=\"http:\/\/www.susannavaris.com\/blogg\/wp-content\/uploads\/2011\/10\/linda_rosing2_1193347504_1588662.jpg 360w, http:\/\/www.susannavaris.com\/blogg\/wp-content\/uploads\/2011\/10\/linda_rosing2_1193347504_1588662-216x300.jpg 216w\" sizes=\"auto, (max-width: 360px) 100vw, 360px\" \/><\/a><em>Linda vek ut sig&#8230;<\/em><\/p>\n<p style=\"text-align: center;\"><a href=\"http:\/\/www.susannavaris.com\/blogg\/wp-content\/uploads\/2011\/10\/lindaFlygv\u00e4rdinnan-Linda-Thelenius-300x223.png\"><img loading=\"lazy\" decoding=\"async\" class=\"aligncenter size-full wp-image-2925\" title=\"lindaFlygv\u00e4rdinnan-Linda-Thelenius-300x223\" src=\"http:\/\/www.susannavaris.com\/blogg\/wp-content\/uploads\/2011\/10\/lindaFlygv\u00e4rdinnan-Linda-Thelenius-300x223.png\" alt=\"\" width=\"300\" height=\"223\" \/><\/a><em>Linda blev seri\u00f6s och utbildade sig till flygv\u00e4rdinna.<\/em><\/p>\n<p style=\"text-align: center;\"><a href=\"http:\/\/www.susannavaris.com\/blogg\/wp-content\/uploads\/2011\/10\/lindaspelar+in+i+dag.jpg\"><img loading=\"lazy\" decoding=\"async\" class=\"aligncenter size-full wp-image-2926\" title=\"lindaspelar+in+i+dag\" src=\"http:\/\/www.susannavaris.com\/blogg\/wp-content\/uploads\/2011\/10\/lindaspelar+in+i+dag.jpg\" alt=\"\" width=\"480\" height=\"293\" srcset=\"http:\/\/www.susannavaris.com\/blogg\/wp-content\/uploads\/2011\/10\/lindaspelar+in+i+dag.jpg 480w, http:\/\/www.susannavaris.com\/blogg\/wp-content\/uploads\/2011\/10\/lindaspelar+in+i+dag-300x183.jpg 300w\" sizes=\"auto, (max-width: 480px) 100vw, 480px\" \/><\/a><em>Linda fick en egen tv-serie, Den R\u00e4tte F\u00f6r Rosing i Kanal 5.<\/em><\/p>\n<p style=\"text-align: center;\"><a href=\"http:\/\/www.susannavaris.com\/blogg\/wp-content\/uploads\/2011\/10\/lindar1_30350546.jpg\"><img loading=\"lazy\" decoding=\"async\" class=\"aligncenter size-full wp-image-2927\" title=\"lindar1_30350546\" src=\"http:\/\/www.susannavaris.com\/blogg\/wp-content\/uploads\/2011\/10\/lindar1_30350546.jpg\" alt=\"\" width=\"480\" height=\"332\" srcset=\"http:\/\/www.susannavaris.com\/blogg\/wp-content\/uploads\/2011\/10\/lindar1_30350546.jpg 480w, http:\/\/www.susannavaris.com\/blogg\/wp-content\/uploads\/2011\/10\/lindar1_30350546-300x207.jpg 300w\" sizes=\"auto, (max-width: 480px) 100vw, 480px\" \/><\/a><em>Jakten p\u00e5 en ny pojkv\u00e4n till Linda inleddes, men hon hade redan tr\u00e4ffat sin blivande man&#8230;<\/em><\/p>\n<p style=\"text-align: center;\"><a href=\"http:\/\/www.susannavaris.com\/blogg\/wp-content\/uploads\/2011\/10\/lindaalsing.jpg\"><img loading=\"lazy\" decoding=\"async\" class=\"aligncenter size-full wp-image-2928\" title=\"lindaalsing\" src=\"http:\/\/www.susannavaris.com\/blogg\/wp-content\/uploads\/2011\/10\/lindaalsing.jpg\" alt=\"\" width=\"619\" height=\"377\" srcset=\"http:\/\/www.susannavaris.com\/blogg\/wp-content\/uploads\/2011\/10\/lindaalsing.jpg 619w, http:\/\/www.susannavaris.com\/blogg\/wp-content\/uploads\/2011\/10\/lindaalsing-300x182.jpg 300w\" sizes=\"auto, (max-width: 619px) 100vw, 619px\" \/><\/a><em>Linda och Adam Alsing n\u00e4r \u00e5teruppst\u00e5ndelsen av Big Brother blev aktuell&#8230;<\/em><\/p>\n<p style=\"text-align: center;\"><a href=\"http:\/\/www.susannavaris.com\/blogg\/wp-content\/uploads\/2011\/10\/lindavakna0.jpg\"><img loading=\"lazy\" decoding=\"async\" class=\"aligncenter size-full wp-image-2929\" title=\"lindavakna0\" src=\"http:\/\/www.susannavaris.com\/blogg\/wp-content\/uploads\/2011\/10\/lindavakna0.jpg\" alt=\"\" width=\"480\" height=\"360\" srcset=\"http:\/\/www.susannavaris.com\/blogg\/wp-content\/uploads\/2011\/10\/lindavakna0.jpg 480w, http:\/\/www.susannavaris.com\/blogg\/wp-content\/uploads\/2011\/10\/lindavakna0-300x225.jpg 300w\" sizes=\"auto, (max-width: 480px) 100vw, 480px\" \/><\/a><em>Linda i Vakna med the Voice<\/em><\/p>\n<p style=\"text-align: center;\"><a href=\"http:\/\/www.susannavaris.com\/blogg\/wp-content\/uploads\/2011\/10\/linda-rosing2.jpg\"><img loading=\"lazy\" decoding=\"async\" class=\"aligncenter size-full wp-image-2930\" title=\"linda-rosing2\" src=\"http:\/\/www.susannavaris.com\/blogg\/wp-content\/uploads\/2011\/10\/linda-rosing2.jpg\" alt=\"\" width=\"400\" height=\"324\" srcset=\"http:\/\/www.susannavaris.com\/blogg\/wp-content\/uploads\/2011\/10\/linda-rosing2.jpg 400w, http:\/\/www.susannavaris.com\/blogg\/wp-content\/uploads\/2011\/10\/linda-rosing2-300x243.jpg 300w\" sizes=\"auto, (max-width: 400px) 100vw, 400px\" \/><\/a><em>Linda Rosing blir Linda Thelenius<\/em><\/p>\n<p style=\"text-align: center;\"><a href=\"http:\/\/www.susannavaris.com\/blogg\/wp-content\/uploads\/2011\/10\/lindagravid.jpg\"><img loading=\"lazy\" decoding=\"async\" class=\"aligncenter size-full wp-image-2931\" title=\"lindagravid\" src=\"http:\/\/www.susannavaris.com\/blogg\/wp-content\/uploads\/2011\/10\/lindagravid.jpg\" alt=\"\" width=\"420\" height=\"312\" srcset=\"http:\/\/www.susannavaris.com\/blogg\/wp-content\/uploads\/2011\/10\/lindagravid.jpg 420w, http:\/\/www.susannavaris.com\/blogg\/wp-content\/uploads\/2011\/10\/lindagravid-300x222.jpg 300w\" sizes=\"auto, (max-width: 420px) 100vw, 420px\" \/><\/a><em>Linda visar upp gravidmage<\/em><\/p>\n<p style=\"text-align: center;\"><a href=\"http:\/\/www.susannavaris.com\/blogg\/wp-content\/uploads\/2011\/10\/lindababynyheterlindarosing_64038643.jpg\"><img loading=\"lazy\" decoding=\"async\" class=\"aligncenter size-full wp-image-2932\" title=\"lindababynyheterlindarosing_64038643\" src=\"http:\/\/www.susannavaris.com\/blogg\/wp-content\/uploads\/2011\/10\/lindababynyheterlindarosing_64038643.jpg\" alt=\"\" width=\"400\" height=\"424\" srcset=\"http:\/\/www.susannavaris.com\/blogg\/wp-content\/uploads\/2011\/10\/lindababynyheterlindarosing_64038643.jpg 400w, http:\/\/www.susannavaris.com\/blogg\/wp-content\/uploads\/2011\/10\/lindababynyheterlindarosing_64038643-283x300.jpg 283w\" sizes=\"auto, (max-width: 400px) 100vw, 400px\" \/><\/a><em>Linda har f\u00e5tt barn<\/em><\/p>\n<p style=\"text-align: center;\"><a href=\"http:\/\/www.susannavaris.com\/blogg\/wp-content\/uploads\/2011\/10\/lindaEn-halv-miljon-s\u00e5g-Sanningens-\u00f6gonblick.jpeg\"><img loading=\"lazy\" decoding=\"async\" class=\"aligncenter size-full wp-image-2933\" title=\"lindaEn halv miljon s\u00e5g Sanningens \u00f6gonblick\" src=\"http:\/\/www.susannavaris.com\/blogg\/wp-content\/uploads\/2011\/10\/lindaEn-halv-miljon-s\u00e5g-Sanningens-\u00f6gonblick.jpeg\" alt=\"\" width=\"400\" height=\"500\" srcset=\"http:\/\/www.susannavaris.com\/blogg\/wp-content\/uploads\/2011\/10\/lindaEn-halv-miljon-s\u00e5g-Sanningens-\u00f6gonblick.jpeg 400w, http:\/\/www.susannavaris.com\/blogg\/wp-content\/uploads\/2011\/10\/lindaEn-halv-miljon-s\u00e5g-Sanningens-\u00f6gonblick-240x300.jpg 240w\" sizes=\"auto, (max-width: 400px) 100vw, 400px\" \/><\/a><em>Linda i gameshowen Sanningens \u00d6gonblick&#8230;<\/em><\/p>\n<p style=\"text-align: center;\">&#8230;och som sagt, ikv\u00e4ll i hela tv\u00e5 olika program.<\/p>\n<p style=\"text-align: center;\">(Detta \u00e4r ett axplock av allt som den flitige Linda Thelenius har hunnit med under \u00e5ren, jag har s\u00e4kert gl\u00f6mt och f\u00f6rtr\u00e4ngt ett och annat&#8230;)<\/p>\n<p style=\"text-align: left;\">Linda Rosing \u00e4r arketypen f\u00f6r den nya tidens k\u00e4ndis. Anledningen till k\u00e4ndisskapet \u00e4r sekund\u00e4r, f\u00f6r att s\u00e4ga totalt ov\u00e4sentlig, huvudsaken \u00e4r att man h\u00e5ller sig p\u00e5 tapeten i media. Alla tricks \u00e4r till\u00e5tna. Alla kan numera f\u00e5 sina 15 minutes of shame och ut\u00f6ver detta f\u00e5 det att utvecklas till en hel karri\u00e4r. Vis fallenhet f\u00f6r linsluseri och brist p\u00e5 integritet underl\u00e4ttar med all s\u00e4kerhet och scandal beauty \u00e4r v\u00e4l ett v\u00e4l bepr\u00f6vat knep f\u00f6r rubriker. Jag har skrivit om det tidigare, men numera skapar man sig ett k\u00e4ndisskap f\u00f6rst och sedan kanske man fyller det med inneh\u00e5ll.<\/p>\n<p style=\"text-align: center;\">&#8211; : &#8211; : &#8211; : &#8211;<\/p>\n<p style=\"text-align: center;\"><a href=\"http:\/\/www.susannavaris.com\/blogg\/wp-content\/uploads\/2011\/10\/DSC_0137-50.jpg\"><img loading=\"lazy\" decoding=\"async\" class=\"aligncenter size-large wp-image-2938\" title=\"DSC_0137-50\" src=\"http:\/\/www.susannavaris.com\/blogg\/wp-content\/uploads\/2011\/10\/DSC_0137-50-1024x682.jpg\" alt=\"\" width=\"640\" height=\"426\" srcset=\"http:\/\/www.susannavaris.com\/blogg\/wp-content\/uploads\/2011\/10\/DSC_0137-50-1024x682.jpg 1024w, http:\/\/www.susannavaris.com\/blogg\/wp-content\/uploads\/2011\/10\/DSC_0137-50-300x200.jpg 300w\" sizes=\"auto, (max-width: 640px) 100vw, 640px\" \/><\/a><em>Kv\u00e4llens Linda p\u00e5 Kanal 5<\/em><\/p>\n<p style=\"text-align: center;\"><a href=\"http:\/\/www.susannavaris.com\/blogg\/wp-content\/uploads\/2011\/10\/DSC_0140-50.jpg\"><img loading=\"lazy\" decoding=\"async\" class=\"aligncenter size-large wp-image-2939\" title=\"DSC_0140-50\" src=\"http:\/\/www.susannavaris.com\/blogg\/wp-content\/uploads\/2011\/10\/DSC_0140-50-1024x682.jpg\" alt=\"\" width=\"640\" height=\"426\" srcset=\"http:\/\/www.susannavaris.com\/blogg\/wp-content\/uploads\/2011\/10\/DSC_0140-50-1024x682.jpg 1024w, http:\/\/www.susannavaris.com\/blogg\/wp-content\/uploads\/2011\/10\/DSC_0140-50-300x200.jpg 300w\" sizes=\"auto, (max-width: 640px) 100vw, 640px\" \/><\/a><em>\u00c4rvd tjock-tv still going strong&#8230;<\/em><\/p>\n<p style=\"text-align: center;\">&#8211; : &#8211; : &#8211; : &#8211;<\/p>\n<p style=\"text-align: center;\"><a href=\"http:\/\/www.susannavaris.com\/blogg\/wp-content\/uploads\/2011\/10\/DSC_0141-50.jpg\"><img loading=\"lazy\" decoding=\"async\" class=\"aligncenter size-large wp-image-2941\" title=\"DSC_0141-50\" src=\"http:\/\/www.susannavaris.com\/blogg\/wp-content\/uploads\/2011\/10\/DSC_0141-50-1024x682.jpg\" alt=\"\" width=\"640\" height=\"426\" srcset=\"http:\/\/www.susannavaris.com\/blogg\/wp-content\/uploads\/2011\/10\/DSC_0141-50-1024x682.jpg 1024w, http:\/\/www.susannavaris.com\/blogg\/wp-content\/uploads\/2011\/10\/DSC_0141-50-300x200.jpg 300w\" sizes=\"auto, (max-width: 640px) 100vw, 640px\" \/><\/a><em>Det Ok\u00e4nda. Sjuan.<\/em><\/p>\n<p style=\"text-align: center;\"><a href=\"http:\/\/www.susannavaris.com\/blogg\/wp-content\/uploads\/2011\/10\/DSC_0144-50.jpg\"><img loading=\"lazy\" decoding=\"async\" class=\"aligncenter size-large wp-image-2942\" title=\"DSC_0144-50\" src=\"http:\/\/www.susannavaris.com\/blogg\/wp-content\/uploads\/2011\/10\/DSC_0144-50-1024x682.jpg\" alt=\"\" width=\"640\" height=\"426\" srcset=\"http:\/\/www.susannavaris.com\/blogg\/wp-content\/uploads\/2011\/10\/DSC_0144-50-1024x682.jpg 1024w, http:\/\/www.susannavaris.com\/blogg\/wp-content\/uploads\/2011\/10\/DSC_0144-50-300x200.jpg 300w\" sizes=\"auto, (max-width: 640px) 100vw, 640px\" \/><\/a><em>Caroline Giertz kartl\u00e4gger &#8221;n\u00e4rvaron&#8221;<\/em><\/p>\n<p style=\"text-align: center;\"><a href=\"http:\/\/www.susannavaris.com\/blogg\/wp-content\/uploads\/2011\/10\/DSC_0147-50.jpg\"><img loading=\"lazy\" decoding=\"async\" class=\"aligncenter size-large wp-image-2943\" title=\"DSC_0147-50\" src=\"http:\/\/www.susannavaris.com\/blogg\/wp-content\/uploads\/2011\/10\/DSC_0147-50-1024x682.jpg\" alt=\"\" width=\"640\" height=\"426\" srcset=\"http:\/\/www.susannavaris.com\/blogg\/wp-content\/uploads\/2011\/10\/DSC_0147-50-1024x682.jpg 1024w, http:\/\/www.susannavaris.com\/blogg\/wp-content\/uploads\/2011\/10\/DSC_0147-50-300x200.jpg 300w\" sizes=\"auto, (max-width: 640px) 100vw, 640px\" \/><\/a><em>Klarsynthet av f\u00f6rsta graden. Mediet Terry in action.<\/em><\/p>\n<p style=\"text-align: center;\"><a href=\"http:\/\/www.susannavaris.com\/blogg\/wp-content\/uploads\/2011\/10\/DSC_0149-50.jpg\"><img loading=\"lazy\" decoding=\"async\" class=\"aligncenter size-large wp-image-2944\" title=\"DSC_0149-50\" src=\"http:\/\/www.susannavaris.com\/blogg\/wp-content\/uploads\/2011\/10\/DSC_0149-50-1024x682.jpg\" alt=\"\" width=\"640\" height=\"426\" srcset=\"http:\/\/www.susannavaris.com\/blogg\/wp-content\/uploads\/2011\/10\/DSC_0149-50-1024x682.jpg 1024w, http:\/\/www.susannavaris.com\/blogg\/wp-content\/uploads\/2011\/10\/DSC_0149-50-300x200.jpg 300w\" sizes=\"auto, (max-width: 640px) 100vw, 640px\" \/><\/a><a href=\"http:\/\/www.susannavaris.com\/blogg\/wp-content\/uploads\/2011\/10\/DSC_0154-50.jpg\"><img loading=\"lazy\" decoding=\"async\" class=\"aligncenter size-large wp-image-2945\" title=\"DSC_0154-50\" src=\"http:\/\/www.susannavaris.com\/blogg\/wp-content\/uploads\/2011\/10\/DSC_0154-50-1024x682.jpg\" alt=\"\" width=\"640\" height=\"426\" srcset=\"http:\/\/www.susannavaris.com\/blogg\/wp-content\/uploads\/2011\/10\/DSC_0154-50-1024x682.jpg 1024w, http:\/\/www.susannavaris.com\/blogg\/wp-content\/uploads\/2011\/10\/DSC_0154-50-300x200.jpg 300w\" sizes=\"auto, (max-width: 640px) 100vw, 640px\" \/><\/a><em>Allt som allt hittas en kvinnlig n\u00e4rvaro, som g\u00e5tt bort allt f\u00f6r tidigt, med hj\u00e4rtbesv\u00e4r (identifierad som Lindas farmor), en manlig n\u00e4rvaro som uppmanade Linda att s\u00e4ga till sin far att manspersonen som tagit sitt liv (senare identifierad som Lindas farbror) inte kunde ha hindrats att g\u00f6ra detta och en liten pojke. Medier arbetar ofta med statistiska sannolikheter (hur m\u00e5nga har exempelvis inte haft en sl\u00e4kting eller person i sin n\u00e4rhet som legat p\u00e5 sjukhus innan de har avlidit?) och \u00e4r skickliga p\u00e5 att registrera och tolka personers subtila signaler. Genom att k\u00e4nna sig fram med lagom ledande fr\u00e5gor lyckas de oftast tr\u00e4ffa r\u00e4tt p\u00e5 n\u00e5gon person kring sin kund som passar in i m\u00f6nstret.<\/em><\/p>\n","protected":false},"excerpt":{"rendered":"<p>4 Stj\u00e4rnors Middag, Kanal 5 ikv\u00e4ll. Foto: Kanal 5 Sjuan ikv\u00e4ll, Det Ok\u00e4nda. Foto: Sjuan &#8230;hoppar multitalangen Linda (Rosing) Thelenius upp i rutan ikv\u00e4ll igen! Och inte i ett, men tv\u00e5 program! Klockan 19.00 kan du avnjuta hennes n\u00e4rvaro i &hellip; <a href=\"http:\/\/www.susannavaris.com\/blogg\/2011\/10\/som-gumman-ur-ladan\/\">Forts\u00e4tt l\u00e4sa <span class=\"meta-nav\">&rarr;<\/span><\/a><\/p>\n","protected":false},"author":1,"featured_media":0,"comment_status":"open","ping_status":"open","sticky":false,"template":"","format":"standard","meta":{"footnotes":""},"categories":[589,1,590],"tags":[820,819,30,263,817,818],"class_list":["post-2909","post","type-post","status-publish","format-standard","hentry","category-medier","category-okategoriserade","category-politik","tag-4-stjarnors-middag","tag-adam-alsing","tag-big-brother","tag-det-okanda","tag-linda-rosing","tag-linda-thelenius"],"_links":{"self":[{"href":"http:\/\/www.susannavaris.com\/blogg\/wp-json\/wp\/v2\/posts\/2909","targetHints":{"allow":["GET"]}}],"collection":[{"href":"http:\/\/www.susannavaris.com\/blogg\/wp-json\/wp\/v2\/posts"}],"about":[{"href":"http:\/\/www.susannavaris.com\/blogg\/wp-json\/wp\/v2\/types\/post"}],"author":[{"embeddable":true,"href":"http:\/\/www.susannavaris.com\/blogg\/wp-json\/wp\/v2\/users\/1"}],"replies":[{"embeddable":true,"href":"http:\/\/www.susannavaris.com\/blogg\/wp-json\/wp\/v2\/comments?post=2909"}],"version-history":[{"count":6,"href":"http:\/\/www.susannavaris.com\/blogg\/wp-json\/wp\/v2\/posts\/2909\/revisions"}],"predecessor-version":[{"id":2937,"href":"http:\/\/www.susannavaris.com\/blogg\/wp-json\/wp\/v2\/posts\/2909\/revisions\/2937"}],"wp:attachment":[{"href":"http:\/\/www.susannavaris.com\/blogg\/wp-json\/wp\/v2\/media?parent=2909"}],"wp:term":[{"taxonomy":"category","embeddable":true,"href":"http:\/\/www.susannavaris.com\/blogg\/wp-json\/wp\/v2\/categories?post=2909"},{"taxonomy":"post_tag","embeddable":true,"href":"http:\/\/www.susannavaris.com\/blogg\/wp-json\/wp\/v2\/tags?post=2909"}],"curies":[{"name":"wp","href":"https:\/\/api.w.org\/{rel}","templated":true}]}}