{"id":2947,"date":"2011-10-25T17:15:08","date_gmt":"2011-10-25T15:15:08","guid":{"rendered":"http:\/\/www.susannavaris.com\/blogg\/?p=2947"},"modified":"2011-10-25T17:15:08","modified_gmt":"2011-10-25T15:15:08","slug":"konsten-att-hada-ett-varumarke","status":"publish","type":"post","link":"http:\/\/www.susannavaris.com\/blogg\/2011\/10\/konsten-att-hada-ett-varumarke\/","title":{"rendered":"Konsten att h\u00e4da ett varum\u00e4rke"},"content":{"rendered":"<p style=\"text-align: center;\"><a href=\"http:\/\/www.susannavaris.com\/blogg\/wp-content\/uploads\/2011\/10\/nadiadarfurnica-nadia-plesner.jpg\"><img loading=\"lazy\" decoding=\"async\" class=\"aligncenter size-full wp-image-2948\" title=\"nadiadarfurnica-nadia-plesner\" src=\"http:\/\/www.susannavaris.com\/blogg\/wp-content\/uploads\/2011\/10\/nadiadarfurnica-nadia-plesner.jpg\" alt=\"\" width=\"600\" height=\"272\" srcset=\"http:\/\/www.susannavaris.com\/blogg\/wp-content\/uploads\/2011\/10\/nadiadarfurnica-nadia-plesner.jpg 600w, http:\/\/www.susannavaris.com\/blogg\/wp-content\/uploads\/2011\/10\/nadiadarfurnica-nadia-plesner-300x136.jpg 300w\" sizes=\"auto, (max-width: 600px) 100vw, 600px\" \/><\/a><em>Darfurnica av Nadia Plesner.<\/em><\/p>\n<p>Ni har kanske h\u00f6rt talas om konststudenten Nadia Plesner, som st\u00e4mts av j\u00e4ttef\u00f6retaget Louis Vuitton p\u00e5 hela 240 000 euro? Plesner har enligt Louis Vuitton gjort sig skyldig till kr\u00e4nkning av deras immateriella r\u00e4ttigheter n\u00e4r hon i en m\u00e5lning avbildat en v\u00e4ska som liknar en av f\u00f6retagets produkter. Plesner har i januari d\u00f6mts att betala Louis Vuitton 5000 euro per dag om hon visar upp sin m\u00e5lning offentligt.<\/p>\n<p>I sin m\u00e5lning Darfurica (en pastisch av Picassos Guernica) finns ett sv\u00e4ltande barn fr\u00e5n krigets Darfur. Barnet h\u00e5ller i en v\u00e4ska, misst\u00e4nkt lik en av Louis Vuittons modeller och en liten hund, misst\u00e4nkt lik Paris Hiltons Tinkerbell. Plesners m\u00e5lning \u00e4r en mediekritisk protest mot krig och grymheter och hur t ex en p\u00e5g\u00e5ende sv\u00e4ltkatastrof drunknar i mediebruset av k\u00e4ndisars senaste outfits och andra ytligheter.<\/p>\n<p style=\"text-align: center;\"><a href=\"http:\/\/www.susannavaris.com\/blogg\/wp-content\/uploads\/2011\/10\/nadiaplesner01.jpg\"><img loading=\"lazy\" decoding=\"async\" class=\"aligncenter size-full wp-image-2950\" title=\"Danish Artist Plesner shows the design wherefore she is being sued by powerhouse LVMH\" src=\"http:\/\/www.susannavaris.com\/blogg\/wp-content\/uploads\/2011\/10\/nadiaplesner01.jpg\" alt=\"\" width=\"470\" height=\"673\" srcset=\"http:\/\/www.susannavaris.com\/blogg\/wp-content\/uploads\/2011\/10\/nadiaplesner01.jpg 470w, http:\/\/www.susannavaris.com\/blogg\/wp-content\/uploads\/2011\/10\/nadiaplesner01-209x300.jpg 209w\" sizes=\"auto, (max-width: 470px) 100vw, 470px\" \/><\/a><em>Nadia Plesner. Foto: javano100<\/em><\/p>\n<p style=\"text-align: center;\"><a href=\"http:\/\/www.susannavaris.com\/blogg\/wp-content\/uploads\/2011\/10\/Nadia_Plesner_combined.jpg\"><img loading=\"lazy\" decoding=\"async\" class=\"aligncenter size-full wp-image-2951\" title=\"Nadia_Plesner_combined\" src=\"http:\/\/www.susannavaris.com\/blogg\/wp-content\/uploads\/2011\/10\/Nadia_Plesner_combined.jpg\" alt=\"\" width=\"500\" height=\"326\" srcset=\"http:\/\/www.susannavaris.com\/blogg\/wp-content\/uploads\/2011\/10\/Nadia_Plesner_combined.jpg 500w, http:\/\/www.susannavaris.com\/blogg\/wp-content\/uploads\/2011\/10\/Nadia_Plesner_combined-300x195.jpg 300w\" sizes=\"auto, (max-width: 500px) 100vw, 500px\" \/><\/a><em>Louis Vuitton-v\u00e4skan som striden g\u00e4ller. Foto: mlibysvensson.com<\/em><\/p>\n<p>Plesner har med sina produkter, bl a t-shirts under kampanjen &#8221;Simple Living&#8221; redan dragit in hundratusentals euro, som g\u00e5r till hj\u00e4lparbetet i Darfur. Bes\u00f6k kampanjen och handla produkter h\u00e4r:<\/p>\n<p><a href=\"http:\/\/www.nadiaplesnerfoundation.org\/page\/page.php?id=home\">http:\/\/www.nadiaplesnerfoundation.org\/page\/page.php?id=home<\/a><\/p>\n<p>Det ironiska i kr\u00e5ks\u00e5ngen \u00e4r att f\u00f6retaget Louis Vuittons st\u00e4mningar mot Plesner enbart \u00f6kat uppm\u00e4rksamheten p\u00e5 problematiken i Darfur, \u00f6kat f\u00f6rs\u00e4ljningen av Simple Living-produkter m\u00e5ngfalt och f\u00f6rmodligen bidragit till att sv\u00e4rta ner f\u00f6retagets varum\u00e4rke som ett ogint, maktfullkomligt och tond\u00f6vt f\u00f6retag, som hellre m\u00e5nar om sitt glamour\u00f6sa varum\u00e4rke \u00e4n bidrar med minsta lilla tumnagel till att f\u00f6rb\u00e4ttra v\u00e4rlden en smula.<\/p>\n<p>Jag \u00e4r kluven till immaterialr\u00e4tten i situationer som s\u00e5dana h\u00e4r. Sj\u00e4lvklart har f\u00f6retag r\u00e4tt till sina logotyper och produkter och hur de framst\u00e4lls, men hur l\u00f6ser man fr\u00e5gan med att man effektivt kan strypa yttrandefriheten vid t ex konstn\u00e4rliga framst\u00e4llningar som denna? Det \u00e4r fascinerande hur moderna f\u00f6retagslogotyper b\u00f6rjar bli mer v\u00e4rdeladdade och heliga \u00e4n n\u00e5gonting annat i samh\u00e4llet. F\u00f6retagen kr\u00e4ver att f\u00e5 dirigera allt och alla n\u00e4r det g\u00e4ller deras logotyper. Dessa ska enbart laddas med den sortens v\u00e4rden som f\u00f6retaget best\u00e4mmer. Allt med syfte att s\u00e4lja produkterna till alla de m\u00e4nniskor man \u00f6nskar att dirigera.<\/p>\n<p>Jag har l\u00e4nge haft en id\u00e9 p\u00e5 ett verk d\u00e4r ett antal olika varum\u00e4rken skulle ing\u00e5, den \u00e4r tom upskissad p\u00e5 duk nu. Jag vet inte om jag kommer att f\u00e4rdigst\u00e4lla den, eller i den formen. Men n\u00e5gra 240 000 eurosb\u00f6ter har jag inte r\u00e5d med.<\/p>\n","protected":false},"excerpt":{"rendered":"<p>Darfurnica av Nadia Plesner. Ni har kanske h\u00f6rt talas om konststudenten Nadia Plesner, som st\u00e4mts av j\u00e4ttef\u00f6retaget Louis Vuitton p\u00e5 hela 240 000 euro? Plesner har enligt Louis Vuitton gjort sig skyldig till kr\u00e4nkning av deras immateriella r\u00e4ttigheter n\u00e4r hon &hellip; <a href=\"http:\/\/www.susannavaris.com\/blogg\/2011\/10\/konsten-att-hada-ett-varumarke\/\">Forts\u00e4tt l\u00e4sa <span class=\"meta-nav\">&rarr;<\/span><\/a><\/p>\n","protected":false},"author":1,"featured_media":0,"comment_status":"open","ping_status":"open","sticky":false,"template":"","format":"standard","meta":{"footnotes":""},"categories":[674,3,589,1],"tags":[823,824,743,821,822,257],"class_list":["post-2947","post","type-post","status-publish","format-standard","hentry","category-historia","category-konst","category-medier","category-okategoriserade","tag-darfur","tag-immaterialratt","tag-louis-vuitton","tag-lv","tag-nadia-plesner","tag-upphovsratt"],"_links":{"self":[{"href":"http:\/\/www.susannavaris.com\/blogg\/wp-json\/wp\/v2\/posts\/2947","targetHints":{"allow":["GET"]}}],"collection":[{"href":"http:\/\/www.susannavaris.com\/blogg\/wp-json\/wp\/v2\/posts"}],"about":[{"href":"http:\/\/www.susannavaris.com\/blogg\/wp-json\/wp\/v2\/types\/post"}],"author":[{"embeddable":true,"href":"http:\/\/www.susannavaris.com\/blogg\/wp-json\/wp\/v2\/users\/1"}],"replies":[{"embeddable":true,"href":"http:\/\/www.susannavaris.com\/blogg\/wp-json\/wp\/v2\/comments?post=2947"}],"version-history":[{"count":3,"href":"http:\/\/www.susannavaris.com\/blogg\/wp-json\/wp\/v2\/posts\/2947\/revisions"}],"predecessor-version":[{"id":2953,"href":"http:\/\/www.susannavaris.com\/blogg\/wp-json\/wp\/v2\/posts\/2947\/revisions\/2953"}],"wp:attachment":[{"href":"http:\/\/www.susannavaris.com\/blogg\/wp-json\/wp\/v2\/media?parent=2947"}],"wp:term":[{"taxonomy":"category","embeddable":true,"href":"http:\/\/www.susannavaris.com\/blogg\/wp-json\/wp\/v2\/categories?post=2947"},{"taxonomy":"post_tag","embeddable":true,"href":"http:\/\/www.susannavaris.com\/blogg\/wp-json\/wp\/v2\/tags?post=2947"}],"curies":[{"name":"wp","href":"https:\/\/api.w.org\/{rel}","templated":true}]}}