{"id":2957,"date":"2011-10-26T18:43:33","date_gmt":"2011-10-26T16:43:33","guid":{"rendered":"http:\/\/www.susannavaris.com\/blogg\/?p=2957"},"modified":"2011-10-26T18:45:36","modified_gmt":"2011-10-26T16:45:36","slug":"upp-och-ner","status":"publish","type":"post","link":"http:\/\/www.susannavaris.com\/blogg\/2011\/10\/upp-och-ner\/","title":{"rendered":"Upp och ner"},"content":{"rendered":"<p style=\"text-align: center;\"><a href=\"http:\/\/www.susannavaris.com\/blogg\/wp-content\/uploads\/2011\/10\/111026-002.jpg\"><img loading=\"lazy\" decoding=\"async\" class=\"aligncenter size-large wp-image-2958\" title=\"111026 002\" src=\"http:\/\/www.susannavaris.com\/blogg\/wp-content\/uploads\/2011\/10\/111026-002-1024x768.jpg\" alt=\"\" width=\"640\" height=\"480\" srcset=\"http:\/\/www.susannavaris.com\/blogg\/wp-content\/uploads\/2011\/10\/111026-002-1024x768.jpg 1024w, http:\/\/www.susannavaris.com\/blogg\/wp-content\/uploads\/2011\/10\/111026-002-300x225.jpg 300w\" sizes=\"auto, (max-width: 640px) 100vw, 640px\" \/><\/a><em>Vackra f\u00e4rger \u00f6verallt&#8230; Foto: Susanna Varis<\/em><\/p>\n<p>Har just kommit fr\u00e5n en promenad. P\u00e5 dagen var jag s\u00e5 kraftl\u00f6s att jag h\u00f6ll p\u00e5 att ramla i en liten h\u00f6g och f\u00f6rbli d\u00e4r. Efter lunch, j\u00e4rntablett och Berocca gick vi s\u00e5 ut en sv\u00e4ng. Det \u00e4r ju s\u00e5 vackert ute nu. Nere i industriomr\u00e5det finns ett loppis som har gjort en rej\u00e4l uppryckning p\u00e5 sistone. D\u00e4r finns en hel del kvalitetsb\u00f6cker av alla de slag, kl\u00e4der, m\u00f6bler och annat. Fr\u00e4mst \u00e4r det dock den braiga bokavdelningen och fiket som drar. Det har sedan uppfr\u00e4schningen b\u00f6rjat locka till sig kunder och numera finns det alltid folk d\u00e4r, ibland \u00e4r kaf\u00e9et tom fullsatt. Jag f\u00f6rs\u00f6ker l\u00e5tsas som att det inte \u00e4r pingstkyrkan (?) som driver det. (V\u00e4lg\u00f6renhet i all \u00e4ra, men i de h\u00e4r fallen brukar det g\u00e5 hand i hand med n\u00e5gon form av missionerande och det \u00e4r inget som jag \u00e4r speciellt f\u00f6rtjust i&#8230;)<\/p>\n<p style=\"text-align: center;\"><a href=\"http:\/\/www.susannavaris.com\/blogg\/wp-content\/uploads\/2011\/10\/111026-003.jpg\"><img loading=\"lazy\" decoding=\"async\" class=\"aligncenter size-large wp-image-2959\" title=\"111026 003\" src=\"http:\/\/www.susannavaris.com\/blogg\/wp-content\/uploads\/2011\/10\/111026-003-1024x768.jpg\" alt=\"\" width=\"640\" height=\"480\" srcset=\"http:\/\/www.susannavaris.com\/blogg\/wp-content\/uploads\/2011\/10\/111026-003-1024x768.jpg 1024w, http:\/\/www.susannavaris.com\/blogg\/wp-content\/uploads\/2011\/10\/111026-003-300x225.jpg 300w\" sizes=\"auto, (max-width: 640px) 100vw, 640px\" \/><\/a><em>Skakig bild tagen p\u00e5 skakiga ben&#8230; Foto: Susanna Varis<\/em><\/p>\n<p>P\u00e5 kaf\u00e9et h\u00f6ll jag \u00e5ter p\u00e5 att avlida, jag var matt, yr och illam\u00e5ende. Efter colan k\u00e4ndes det n\u00e5got b\u00e4ttre och jag orkade g\u00e5 \u00e4nda ner till kanalen, uppf\u00f6r alla backarna hem och k\u00e4nde mig p\u00e5 slutmetrarna ganska bra. Benen k\u00e4nns som spaghetti, med n\u00e5gon antydan till n\u00e5gon muskel med svag tr\u00e4ningsv\u00e4rk, men jag k\u00e4nner mig \u00e4nd\u00e5 n\u00e5got starkare. S\u00e5 jag \u00f6verlever nog&#8230;<\/p>\n","protected":false},"excerpt":{"rendered":"<p>Vackra f\u00e4rger \u00f6verallt&#8230; Foto: Susanna Varis Har just kommit fr\u00e5n en promenad. P\u00e5 dagen var jag s\u00e5 kraftl\u00f6s att jag h\u00f6ll p\u00e5 att ramla i en liten h\u00f6g och f\u00f6rbli d\u00e4r. Efter lunch, j\u00e4rntablett och Berocca gick vi s\u00e5 ut &hellip; <a href=\"http:\/\/www.susannavaris.com\/blogg\/2011\/10\/upp-och-ner\/\">Forts\u00e4tt l\u00e4sa <span class=\"meta-nav\">&rarr;<\/span><\/a><\/p>\n","protected":false},"author":1,"featured_media":0,"comment_status":"open","ping_status":"open","sticky":false,"template":"","format":"standard","meta":{"footnotes":""},"categories":[1,303],"tags":[],"class_list":["post-2957","post","type-post","status-publish","format-standard","hentry","category-okategoriserade","category-religion"],"_links":{"self":[{"href":"http:\/\/www.susannavaris.com\/blogg\/wp-json\/wp\/v2\/posts\/2957","targetHints":{"allow":["GET"]}}],"collection":[{"href":"http:\/\/www.susannavaris.com\/blogg\/wp-json\/wp\/v2\/posts"}],"about":[{"href":"http:\/\/www.susannavaris.com\/blogg\/wp-json\/wp\/v2\/types\/post"}],"author":[{"embeddable":true,"href":"http:\/\/www.susannavaris.com\/blogg\/wp-json\/wp\/v2\/users\/1"}],"replies":[{"embeddable":true,"href":"http:\/\/www.susannavaris.com\/blogg\/wp-json\/wp\/v2\/comments?post=2957"}],"version-history":[{"count":5,"href":"http:\/\/www.susannavaris.com\/blogg\/wp-json\/wp\/v2\/posts\/2957\/revisions"}],"predecessor-version":[{"id":2964,"href":"http:\/\/www.susannavaris.com\/blogg\/wp-json\/wp\/v2\/posts\/2957\/revisions\/2964"}],"wp:attachment":[{"href":"http:\/\/www.susannavaris.com\/blogg\/wp-json\/wp\/v2\/media?parent=2957"}],"wp:term":[{"taxonomy":"category","embeddable":true,"href":"http:\/\/www.susannavaris.com\/blogg\/wp-json\/wp\/v2\/categories?post=2957"},{"taxonomy":"post_tag","embeddable":true,"href":"http:\/\/www.susannavaris.com\/blogg\/wp-json\/wp\/v2\/tags?post=2957"}],"curies":[{"name":"wp","href":"https:\/\/api.w.org\/{rel}","templated":true}]}}