{"id":2965,"date":"2011-10-27T22:54:49","date_gmt":"2011-10-27T20:54:49","guid":{"rendered":"http:\/\/www.susannavaris.com\/blogg\/?p=2965"},"modified":"2011-11-01T10:45:55","modified_gmt":"2011-11-01T09:45:55","slug":"foko-okt-2011","status":"publish","type":"post","link":"http:\/\/www.susannavaris.com\/blogg\/2011\/10\/foko-okt-2011\/","title":{"rendered":"FoKo okt 2011"},"content":{"rendered":"<p style=\"text-align: center;\"><a href=\"http:\/\/www.susannavaris.com\/blogg\/wp-content\/uploads\/2011\/10\/DSC_0158-50.jpg\"><img loading=\"lazy\" decoding=\"async\" class=\"aligncenter size-large wp-image-2966\" title=\"DSC_0158-50\" src=\"http:\/\/www.susannavaris.com\/blogg\/wp-content\/uploads\/2011\/10\/DSC_0158-50-1024x620.jpg\" alt=\"\" width=\"640\" height=\"387\" srcset=\"http:\/\/www.susannavaris.com\/blogg\/wp-content\/uploads\/2011\/10\/DSC_0158-50-1024x620.jpg 1024w, http:\/\/www.susannavaris.com\/blogg\/wp-content\/uploads\/2011\/10\/DSC_0158-50-300x181.jpg 300w\" sizes=\"auto, (max-width: 640px) 100vw, 640px\" \/><\/a><em>V\u00e4\u00e4\u00e4\u00e4\u00e4ntan p\u00e5 H\u00f6torget. L\u00e4\u00e4\u00e4\u00e4\u00e4nge&#8230; Foto: Susanna Varis<\/em><\/p>\n<p style=\"text-align: center;\"><a href=\"http:\/\/www.susannavaris.com\/blogg\/wp-content\/uploads\/2011\/10\/DSC_0159-50.jpg\"><img loading=\"lazy\" decoding=\"async\" class=\"aligncenter size-large wp-image-2967\" title=\"DSC_0159-50\" src=\"http:\/\/www.susannavaris.com\/blogg\/wp-content\/uploads\/2011\/10\/DSC_0159-50-1024x682.jpg\" alt=\"\" width=\"640\" height=\"426\" srcset=\"http:\/\/www.susannavaris.com\/blogg\/wp-content\/uploads\/2011\/10\/DSC_0159-50-1024x682.jpg 1024w, http:\/\/www.susannavaris.com\/blogg\/wp-content\/uploads\/2011\/10\/DSC_0159-50-300x200.jpg 300w\" sizes=\"auto, (max-width: 640px) 100vw, 640px\" \/><\/a><em>M\u00e5nga hugade spekulanter och andra mingelsugna samlades framf\u00f6r P.U.B. Foto: Susanna Varis<\/em><\/p>\n<p style=\"text-align: center;\"><a href=\"http:\/\/www.susannavaris.com\/blogg\/wp-content\/uploads\/2011\/10\/DSC_0174-50.jpg\"><img loading=\"lazy\" decoding=\"async\" class=\"aligncenter size-large wp-image-2978\" title=\"DSC_0174-50\" src=\"http:\/\/www.susannavaris.com\/blogg\/wp-content\/uploads\/2011\/10\/DSC_0174-50-718x1024.jpg\" alt=\"\" width=\"640\" height=\"912\" srcset=\"http:\/\/www.susannavaris.com\/blogg\/wp-content\/uploads\/2011\/10\/DSC_0174-50-718x1024.jpg 718w, http:\/\/www.susannavaris.com\/blogg\/wp-content\/uploads\/2011\/10\/DSC_0174-50-210x300.jpg 210w, http:\/\/www.susannavaris.com\/blogg\/wp-content\/uploads\/2011\/10\/DSC_0174-50.jpg 1129w\" sizes=\"auto, (max-width: 640px) 100vw, 640px\" \/><\/a><em>FoKo p\u00e5 P.U.B. G\u00e5 och bes\u00f6k! Foto: Ulf Holm\u00e9n<\/em><\/p>\n<p>Orken kommer, orken g\u00e5r, men jag lyckades sl\u00e4pa iv\u00e4g mig till vernissagen f\u00f6r h\u00f6stens FoKo p\u00e5 P.U.B. i Stockholm. det gick ganska bra, jag b\u00f6rjar k\u00e4nna mig starkare nu&#8230;<\/p>\n<p style=\"text-align: center;\"><a href=\"http:\/\/www.susannavaris.com\/blogg\/wp-content\/uploads\/2011\/10\/DSC_0160-50.jpg\"><img loading=\"lazy\" decoding=\"async\" class=\"aligncenter size-large wp-image-2968\" title=\"DSC_0160-50\" src=\"http:\/\/www.susannavaris.com\/blogg\/wp-content\/uploads\/2011\/10\/DSC_0160-50-1024x649.jpg\" alt=\"\" width=\"640\" height=\"405\" srcset=\"http:\/\/www.susannavaris.com\/blogg\/wp-content\/uploads\/2011\/10\/DSC_0160-50-1024x649.jpg 1024w, http:\/\/www.susannavaris.com\/blogg\/wp-content\/uploads\/2011\/10\/DSC_0160-50-300x190.jpg 300w\" sizes=\"auto, (max-width: 640px) 100vw, 640px\" \/><\/a><em>Ros\u00e9, dj:s och mycket mycket folk&#8230; Foto: Susanna Varis<\/em><\/p>\n<p style=\"text-align: center;\"><a href=\"http:\/\/www.susannavaris.com\/blogg\/wp-content\/uploads\/2011\/10\/DSC_0162-50.jpg\"><img loading=\"lazy\" decoding=\"async\" class=\"aligncenter size-large wp-image-2969\" title=\"DSC_0162-50\" src=\"http:\/\/www.susannavaris.com\/blogg\/wp-content\/uploads\/2011\/10\/DSC_0162-50-1024x682.jpg\" alt=\"\" width=\"640\" height=\"426\" srcset=\"http:\/\/www.susannavaris.com\/blogg\/wp-content\/uploads\/2011\/10\/DSC_0162-50-1024x682.jpg 1024w, http:\/\/www.susannavaris.com\/blogg\/wp-content\/uploads\/2011\/10\/DSC_0162-50-300x200.jpg 300w\" sizes=\"auto, (max-width: 640px) 100vw, 640px\" \/><\/a><em>N\u00e5gra krossade glas, en skyltdocka som st\u00f6rtd\u00f6k, tr\u00e4ngseln var intensiv. Foto: Susanna Varis<\/em><\/p>\n<p style=\"text-align: center;\"><a href=\"http:\/\/www.susannavaris.com\/blogg\/wp-content\/uploads\/2011\/10\/DSC_0163-50.jpg\"><img loading=\"lazy\" decoding=\"async\" class=\"aligncenter size-large wp-image-2970\" title=\"DSC_0163-50\" src=\"http:\/\/www.susannavaris.com\/blogg\/wp-content\/uploads\/2011\/10\/DSC_0163-50-1024x682.jpg\" alt=\"\" width=\"640\" height=\"426\" srcset=\"http:\/\/www.susannavaris.com\/blogg\/wp-content\/uploads\/2011\/10\/DSC_0163-50-1024x682.jpg 1024w, http:\/\/www.susannavaris.com\/blogg\/wp-content\/uploads\/2011\/10\/DSC_0163-50-300x200.jpg 300w\" sizes=\"auto, (max-width: 640px) 100vw, 640px\" \/><\/a><em>Vad vore ett vernissage utan ros\u00e9 i dessa tider? Foto: Susanna Varis<\/em><\/p>\n<p style=\"text-align: center;\">H\u00f6stens FoKo inneh\u00e5ller en hel del rolig konst och m\u00e5nga riktigt bra verk. Sj\u00e4lv deltog jag inte den h\u00e4r g\u00e5ngen, kanske n\u00e4sta g\u00e5ng igen&#8230;<\/p>\n<p style=\"text-align: center;\">Jag b\u00f6kade och armb\u00e5gade mig fram f\u00f6r att fotografera n\u00e5gra favoriter:<\/p>\n<p style=\"text-align: center;\"><a href=\"http:\/\/www.susannavaris.com\/blogg\/wp-content\/uploads\/2011\/10\/DSC_0165-50.jpg\"><img loading=\"lazy\" decoding=\"async\" class=\"aligncenter size-large wp-image-2971\" title=\"DSC_0165-50\" src=\"http:\/\/www.susannavaris.com\/blogg\/wp-content\/uploads\/2011\/10\/DSC_0165-50-1024x630.jpg\" alt=\"\" width=\"640\" height=\"393\" srcset=\"http:\/\/www.susannavaris.com\/blogg\/wp-content\/uploads\/2011\/10\/DSC_0165-50-1024x630.jpg 1024w, http:\/\/www.susannavaris.com\/blogg\/wp-content\/uploads\/2011\/10\/DSC_0165-50-300x184.jpg 300w\" sizes=\"auto, (max-width: 640px) 100vw, 640px\" \/><\/a><em>Bowie-variationer. Tyv\u00e4rr hittade jag inte namnet p\u00e5 konstn\u00e4ren n\u00e5gonstans&#8230;Foto: Susanna Varis<\/em><\/p>\n<p style=\"text-align: center;\"><a href=\"http:\/\/www.susannavaris.com\/blogg\/wp-content\/uploads\/2011\/10\/DSC_0166-50.jpg\"><img loading=\"lazy\" decoding=\"async\" class=\"aligncenter size-large wp-image-2972\" title=\"DSC_0166-50\" src=\"http:\/\/www.susannavaris.com\/blogg\/wp-content\/uploads\/2011\/10\/DSC_0166-50-1024x682.jpg\" alt=\"\" width=\"640\" height=\"426\" srcset=\"http:\/\/www.susannavaris.com\/blogg\/wp-content\/uploads\/2011\/10\/DSC_0166-50-1024x682.jpg 1024w, http:\/\/www.susannavaris.com\/blogg\/wp-content\/uploads\/2011\/10\/DSC_0166-50-300x200.jpg 300w\" sizes=\"auto, (max-width: 640px) 100vw, 640px\" \/><\/a><em>Politiska och historiska teman i screentryck hos Christian Liljeros. Foto: Susanna Varis<\/em><\/p>\n<p style=\"text-align: center;\"><a href=\"http:\/\/www.susannavaris.com\/blogg\/wp-content\/uploads\/2011\/10\/DSC_0167-50.jpg\"><img loading=\"lazy\" decoding=\"async\" class=\"aligncenter size-large wp-image-2973\" title=\"DSC_0167-50\" src=\"http:\/\/www.susannavaris.com\/blogg\/wp-content\/uploads\/2011\/10\/DSC_0167-50-1024x750.jpg\" alt=\"\" width=\"640\" height=\"468\" srcset=\"http:\/\/www.susannavaris.com\/blogg\/wp-content\/uploads\/2011\/10\/DSC_0167-50-1024x750.jpg 1024w, http:\/\/www.susannavaris.com\/blogg\/wp-content\/uploads\/2011\/10\/DSC_0167-50-300x219.jpg 300w, http:\/\/www.susannavaris.com\/blogg\/wp-content\/uploads\/2011\/10\/DSC_0167-50.jpg 2019w\" sizes=\"auto, (max-width: 640px) 100vw, 640px\" \/><\/a><em>Ett \u00e5terseende. Ulf och jag bes\u00f6kte Magdalena Borkowskas vernissage p\u00e5 Galleri \u00c4ngel i Gamla stan i somras&#8230; Foto: Susanna Varis<\/em><\/p>\n<p style=\"text-align: center;\"><a href=\"http:\/\/www.susannavaris.com\/blogg\/wp-content\/uploads\/2011\/10\/DSC_0168-50.jpg\"><img loading=\"lazy\" decoding=\"async\" class=\"aligncenter size-large wp-image-2974\" title=\"DSC_0168-50\" src=\"http:\/\/www.susannavaris.com\/blogg\/wp-content\/uploads\/2011\/10\/DSC_0168-50-752x1024.jpg\" alt=\"\" width=\"640\" height=\"871\" srcset=\"http:\/\/www.susannavaris.com\/blogg\/wp-content\/uploads\/2011\/10\/DSC_0168-50-752x1024.jpg 752w, http:\/\/www.susannavaris.com\/blogg\/wp-content\/uploads\/2011\/10\/DSC_0168-50-220x300.jpg 220w, http:\/\/www.susannavaris.com\/blogg\/wp-content\/uploads\/2011\/10\/DSC_0168-50.jpg 1533w\" sizes=\"auto, (max-width: 640px) 100vw, 640px\" \/><\/a><em>Fascinerande akvarell-effekter i form av gicl\u00e9e-tryck. Maggan Bostr\u00f6m. Foto: Susanna Varis<\/em><\/p>\n<p style=\"text-align: center;\"><a href=\"http:\/\/www.susannavaris.com\/blogg\/wp-content\/uploads\/2011\/10\/DSC_0169-50.jpg\"><img loading=\"lazy\" decoding=\"async\" class=\"aligncenter size-large wp-image-2975\" title=\"DSC_0169-50\" src=\"http:\/\/www.susannavaris.com\/blogg\/wp-content\/uploads\/2011\/10\/DSC_0169-50-1024x682.jpg\" alt=\"\" width=\"640\" height=\"426\" srcset=\"http:\/\/www.susannavaris.com\/blogg\/wp-content\/uploads\/2011\/10\/DSC_0169-50-1024x682.jpg 1024w, http:\/\/www.susannavaris.com\/blogg\/wp-content\/uploads\/2011\/10\/DSC_0169-50-300x200.jpg 300w\" sizes=\"auto, (max-width: 640px) 100vw, 640px\" \/><\/a><em>Ibland var det om\u00f6jligt att komma fram. Bakom syns ett verk av Brandy Hariton. Foto: Susanna Varis<\/em><\/p>\n<p style=\"text-align: center;\"><a href=\"http:\/\/www.susannavaris.com\/blogg\/wp-content\/uploads\/2011\/10\/DSC_0171-50.jpg\"><img loading=\"lazy\" decoding=\"async\" class=\"aligncenter size-large wp-image-2976\" title=\"DSC_0171-50\" src=\"http:\/\/www.susannavaris.com\/blogg\/wp-content\/uploads\/2011\/10\/DSC_0171-50-1024x781.jpg\" alt=\"\" width=\"640\" height=\"488\" srcset=\"http:\/\/www.susannavaris.com\/blogg\/wp-content\/uploads\/2011\/10\/DSC_0171-50-1024x781.jpg 1024w, http:\/\/www.susannavaris.com\/blogg\/wp-content\/uploads\/2011\/10\/DSC_0171-50-300x228.jpg 300w, http:\/\/www.susannavaris.com\/blogg\/wp-content\/uploads\/2011\/10\/DSC_0171-50.jpg 1988w\" sizes=\"auto, (max-width: 640px) 100vw, 640px\" \/><\/a><em>Christer Sandelin med sin pojke. Christer har slagit in p\u00e5 den konstn\u00e4rliga banan och arbetar med grafik. Christer ber\u00e4ttade att f\u00f6r honom handlar det om att f\u00f6rmedla en k\u00e4nsla med bilden och m\u00e5leri mm var inte det r\u00e4tta uttryckss\u00e4ttet f\u00f6r honom. Vi var eniga om att konstskola i vissa fall kan h\u00e4mma det personliga uttrycket, b\u00e5de n\u00e4r det g\u00e4ller bildkonst och i form av musikskola. Foto: Susanna Varis<\/em><\/p>\n<p style=\"text-align: center;\"><a href=\"http:\/\/www.susannavaris.com\/blogg\/wp-content\/uploads\/2011\/10\/DSC_0173-50.jpg\"><img loading=\"lazy\" decoding=\"async\" class=\"aligncenter size-large wp-image-2977\" title=\"DSC_0173-50\" src=\"http:\/\/www.susannavaris.com\/blogg\/wp-content\/uploads\/2011\/10\/DSC_0173-50-1024x682.jpg\" alt=\"\" width=\"640\" height=\"426\" srcset=\"http:\/\/www.susannavaris.com\/blogg\/wp-content\/uploads\/2011\/10\/DSC_0173-50-1024x682.jpg 1024w, http:\/\/www.susannavaris.com\/blogg\/wp-content\/uploads\/2011\/10\/DSC_0173-50-300x200.jpg 300w\" sizes=\"auto, (max-width: 640px) 100vw, 640px\" \/><\/a><em>Flavio Macrel med n\u00e5gra av sina skulpturer. Hans inspiration kommer fr\u00e5n Brasilien och skulpturerna \u00e4r en slags moderna indianmotiv. Flavio beskrev att olika material har sina olika uttryck och att han \u00e4ven arbetar i t ex kalksten, men skulpturerna i denna utst\u00e4llning \u00e4r i keramik. Foto: Susanna Varis<\/em><\/p>\n<p style=\"text-align: center;\"><a href=\"http:\/\/www.susannavaris.com\/blogg\/wp-content\/uploads\/2011\/10\/DSC_0175-50.jpg\"><img loading=\"lazy\" decoding=\"async\" class=\"aligncenter size-large wp-image-2979\" title=\"DSC_0175-50\" src=\"http:\/\/www.susannavaris.com\/blogg\/wp-content\/uploads\/2011\/10\/DSC_0175-50-591x1024.jpg\" alt=\"\" width=\"591\" height=\"1024\" srcset=\"http:\/\/www.susannavaris.com\/blogg\/wp-content\/uploads\/2011\/10\/DSC_0175-50-591x1024.jpg 591w, http:\/\/www.susannavaris.com\/blogg\/wp-content\/uploads\/2011\/10\/DSC_0175-50-173x300.jpg 173w, http:\/\/www.susannavaris.com\/blogg\/wp-content\/uploads\/2011\/10\/DSC_0175-50.jpg 636w\" sizes=\"auto, (max-width: 591px) 100vw, 591px\" \/><\/a><em>Tack Helen Duhs f\u00f6r inbjudan! Foto: Susanna Varis<\/em><\/p>\n<p style=\"text-align: center;\"><a href=\"http:\/\/www.dn.se\/pa-stan\/konst--museer\/samlingsutstallning-foko-art-to-go\">http:\/\/www.dn.se\/pa-stan\/konst&#8211;museer\/samlingsutstallning-foko-art-to-go<\/a><\/p>\n<p style=\"text-align: center;\">&#8211; : &#8211; : &#8211; : &#8211;<\/p>\n<p style=\"text-align: center;\">Caroline Asplund fr\u00e5n Fo-Ko h\u00f6rde av sig efter att ha sett bilderna ovan och ville anv\u00e4nda n\u00e5gra p\u00e5 hemsidan, vilket ju \u00e4r j\u00e4tteroligt och smickrande!<\/p>\n<p style=\"text-align: center;\"><a href=\"http:\/\/fo-ko.se\/aktuellt\/vernissage-foko-art-to-go\/\">http:\/\/fo-ko.se\/aktuellt\/vernissage-foko-art-to-go\/<\/a><\/p>\n<p style=\"text-align: center;\">&#8211; : &#8211; : &#8211; : &#8211;<\/p>\n<p style=\"text-align: center;\">Flera av mina foton har nu dykt upp hos Fo-Ko:<\/p>\n<p style=\"text-align: center;\"><a href=\"http:\/\/fo-ko.se\/aktuellt\/konstsondag-pa-pub\/\">http:\/\/fo-ko.se\/aktuellt\/konstsondag-pa-pub\/<\/a><\/p>\n","protected":false},"excerpt":{"rendered":"<p>V\u00e4\u00e4\u00e4\u00e4\u00e4ntan p\u00e5 H\u00f6torget. L\u00e4\u00e4\u00e4\u00e4\u00e4nge&#8230; Foto: Susanna Varis M\u00e5nga hugade spekulanter och andra mingelsugna samlades framf\u00f6r P.U.B. Foto: Susanna Varis FoKo p\u00e5 P.U.B. G\u00e5 och bes\u00f6k! Foto: Ulf Holm\u00e9n Orken kommer, orken g\u00e5r, men jag lyckades sl\u00e4pa iv\u00e4g mig till vernissagen &hellip; <a href=\"http:\/\/www.susannavaris.com\/blogg\/2011\/10\/foko-okt-2011\/\">Forts\u00e4tt l\u00e4sa <span class=\"meta-nav\">&rarr;<\/span><\/a><\/p>\n","protected":false},"author":1,"featured_media":0,"comment_status":"open","ping_status":"open","sticky":false,"template":"","format":"standard","meta":{"footnotes":""},"categories":[555,3,1,4],"tags":[829,831,827,830,205,4913,828,826,206],"class_list":["post-2965","post","type-post","status-publish","format-standard","hentry","category-events","category-konst","category-okategoriserade","category-utstallning","tag-brandy-hariton","tag-christer-sandelin","tag-christian-liljeros","tag-flavio-macrel","tag-fo-ko","tag-foko","tag-maggan-bostrom","tag-p-u-b","tag-pub"],"_links":{"self":[{"href":"http:\/\/www.susannavaris.com\/blogg\/wp-json\/wp\/v2\/posts\/2965","targetHints":{"allow":["GET"]}}],"collection":[{"href":"http:\/\/www.susannavaris.com\/blogg\/wp-json\/wp\/v2\/posts"}],"about":[{"href":"http:\/\/www.susannavaris.com\/blogg\/wp-json\/wp\/v2\/types\/post"}],"author":[{"embeddable":true,"href":"http:\/\/www.susannavaris.com\/blogg\/wp-json\/wp\/v2\/users\/1"}],"replies":[{"embeddable":true,"href":"http:\/\/www.susannavaris.com\/blogg\/wp-json\/wp\/v2\/comments?post=2965"}],"version-history":[{"count":7,"href":"http:\/\/www.susannavaris.com\/blogg\/wp-json\/wp\/v2\/posts\/2965\/revisions"}],"predecessor-version":[{"id":3011,"href":"http:\/\/www.susannavaris.com\/blogg\/wp-json\/wp\/v2\/posts\/2965\/revisions\/3011"}],"wp:attachment":[{"href":"http:\/\/www.susannavaris.com\/blogg\/wp-json\/wp\/v2\/media?parent=2965"}],"wp:term":[{"taxonomy":"category","embeddable":true,"href":"http:\/\/www.susannavaris.com\/blogg\/wp-json\/wp\/v2\/categories?post=2965"},{"taxonomy":"post_tag","embeddable":true,"href":"http:\/\/www.susannavaris.com\/blogg\/wp-json\/wp\/v2\/tags?post=2965"}],"curies":[{"name":"wp","href":"https:\/\/api.w.org\/{rel}","templated":true}]}}