{"id":2988,"date":"2011-10-29T13:31:36","date_gmt":"2011-10-29T11:31:36","guid":{"rendered":"http:\/\/www.susannavaris.com\/blogg\/?p=2988"},"modified":"2011-10-29T13:31:36","modified_gmt":"2011-10-29T11:31:36","slug":"dark-marilyn","status":"publish","type":"post","link":"http:\/\/www.susannavaris.com\/blogg\/2011\/10\/dark-marilyn\/","title":{"rendered":"Dark Marilyn"},"content":{"rendered":"<p style=\"text-align: center;\"><a href=\"http:\/\/www.susannavaris.com\/blogg\/wp-content\/uploads\/2011\/10\/Dark-Marilyn-50-2011.jpg\"><img loading=\"lazy\" decoding=\"async\" class=\"aligncenter size-large wp-image-2989\" title=\"Dark Marilyn 50 2011\" src=\"http:\/\/www.susannavaris.com\/blogg\/wp-content\/uploads\/2011\/10\/Dark-Marilyn-50-2011-719x1024.jpg\" alt=\"\" width=\"640\" height=\"911\" srcset=\"http:\/\/www.susannavaris.com\/blogg\/wp-content\/uploads\/2011\/10\/Dark-Marilyn-50-2011-719x1024.jpg 719w, http:\/\/www.susannavaris.com\/blogg\/wp-content\/uploads\/2011\/10\/Dark-Marilyn-50-2011-210x300.jpg 210w, http:\/\/www.susannavaris.com\/blogg\/wp-content\/uploads\/2011\/10\/Dark-Marilyn-50-2011.jpg 1288w\" sizes=\"auto, (max-width: 640px) 100vw, 640px\" \/><\/a><em>Dark Marilyn, akvarell 2011. Susanna Varis. Foto: Susanna Varis<\/em><\/p>\n<p>Med mina sista, sk\u00e4lvande krafter har jag nu f\u00e4rdigst\u00e4llt Marilyn-bilden som ska ing\u00e5 i utst\u00e4llningsaffischen&#8230;g\u00e5rdagens arbetspass tog p\u00e5 krafterna. N\u00e4stan frisk, men fortfarande matt. Vi skulle \u00e5kt in till Stockholm f\u00f6r att se Carl Fredrik Hill-utst\u00e4llningen p\u00e5 Waldemarsudde imorgon, men det f\u00e5r bli en annan \u00a0helg. M\u00e5ste ta hand om kroppen. S\u00e5 idag blir det g\u00f6dning med pizza och kanske godis och skr\u00e4ckfilm senare. Det \u00e4r ju Halloween f\u00f6r b\u00f6velen!<\/p>\n<p style=\"text-align: center;\">Making of Dark Marilyn:<\/p>\n<p style=\"text-align: center;\"><a href=\"http:\/\/www.susannavaris.com\/blogg\/wp-content\/uploads\/2011\/10\/DSC_0156-50.jpg\"><img loading=\"lazy\" decoding=\"async\" class=\"aligncenter size-large wp-image-2990\" title=\"DSC_0156-50\" src=\"http:\/\/www.susannavaris.com\/blogg\/wp-content\/uploads\/2011\/10\/DSC_0156-50-1024x682.jpg\" alt=\"\" width=\"640\" height=\"426\" srcset=\"http:\/\/www.susannavaris.com\/blogg\/wp-content\/uploads\/2011\/10\/DSC_0156-50-1024x682.jpg 1024w, http:\/\/www.susannavaris.com\/blogg\/wp-content\/uploads\/2011\/10\/DSC_0156-50-300x200.jpg 300w\" sizes=\"auto, (max-width: 640px) 100vw, 640px\" \/><\/a><em>Skissen klar&#8230;Foto: Susanna Varis<\/em><\/p>\n<p style=\"text-align: center;\"><a href=\"http:\/\/www.susannavaris.com\/blogg\/wp-content\/uploads\/2011\/10\/DSC_0157-50.jpg\"><img loading=\"lazy\" decoding=\"async\" class=\"aligncenter size-large wp-image-2991\" title=\"DSC_0157-50\" src=\"http:\/\/www.susannavaris.com\/blogg\/wp-content\/uploads\/2011\/10\/DSC_0157-50-1024x682.jpg\" alt=\"\" width=\"640\" height=\"426\" srcset=\"http:\/\/www.susannavaris.com\/blogg\/wp-content\/uploads\/2011\/10\/DSC_0157-50-1024x682.jpg 1024w, http:\/\/www.susannavaris.com\/blogg\/wp-content\/uploads\/2011\/10\/DSC_0157-50-300x200.jpg 300w\" sizes=\"auto, (max-width: 640px) 100vw, 640px\" \/><\/a><em>Hudtoner&#8230;Foto: Susanna Varis<\/em><\/p>\n<p style=\"text-align: center;\"><a href=\"http:\/\/www.susannavaris.com\/blogg\/wp-content\/uploads\/2011\/10\/DSC_0176-50.jpg\"><img loading=\"lazy\" decoding=\"async\" class=\"aligncenter size-large wp-image-2992\" title=\"DSC_0176-50\" src=\"http:\/\/www.susannavaris.com\/blogg\/wp-content\/uploads\/2011\/10\/DSC_0176-50-1024x682.jpg\" alt=\"\" width=\"640\" height=\"426\" srcset=\"http:\/\/www.susannavaris.com\/blogg\/wp-content\/uploads\/2011\/10\/DSC_0176-50-1024x682.jpg 1024w, http:\/\/www.susannavaris.com\/blogg\/wp-content\/uploads\/2011\/10\/DSC_0176-50-300x200.jpg 300w\" sizes=\"auto, (max-width: 640px) 100vw, 640px\" \/><\/a><em>Och s\u00e5 vidare&#8230;Foto: Susanna Varis<\/em><\/p>\n<p>&nbsp;<\/p>\n","protected":false},"excerpt":{"rendered":"<p>Dark Marilyn, akvarell 2011. Susanna Varis. Foto: Susanna Varis Med mina sista, sk\u00e4lvande krafter har jag nu f\u00e4rdigst\u00e4llt Marilyn-bilden som ska ing\u00e5 i utst\u00e4llningsaffischen&#8230;g\u00e5rdagens arbetspass tog p\u00e5 krafterna. N\u00e4stan frisk, men fortfarande matt. Vi skulle \u00e5kt in till Stockholm f\u00f6r &hellip; <a href=\"http:\/\/www.susannavaris.com\/blogg\/2011\/10\/dark-marilyn\/\">Forts\u00e4tt l\u00e4sa <span class=\"meta-nav\">&rarr;<\/span><\/a><\/p>\n","protected":false},"author":1,"featured_media":0,"comment_status":"open","ping_status":"open","sticky":false,"template":"","format":"standard","meta":{"footnotes":""},"categories":[7,777,3,285,4],"tags":[31,838,836,792,286,839,837],"class_list":["post-2988","post","type-post","status-publish","format-standard","hentry","category-egna-verk","category-galleri-kocks","category-konst","category-marilyn-monroe","category-utstallning","tag-akvarell","tag-carl-fredrik-hill","tag-dark-marilyn","tag-halloween","tag-marilyn-monroe-2","tag-waldemarsudde","tag-water-colour"],"_links":{"self":[{"href":"http:\/\/www.susannavaris.com\/blogg\/wp-json\/wp\/v2\/posts\/2988","targetHints":{"allow":["GET"]}}],"collection":[{"href":"http:\/\/www.susannavaris.com\/blogg\/wp-json\/wp\/v2\/posts"}],"about":[{"href":"http:\/\/www.susannavaris.com\/blogg\/wp-json\/wp\/v2\/types\/post"}],"author":[{"embeddable":true,"href":"http:\/\/www.susannavaris.com\/blogg\/wp-json\/wp\/v2\/users\/1"}],"replies":[{"embeddable":true,"href":"http:\/\/www.susannavaris.com\/blogg\/wp-json\/wp\/v2\/comments?post=2988"}],"version-history":[{"count":2,"href":"http:\/\/www.susannavaris.com\/blogg\/wp-json\/wp\/v2\/posts\/2988\/revisions"}],"predecessor-version":[{"id":2994,"href":"http:\/\/www.susannavaris.com\/blogg\/wp-json\/wp\/v2\/posts\/2988\/revisions\/2994"}],"wp:attachment":[{"href":"http:\/\/www.susannavaris.com\/blogg\/wp-json\/wp\/v2\/media?parent=2988"}],"wp:term":[{"taxonomy":"category","embeddable":true,"href":"http:\/\/www.susannavaris.com\/blogg\/wp-json\/wp\/v2\/categories?post=2988"},{"taxonomy":"post_tag","embeddable":true,"href":"http:\/\/www.susannavaris.com\/blogg\/wp-json\/wp\/v2\/tags?post=2988"}],"curies":[{"name":"wp","href":"https:\/\/api.w.org\/{rel}","templated":true}]}}