{"id":3012,"date":"2011-11-01T11:44:43","date_gmt":"2011-11-01T10:44:43","guid":{"rendered":"http:\/\/www.susannavaris.com\/blogg\/?p=3012"},"modified":"2016-02-23T23:33:24","modified_gmt":"2016-02-23T22:33:24","slug":"evighetsinfektion","status":"publish","type":"post","link":"http:\/\/www.susannavaris.com\/blogg\/2011\/11\/evighetsinfektion\/","title":{"rendered":"Evighetsinfektion"},"content":{"rendered":"<p><em>I ett t\u00f6cken av hosta och utmattning&#8230; Foto: Susanna Varis<\/em>Jag orkar inte gn\u00e4lla om infektionen l\u00e4ngre, jag vill att den bara ska f\u00f6rsvinna. Jag vill orka jobba och skapa f\u00f6r den kommande utst\u00e4llningen utan n\u00e5gon l\u00f6jlig hosta och n\u00e5gonting i kroppen som suger musten ur mig. Ska g\u00f6ra ett nytt f\u00f6rs\u00f6k att jobba imorgon. Idag borde jag skapa lite&#8230;fr\u00e5gan \u00e4r vad? I huvudet har jag de tv\u00e5 kommande, st\u00f6rre teman; ett till v\u00e5ren &#8221;Curse of the Crows&#8221; och sedan ett till h\u00f6sten. Kocks-utst\u00e4llningen uppstod ur ingenting och v\u00e4ldigt hastigt och lustigt, men temat m\u00f6rker finns ju som r\u00f6d tr\u00e5d&#8230;<\/p>\n<p>Lite bilder fr\u00e5n promenader som jag \u00e4nd\u00e5 har lyckats komma iv\u00e4g p\u00e5&#8230;<\/p>\n<p style=\"text-align: center;\"><a href=\"http:\/\/www.susannavaris.com\/blogg\/wp-content\/uploads\/2011\/11\/1110promenad-01.jpg\"><img loading=\"lazy\" decoding=\"async\" class=\"aligncenter size-large wp-image-3015\" title=\"1110promenad-01\" src=\"http:\/\/www.susannavaris.com\/blogg\/wp-content\/uploads\/2011\/11\/1110promenad-01-1024x768.jpg\" alt=\"\" width=\"640\" height=\"480\" srcset=\"http:\/\/www.susannavaris.com\/blogg\/wp-content\/uploads\/2011\/11\/1110promenad-01-1024x768.jpg 1024w, http:\/\/www.susannavaris.com\/blogg\/wp-content\/uploads\/2011\/11\/1110promenad-01-300x225.jpg 300w\" sizes=\"auto, (max-width: 640px) 100vw, 640px\" \/><\/a><em>N\u00e5gon vecka sedan nere i sm\u00e5b\u00e5tshamnen&#8230; Foto: Susanna Varis<\/em><\/p>\n<p style=\"text-align: center;\"><a href=\"http:\/\/www.susannavaris.com\/blogg\/wp-content\/uploads\/2011\/11\/1110-001-01.jpg\"><img loading=\"lazy\" decoding=\"async\" class=\"aligncenter size-large wp-image-3016\" title=\"1110 001-01\" src=\"http:\/\/www.susannavaris.com\/blogg\/wp-content\/uploads\/2011\/11\/1110-001-01-768x1024.jpg\" alt=\"\" width=\"640\" height=\"853\" srcset=\"http:\/\/www.susannavaris.com\/blogg\/wp-content\/uploads\/2011\/11\/1110-001-01-768x1024.jpg 768w, http:\/\/www.susannavaris.com\/blogg\/wp-content\/uploads\/2011\/11\/1110-001-01-225x300.jpg 225w\" sizes=\"auto, (max-width: 640px) 100vw, 640px\" \/><\/a><em>Astraf\u00e4ltet Foto: Susanna Varis<\/em><\/p>\n<p style=\"text-align: center;\"><a href=\"http:\/\/www.susannavaris.com\/blogg\/wp-content\/uploads\/2011\/11\/1110-002-01.jpg\"><img loading=\"lazy\" decoding=\"async\" class=\"aligncenter size-large wp-image-3017\" title=\"1110 002-01\" src=\"http:\/\/www.susannavaris.com\/blogg\/wp-content\/uploads\/2011\/11\/1110-002-01-768x1024.jpg\" alt=\"\" width=\"640\" height=\"853\" srcset=\"http:\/\/www.susannavaris.com\/blogg\/wp-content\/uploads\/2011\/11\/1110-002-01-768x1024.jpg 768w, http:\/\/www.susannavaris.com\/blogg\/wp-content\/uploads\/2011\/11\/1110-002-01-225x300.jpg 225w\" sizes=\"auto, (max-width: 640px) 100vw, 640px\" \/><\/a><em>Impressionism till resultat av d\u00e5ligt ljus och darriga lemmar efter m\u00f6rdarbacken&#8230; Foto: Susanna Varis<\/em><\/p>\n","protected":false},"excerpt":{"rendered":"<p>I ett t\u00f6cken av hosta och utmattning&#8230; Foto: Susanna VarisJag orkar inte gn\u00e4lla om infektionen l\u00e4ngre, jag vill att den bara ska f\u00f6rsvinna. Jag vill orka jobba och skapa f\u00f6r den kommande utst\u00e4llningen utan n\u00e5gon l\u00f6jlig hosta och n\u00e5gonting i &hellip; <a href=\"http:\/\/www.susannavaris.com\/blogg\/2011\/11\/evighetsinfektion\/\">Forts\u00e4tt l\u00e4sa <span class=\"meta-nav\">&rarr;<\/span><\/a><\/p>\n","protected":false},"author":1,"featured_media":0,"comment_status":"open","ping_status":"open","sticky":false,"template":"","format":"standard","meta":{"footnotes":""},"categories":[777,1],"tags":[313,794,778,846,845],"class_list":["post-3012","post","type-post","status-publish","format-standard","hentry","category-galleri-kocks","category-okategoriserade","tag-curse-of-the-crows","tag-dark","tag-galleri-kocks-2","tag-host","tag-promenad"],"_links":{"self":[{"href":"http:\/\/www.susannavaris.com\/blogg\/wp-json\/wp\/v2\/posts\/3012","targetHints":{"allow":["GET"]}}],"collection":[{"href":"http:\/\/www.susannavaris.com\/blogg\/wp-json\/wp\/v2\/posts"}],"about":[{"href":"http:\/\/www.susannavaris.com\/blogg\/wp-json\/wp\/v2\/types\/post"}],"author":[{"embeddable":true,"href":"http:\/\/www.susannavaris.com\/blogg\/wp-json\/wp\/v2\/users\/1"}],"replies":[{"embeddable":true,"href":"http:\/\/www.susannavaris.com\/blogg\/wp-json\/wp\/v2\/comments?post=3012"}],"version-history":[{"count":3,"href":"http:\/\/www.susannavaris.com\/blogg\/wp-json\/wp\/v2\/posts\/3012\/revisions"}],"predecessor-version":[{"id":15858,"href":"http:\/\/www.susannavaris.com\/blogg\/wp-json\/wp\/v2\/posts\/3012\/revisions\/15858"}],"wp:attachment":[{"href":"http:\/\/www.susannavaris.com\/blogg\/wp-json\/wp\/v2\/media?parent=3012"}],"wp:term":[{"taxonomy":"category","embeddable":true,"href":"http:\/\/www.susannavaris.com\/blogg\/wp-json\/wp\/v2\/categories?post=3012"},{"taxonomy":"post_tag","embeddable":true,"href":"http:\/\/www.susannavaris.com\/blogg\/wp-json\/wp\/v2\/tags?post=3012"}],"curies":[{"name":"wp","href":"https:\/\/api.w.org\/{rel}","templated":true}]}}