{"id":3020,"date":"2011-11-01T18:38:23","date_gmt":"2011-11-01T17:38:23","guid":{"rendered":"http:\/\/www.susannavaris.com\/blogg\/?p=3020"},"modified":"2011-11-01T18:38:23","modified_gmt":"2011-11-01T17:38:23","slug":"norrfrid","status":"publish","type":"post","link":"http:\/\/www.susannavaris.com\/blogg\/2011\/11\/norrfrid\/","title":{"rendered":"Norrfrid"},"content":{"rendered":"<p style=\"text-align: center;\"><a href=\"http:\/\/www.susannavaris.com\/blogg\/wp-content\/uploads\/2011\/11\/eija04.jpg\"><img loading=\"lazy\" decoding=\"async\" class=\"aligncenter size-full wp-image-3021\" title=\"eija04\" src=\"http:\/\/www.susannavaris.com\/blogg\/wp-content\/uploads\/2011\/11\/eija04.jpg\" alt=\"\" width=\"640\" height=\"414\" srcset=\"http:\/\/www.susannavaris.com\/blogg\/wp-content\/uploads\/2011\/11\/eija04.jpg 640w, http:\/\/www.susannavaris.com\/blogg\/wp-content\/uploads\/2011\/11\/eija04-300x194.jpg 300w\" sizes=\"auto, (max-width: 640px) 100vw, 640px\" \/><\/a><em>Huset i Sollefte\u00e5. Foto: Norrfrid<\/em><\/p>\n<p>En av mina b\u00e4sta v\u00e4ninnor flyttade f\u00f6r ett och ett halvt \u00e5r sedan till Sollefte\u00e5 fr\u00e5n Stj\u00e4rnhov utanf\u00f6r Gnesta, d\u00e4r hon tidigare bodde med sin familj. Eija har s\u00e5 l\u00e4nge som jag k\u00e4nt henne (fr\u00e5n femte klass) haft inredning som sin passion i livet. Sedermera har detta mer och mer b\u00f6rjat inneb\u00e4ra en total restaurering och \u00e5terst\u00e4llning av de hus familjen bott i till ursprungligt tidsenligt skick.<\/p>\n<p style=\"text-align: center;\"><a href=\"http:\/\/www.susannavaris.com\/blogg\/wp-content\/uploads\/2011\/11\/eija01.jpg\"><img loading=\"lazy\" decoding=\"async\" class=\"aligncenter size-full wp-image-3022\" title=\"eija01\" src=\"http:\/\/www.susannavaris.com\/blogg\/wp-content\/uploads\/2011\/11\/eija01.jpg\" alt=\"\" width=\"480\" height=\"640\" srcset=\"http:\/\/www.susannavaris.com\/blogg\/wp-content\/uploads\/2011\/11\/eija01.jpg 480w, http:\/\/www.susannavaris.com\/blogg\/wp-content\/uploads\/2011\/11\/eija01-225x300.jpg 225w\" sizes=\"auto, (max-width: 480px) 100vw, 480px\" \/><\/a><em>Jo, det ser ut s\u00e5 h\u00e4r hos Eija&#8230;Foto: Norrfrid<\/em><\/p>\n<p>Det senaste projektet \u00e4r ett st\u00f6rre hus (eller mindre herrg\u00e5rd) strax utanf\u00f6r Sollefte\u00e5. I detta innefattas en familj med fem barn, ett antal f\u00e5r, h\u00f6ns och andra djur. Eija driver en fantastiskt vacker blogg om sitt lantliv, Norrfrid. En blogg f\u00f6r alla som \u00e4r f\u00f6rtjusta i inredning, speciellt i lantlig, rustik stil, fullsp\u00e4ckad med vackra stilleben inifr\u00e5n huset, inrednings- och andra hush\u00e5llstips ang\u00e5ende tr\u00e4dg\u00e5rd och sm\u00e5skalig odling. Jag \u00e4r oerh\u00f6rt stolt \u00f6ver min driftiga v\u00e4ninna!<\/p>\n<p style=\"text-align: center;\"><a href=\"http:\/\/www.susannavaris.com\/blogg\/wp-content\/uploads\/2011\/11\/eija02.jpg\"><img loading=\"lazy\" decoding=\"async\" class=\"aligncenter size-full wp-image-3023\" title=\"eija02\" src=\"http:\/\/www.susannavaris.com\/blogg\/wp-content\/uploads\/2011\/11\/eija02.jpg\" alt=\"\" width=\"480\" height=\"640\" srcset=\"http:\/\/www.susannavaris.com\/blogg\/wp-content\/uploads\/2011\/11\/eija02.jpg 480w, http:\/\/www.susannavaris.com\/blogg\/wp-content\/uploads\/2011\/11\/eija02-225x300.jpg 225w\" sizes=\"auto, (max-width: 480px) 100vw, 480px\" \/><\/a><em>Foto: Norrfrid<\/em><\/p>\n<p style=\"text-align: center;\">Norrfrid blogg:<\/p>\n<p style=\"text-align: center;\"><a href=\"http:\/\/norrfrid.blogspot.com\/\">http:\/\/norrfrid.blogspot.com\/<\/a><\/p>\n<p style=\"text-align: center;\"><a href=\"http:\/\/www.susannavaris.com\/blogg\/wp-content\/uploads\/2011\/11\/eija03.jpg\"><img loading=\"lazy\" decoding=\"async\" class=\"aligncenter size-full wp-image-3024\" title=\"eija03\" src=\"http:\/\/www.susannavaris.com\/blogg\/wp-content\/uploads\/2011\/11\/eija03.jpg\" alt=\"\" width=\"476\" height=\"640\" srcset=\"http:\/\/www.susannavaris.com\/blogg\/wp-content\/uploads\/2011\/11\/eija03.jpg 476w, http:\/\/www.susannavaris.com\/blogg\/wp-content\/uploads\/2011\/11\/eija03-223x300.jpg 223w\" sizes=\"auto, (max-width: 476px) 100vw, 476px\" \/><\/a><em>Foto: Norrfrid<\/em><\/p>\n","protected":false},"excerpt":{"rendered":"<p>Huset i Sollefte\u00e5. Foto: Norrfrid En av mina b\u00e4sta v\u00e4ninnor flyttade f\u00f6r ett och ett halvt \u00e5r sedan till Sollefte\u00e5 fr\u00e5n Stj\u00e4rnhov utanf\u00f6r Gnesta, d\u00e4r hon tidigare bodde med sin familj. Eija har s\u00e5 l\u00e4nge som jag k\u00e4nt henne (fr\u00e5n &hellip; <a href=\"http:\/\/www.susannavaris.com\/blogg\/2011\/11\/norrfrid\/\">Forts\u00e4tt l\u00e4sa <span class=\"meta-nav\">&rarr;<\/span><\/a><\/p>\n","protected":false},"author":1,"featured_media":0,"comment_status":"open","ping_status":"open","sticky":false,"template":"","format":"standard","meta":{"footnotes":""},"categories":[110,213,1],"tags":[849,4901,847,848,850],"class_list":["post-3020","post","type-post","status-publish","format-standard","hentry","category-foto","category-inredning","category-okategoriserade","tag-eija","tag-inredning","tag-norfrid","tag-norrfrid-blogg","tag-norrfrids-eija"],"_links":{"self":[{"href":"http:\/\/www.susannavaris.com\/blogg\/wp-json\/wp\/v2\/posts\/3020","targetHints":{"allow":["GET"]}}],"collection":[{"href":"http:\/\/www.susannavaris.com\/blogg\/wp-json\/wp\/v2\/posts"}],"about":[{"href":"http:\/\/www.susannavaris.com\/blogg\/wp-json\/wp\/v2\/types\/post"}],"author":[{"embeddable":true,"href":"http:\/\/www.susannavaris.com\/blogg\/wp-json\/wp\/v2\/users\/1"}],"replies":[{"embeddable":true,"href":"http:\/\/www.susannavaris.com\/blogg\/wp-json\/wp\/v2\/comments?post=3020"}],"version-history":[{"count":2,"href":"http:\/\/www.susannavaris.com\/blogg\/wp-json\/wp\/v2\/posts\/3020\/revisions"}],"predecessor-version":[{"id":3026,"href":"http:\/\/www.susannavaris.com\/blogg\/wp-json\/wp\/v2\/posts\/3020\/revisions\/3026"}],"wp:attachment":[{"href":"http:\/\/www.susannavaris.com\/blogg\/wp-json\/wp\/v2\/media?parent=3020"}],"wp:term":[{"taxonomy":"category","embeddable":true,"href":"http:\/\/www.susannavaris.com\/blogg\/wp-json\/wp\/v2\/categories?post=3020"},{"taxonomy":"post_tag","embeddable":true,"href":"http:\/\/www.susannavaris.com\/blogg\/wp-json\/wp\/v2\/tags?post=3020"}],"curies":[{"name":"wp","href":"https:\/\/api.w.org\/{rel}","templated":true}]}}