{"id":305,"date":"2011-05-15T20:36:35","date_gmt":"2011-05-15T18:36:35","guid":{"rendered":"http:\/\/www.susannavaris.com\/blogg\/?p=305"},"modified":"2011-05-15T20:36:35","modified_gmt":"2011-05-15T18:36:35","slug":"venus-versus-mas","status":"publish","type":"post","link":"http:\/\/www.susannavaris.com\/blogg\/2011\/05\/venus-versus-mas\/","title":{"rendered":"Venus versus m\u00e5s"},"content":{"rendered":"<p style=\"text-align: center;\">Tunga skyar hela dagen, s\u00e5 det blev ingen promenad. En liten tripp till aff\u00e4ren f\u00f6r att posta <em>The Patch<\/em> till sin nya \u00e4garinna och inhandla Oatley f\u00f6r en rosantina (pastas\u00e5s med tomater, gr\u00e4dde eller oatley, vitl\u00f6k och \u00f6rter).<\/p>\n<p style=\"text-align: center;\"><a href=\"http:\/\/www.susannavaris.com\/blogg\/wp-content\/uploads\/2011\/05\/2011p\u00e5sk02.jpg\"><img decoding=\"async\" class=\"aligncenter size-full wp-image-306\" title=\"2011p\u00e5sk02\" src=\"http:\/\/www.susannavaris.com\/blogg\/wp-content\/uploads\/2011\/05\/2011p\u00e5sk02.jpg\" alt=\"\" \/><\/a><em>P\u00e5skriset n\u00e4r det fortfarande var vackert&#8230;och som p\u00e5skkycklingen s\u00e5 hejar jag p\u00e5 Finland ikv\u00e4ll!<\/em><\/p>\n<p style=\"text-align: center;\"><em><a href=\"http:\/\/www.susannavaris.com\/blogg\/wp-content\/uploads\/2011\/05\/11051501.jpg\"><img decoding=\"async\" class=\"aligncenter size-full wp-image-307\" title=\"11051501\" src=\"http:\/\/www.susannavaris.com\/blogg\/wp-content\/uploads\/2011\/05\/11051501.jpg\" alt=\"\" \/><\/a>Kaoset har brett ut sig p\u00e5 vardagsrumsgolvet igen&#8230;<\/em><\/p>\n<p style=\"text-align: center;\">Halva dagen gick sedan \u00e5t till kringverksamheter f\u00f6r skapandet, mejl till potentiella annons\u00f6rer, fix och tricks med arbetsproverna och dylikt. Men jag hann skapa en liten bagatell ocks\u00e5. Det kan h\u00e4nda att den utvecklas till en serie, vem vet hur m\u00e5nga f\u00e5nigheter som letar sig fram fr\u00e5n hj\u00e4rnskrymslena. Det blev en personlig vendetta f\u00f6rkl\u00e4dd till en enkel metafor. M\u00e5sar tillh\u00f6r inte mina favoritf\u00e5glar.<\/p>\n<p style=\"text-align: center;\"><a href=\"http:\/\/www.susannavaris.com\/blogg\/wp-content\/uploads\/2011\/05\/Silly-Things-I-mixed-media-2011.jpg\"><img decoding=\"async\" class=\"aligncenter size-full wp-image-308\" title=\"Silly Things I mixed media 2011\" src=\"http:\/\/www.susannavaris.com\/blogg\/wp-content\/uploads\/2011\/05\/Silly-Things-I-mixed-media-2011.jpg\" alt=\"Silly Things I\" \/><\/a><em>Silly Things I, mixed media<\/em><\/p>\n<p style=\"text-align: center;\">F\u00f6rmodligen fyller den h\u00e4r skr\u00e4nande hopen en funktion i ekosystemet, men speciellt intelligenta eller charmiga \u00e4r dom inte. Inte nog med att jag f\u00e5tt mina nyputsade f\u00f6nster besudlade vid ett par tillf\u00e4llen, jag har haft en renodlad hitchcock-moment med dom flygande j\u00e4vlarna. En puckad m\u00e5smamma hade anlagt sitt bo precis vid kanten av en v\u00e4lanv\u00e4nd promenadv\u00e4g l\u00e4ngs S\u00f6dert\u00e4lje kanal. Tv\u00e5 f\u00f6rskr\u00e4ckligt fula m\u00e5sungar var nu p\u00e5 v\u00e4g mot stenarna och vattenbrynet och stod nu och vajade vid promenaden. Krakarna flyttar sig ingenstans och f\u00f6rbi m\u00e5ste man ju komma. Jag tassar f\u00f6rsiktigt f\u00f6rbi och skyndar p\u00e5 f\u00f6r att komma bort fr\u00e5n ungarna och visa m\u00e5smamman att jag inte avser dom n\u00e5got ont. Vad h\u00e4nder? Curlingmammam\u00e5s g\u00f6r ett kamikazedyk och pickar mig rakt p\u00e5 skallen!!<\/p>\n<p style=\"text-align: center;\">Jag tycker mycket om f\u00e5glar, men m\u00e5sar \u00e4r i min bok flygande gangsters.<\/p>\n<p style=\"text-align: center;\">Av andra, mer konstn\u00e4rliga anledningar, har jag g\u00e5tt och grunnat p\u00e5 en anti-m\u00e5s serie med verk, kanske tom en hel anti-m\u00e5s utst\u00e4llning. &#8221;Fuck the seagulls&#8221;&#8230;<\/p>\n","protected":false},"excerpt":{"rendered":"<p>Tunga skyar hela dagen, s\u00e5 det blev ingen promenad. En liten tripp till aff\u00e4ren f\u00f6r att posta The Patch till sin nya \u00e4garinna och inhandla Oatley f\u00f6r en rosantina (pastas\u00e5s med tomater, gr\u00e4dde eller oatley, vitl\u00f6k och \u00f6rter). P\u00e5skriset n\u00e4r &hellip; <a href=\"http:\/\/www.susannavaris.com\/blogg\/2011\/05\/venus-versus-mas\/\">Forts\u00e4tt l\u00e4sa <span class=\"meta-nav\">&rarr;<\/span><\/a><\/p>\n","protected":false},"author":1,"featured_media":308,"comment_status":"open","ping_status":"open","sticky":false,"template":"","format":"standard","meta":{"footnotes":""},"categories":[7,3,1],"tags":[102,100,103,104,25,101],"class_list":["post-305","post","type-post","status-publish","format-standard","has-post-thumbnail","hentry","category-egna-verk","category-konst","category-okategoriserade","tag-afrodite","tag-botticelli","tag-mixed-media","tag-silly-things-i","tag-surrealism","tag-venus"],"_links":{"self":[{"href":"http:\/\/www.susannavaris.com\/blogg\/wp-json\/wp\/v2\/posts\/305","targetHints":{"allow":["GET"]}}],"collection":[{"href":"http:\/\/www.susannavaris.com\/blogg\/wp-json\/wp\/v2\/posts"}],"about":[{"href":"http:\/\/www.susannavaris.com\/blogg\/wp-json\/wp\/v2\/types\/post"}],"author":[{"embeddable":true,"href":"http:\/\/www.susannavaris.com\/blogg\/wp-json\/wp\/v2\/users\/1"}],"replies":[{"embeddable":true,"href":"http:\/\/www.susannavaris.com\/blogg\/wp-json\/wp\/v2\/comments?post=305"}],"version-history":[{"count":1,"href":"http:\/\/www.susannavaris.com\/blogg\/wp-json\/wp\/v2\/posts\/305\/revisions"}],"predecessor-version":[{"id":309,"href":"http:\/\/www.susannavaris.com\/blogg\/wp-json\/wp\/v2\/posts\/305\/revisions\/309"}],"wp:featuredmedia":[{"embeddable":true,"href":"http:\/\/www.susannavaris.com\/blogg\/wp-json\/wp\/v2\/media\/308"}],"wp:attachment":[{"href":"http:\/\/www.susannavaris.com\/blogg\/wp-json\/wp\/v2\/media?parent=305"}],"wp:term":[{"taxonomy":"category","embeddable":true,"href":"http:\/\/www.susannavaris.com\/blogg\/wp-json\/wp\/v2\/categories?post=305"},{"taxonomy":"post_tag","embeddable":true,"href":"http:\/\/www.susannavaris.com\/blogg\/wp-json\/wp\/v2\/tags?post=305"}],"curies":[{"name":"wp","href":"https:\/\/api.w.org\/{rel}","templated":true}]}}