{"id":3059,"date":"2011-11-05T12:10:39","date_gmt":"2011-11-05T11:10:39","guid":{"rendered":"http:\/\/www.susannavaris.com\/blogg\/?p=3059"},"modified":"2011-11-05T14:30:30","modified_gmt":"2011-11-05T13:30:30","slug":"det-ger-sig","status":"publish","type":"post","link":"http:\/\/www.susannavaris.com\/blogg\/2011\/11\/det-ger-sig\/","title":{"rendered":"Det ger sig"},"content":{"rendered":"<p><a href=\"http:\/\/www.susannavaris.com\/blogg\/wp-content\/uploads\/2011\/11\/DSC_0194-50.jpg\"><img loading=\"lazy\" decoding=\"async\" class=\"size-large wp-image-3060 alignnone\" title=\"DSC_0194-50\" src=\"http:\/\/www.susannavaris.com\/blogg\/wp-content\/uploads\/2011\/11\/DSC_0194-50-1024x682.jpg\" alt=\"\" width=\"640\" height=\"426\" srcset=\"http:\/\/www.susannavaris.com\/blogg\/wp-content\/uploads\/2011\/11\/DSC_0194-50-1024x682.jpg 1024w, http:\/\/www.susannavaris.com\/blogg\/wp-content\/uploads\/2011\/11\/DSC_0194-50-300x200.jpg 300w\" sizes=\"auto, (max-width: 640px) 100vw, 640px\" \/><\/a><\/p>\n<p style=\"text-align: center;\"><em>Konststudier&#8230;Foto: Susanna Varis<\/em><\/p>\n<p>Hoppas jag. Ska f\u00f6rs\u00f6ka jobba igen p\u00e5 m\u00e5ndag, har jag t\u00e4nkt.<\/p>\n<p>Idag ska jag ligga kvar i soffan och l\u00e4sa konsthistoria. Jag har ju ingen formell konstutbildning, s\u00e5 jag f\u00e5r l\u00e4ra mig s\u00e5dana h\u00e4r saker p\u00e5 egen hand. Vilket jag g\u00f6r g\u00e4rna, det \u00e4r fantastiskt fascinerande. \u00c4nnu roligare vore f\u00f6rst\u00e5s om min hj\u00e4rna inte hade den teflon-kvalit\u00e9 den ofta uppvisar och n\u00e5gonting fastnade f\u00f6r vidare referens. Ibland k\u00e4nns det som att jag l\u00e4ser och l\u00e4ser och allt bara hamnar i ett svart h\u00e5l, jag minns v\u00e4ldigt lite. Men man f\u00e5r inte ge upp hoppet.<\/p>\n<p style=\"text-align: center;\"><a href=\"http:\/\/www.susannavaris.com\/blogg\/wp-content\/uploads\/2011\/11\/DSC_0195-50.jpg\"><img loading=\"lazy\" decoding=\"async\" class=\"aligncenter size-large wp-image-3061\" title=\"DSC_0195-50\" src=\"http:\/\/www.susannavaris.com\/blogg\/wp-content\/uploads\/2011\/11\/DSC_0195-50-682x1024.jpg\" alt=\"\" width=\"640\" height=\"960\" srcset=\"http:\/\/www.susannavaris.com\/blogg\/wp-content\/uploads\/2011\/11\/DSC_0195-50-682x1024.jpg 682w, http:\/\/www.susannavaris.com\/blogg\/wp-content\/uploads\/2011\/11\/DSC_0195-50-200x300.jpg 200w, http:\/\/www.susannavaris.com\/blogg\/wp-content\/uploads\/2011\/11\/DSC_0195-50.jpg 1536w\" sizes=\"auto, (max-width: 640px) 100vw, 640px\" \/><\/a><em>Kaffe till&#8230;och kanske Bach.\u00a0<\/em><\/p>\n<p style=\"text-align: center;\">F\u00f6rresten, jag hade en mardr\u00f6m i morse som jag vaknade till med kroppen i en f\u00f6rstelnad kramp. Det \u00e4r en \u00e5terkommande mardr\u00f6m som g\u00e5r ut p\u00e5 att jag av n\u00e5gon anledning har \u00e5ter blivit tillsammans med en man som misshandlade mig. I dom d\u00e4r dr\u00f6mmarna kan jag aldrig begripa hur jag har kunnat vara s\u00e5 dum att jag gett mig in p\u00e5 det igen efter det helvete det var att ta sig ur. S\u00e5 d\u00e4r sitter jag och f\u00f6rs\u00f6ker tr\u00e4na upp f\u00f6rm\u00e5gan att anpassa mig, tolka signaler, svara det som \u00e4r \u00f6nskv\u00e4rt, gl\u00f6mma bort vad jag sj\u00e4lv tycker&#8230;utpl\u00e5nar mig sj\u00e4lv. Allt f\u00f6r att f\u00e5 vara ifred en stund, allt f\u00f6r att orka med en till vardag. Nu skulle vi g\u00f6ra en l\u00e5ngresa, allt var planerat och vi skulle iv\u00e4g n\u00e4sta dag. Pl\u00f6tsligt st\u00e4mmer inte detta, rutten \u00e4r \u00e4ndrad, vi ska till Indien och Filippinerna. Vi backpackar och jag hade speciellt understrykit att jag inte ville till Indien, jag \u00e4r r\u00e4dd f\u00f6r ormar. Detta \u00e4r nu \u00e4ndrat och dessutom ska vi \u00e5ka samma kv\u00e4ll.<\/p>\n<p style=\"text-align: center;\">Sedan blir jag anklagad f\u00f6r att inte bry mig om hans barn (han har pl\u00f6tsligt en liten bebis i en vagn utanf\u00f6r). Jag s\u00e4ger att jag aldrig har varit speciellt intresserad av barn och f\u00e5r d\u00e5 \u00e4n v\u00e4rre anklagelser utspottade \u00f6ver mig. Jag talar om att jag inte vill \u00e5ka och f\u00f6rresten vill jag inte vara i det h\u00e4r f\u00f6rh\u00e5llandet l\u00e4ngre. Jag g\u00f6r en ansats att g\u00e5, men han greppar tag i min handled och sl\u00e4pper mig inte. Jag b\u00f6rjar skrika, men f\u00e5r ingen r\u00f6st. M\u00e4nniskor runt om bem\u00f6dar oss med n\u00e5gra ointresserade blickar och jag ser h\u00e5nfullheten i hans \u00f6gon n\u00e4r han m\u00e4rker detta. Han vet att jag \u00e4nd\u00e5 inte kommer att f\u00e5 n\u00e5gon hj\u00e4lp. D\u00e4r vaknar jag.<\/p>\n<p style=\"text-align: center;\">Fortfarande, efter drygt tio \u00e5r, \u00e5terkommer de h\u00e4r mardr\u00f6mmarna.<\/p>\n<p style=\"text-align: center;\"><a href=\"http:\/\/www.susannavaris.com\/blogg\/wp-content\/uploads\/2011\/11\/DSC_0197-50.jpg\"><img loading=\"lazy\" decoding=\"async\" class=\"aligncenter size-large wp-image-3066\" title=\"DSC_0197-50\" src=\"http:\/\/www.susannavaris.com\/blogg\/wp-content\/uploads\/2011\/11\/DSC_0197-50-687x1024.jpg\" alt=\"\" width=\"640\" height=\"953\" srcset=\"http:\/\/www.susannavaris.com\/blogg\/wp-content\/uploads\/2011\/11\/DSC_0197-50-687x1024.jpg 687w, http:\/\/www.susannavaris.com\/blogg\/wp-content\/uploads\/2011\/11\/DSC_0197-50-201x300.jpg 201w, http:\/\/www.susannavaris.com\/blogg\/wp-content\/uploads\/2011\/11\/DSC_0197-50.jpg 1486w\" sizes=\"auto, (max-width: 640px) 100vw, 640px\" \/><\/a><em>Nu har jag t\u00e4nt just f\u00f6r att kunna l\u00e4sa, mitt p\u00e5 dagen. DARK kommer bli ett v\u00e4ldigt passande tema f\u00f6r v\u00e5r utst\u00e4llning. Foto: Susanna Varis<\/em><\/p>\n","protected":false},"excerpt":{"rendered":"<p>Konststudier&#8230;Foto: Susanna Varis Hoppas jag. Ska f\u00f6rs\u00f6ka jobba igen p\u00e5 m\u00e5ndag, har jag t\u00e4nkt. Idag ska jag ligga kvar i soffan och l\u00e4sa konsthistoria. Jag har ju ingen formell konstutbildning, s\u00e5 jag f\u00e5r l\u00e4ra mig s\u00e5dana h\u00e4r saker p\u00e5 egen &hellip; <a href=\"http:\/\/www.susannavaris.com\/blogg\/2011\/11\/det-ger-sig\/\">Forts\u00e4tt l\u00e4sa <span class=\"meta-nav\">&rarr;<\/span><\/a><\/p>\n","protected":false},"author":1,"featured_media":0,"comment_status":"open","ping_status":"open","sticky":false,"template":"","format":"standard","meta":{"footnotes":""},"categories":[181,213,3,1],"tags":[],"class_list":["post-3059","post","type-post","status-publish","format-standard","hentry","category-feminism","category-inredning","category-konst","category-okategoriserade"],"_links":{"self":[{"href":"http:\/\/www.susannavaris.com\/blogg\/wp-json\/wp\/v2\/posts\/3059","targetHints":{"allow":["GET"]}}],"collection":[{"href":"http:\/\/www.susannavaris.com\/blogg\/wp-json\/wp\/v2\/posts"}],"about":[{"href":"http:\/\/www.susannavaris.com\/blogg\/wp-json\/wp\/v2\/types\/post"}],"author":[{"embeddable":true,"href":"http:\/\/www.susannavaris.com\/blogg\/wp-json\/wp\/v2\/users\/1"}],"replies":[{"embeddable":true,"href":"http:\/\/www.susannavaris.com\/blogg\/wp-json\/wp\/v2\/comments?post=3059"}],"version-history":[{"count":7,"href":"http:\/\/www.susannavaris.com\/blogg\/wp-json\/wp\/v2\/posts\/3059\/revisions"}],"predecessor-version":[{"id":3069,"href":"http:\/\/www.susannavaris.com\/blogg\/wp-json\/wp\/v2\/posts\/3059\/revisions\/3069"}],"wp:attachment":[{"href":"http:\/\/www.susannavaris.com\/blogg\/wp-json\/wp\/v2\/media?parent=3059"}],"wp:term":[{"taxonomy":"category","embeddable":true,"href":"http:\/\/www.susannavaris.com\/blogg\/wp-json\/wp\/v2\/categories?post=3059"},{"taxonomy":"post_tag","embeddable":true,"href":"http:\/\/www.susannavaris.com\/blogg\/wp-json\/wp\/v2\/tags?post=3059"}],"curies":[{"name":"wp","href":"https:\/\/api.w.org\/{rel}","templated":true}]}}