{"id":3090,"date":"2011-11-10T00:07:39","date_gmt":"2011-11-09T23:07:39","guid":{"rendered":"http:\/\/www.susannavaris.com\/blogg\/?p=3090"},"modified":"2011-11-12T22:25:33","modified_gmt":"2011-11-12T21:25:33","slug":"releasefest-for-magnus-zaars-debutbok","status":"publish","type":"post","link":"http:\/\/www.susannavaris.com\/blogg\/2011\/11\/releasefest-for-magnus-zaars-debutbok\/","title":{"rendered":"Releasefest f\u00f6r Magnus Zaars debutbok"},"content":{"rendered":"<p>Idag har jag haft en ledig dag, men det m\u00e4rktes inte. Det blev mest stress och fl\u00e4ng. Jag var nog redan stressad eftersom jag sov ganska kasst inatt&#8230;<\/p>\n<p>Upp klockan \u00e5tta. Frukost, fixa i ordning, m\u00e5la dit ett ansikte&#8230;h\u00e5ret kunde jag strunta i, eftersom det senare vankades frissa. Efter ett missat t\u00e5g och n\u00e4sta som bara \u00e5kte till \u00c4lvsj\u00f6, var vi framme i Stockholm 11.20. Bussh\u00e5llplatsen visade sig vara flyttad, s\u00e5 vi missade precis en buss och fick v\u00e4nta 20 minuter. Strax f\u00f6re tolv var vi \u00e4ntligen framme \u00a0hos Aba.<\/p>\n<p style=\"text-align: center;\"><a href=\"http:\/\/www.susannavaris.com\/blogg\/wp-content\/uploads\/2011\/11\/DSC_0202-50.jpg\"><img loading=\"lazy\" decoding=\"async\" class=\"aligncenter size-large wp-image-3091\" title=\"DSC_0202-50\" src=\"http:\/\/www.susannavaris.com\/blogg\/wp-content\/uploads\/2011\/11\/DSC_0202-50-1024x682.jpg\" alt=\"\" width=\"640\" height=\"426\" srcset=\"http:\/\/www.susannavaris.com\/blogg\/wp-content\/uploads\/2011\/11\/DSC_0202-50-1024x682.jpg 1024w, http:\/\/www.susannavaris.com\/blogg\/wp-content\/uploads\/2011\/11\/DSC_0202-50-300x200.jpg 300w\" sizes=\"auto, (max-width: 640px) 100vw, 640px\" \/><\/a><em>Moderskan p\u00e5 Aba, d\u00e4r jag l\u00e4mnat n\u00e5gra original f\u00f6r inscanning och framst\u00e4llning av gicl\u00e9e-tryck. Foto: Susanna Varis<\/em><\/p>\n<p style=\"text-align: left;\">Vi hade t\u00e4nkt att hinna \u00e4ta lunch innan min frissa klockan 13, s\u00e5 jag fick ringa och be om att skjuta upp p\u00e5 min tid. Gulliga Ingela gick med p\u00e5 det, som tur var och vi riktade kosan mot kvarterskrogen, wallenbergarna, potatismoset, \u00e4rtorna och gr\u00e4dds\u00e5sen. Yammy!!! Underbart gott!!<\/p>\n<p style=\"text-align: center;\"><a href=\"http:\/\/www.susannavaris.com\/blogg\/wp-content\/uploads\/2011\/11\/DSC_0204-50.jpg\"><img loading=\"lazy\" decoding=\"async\" class=\"aligncenter size-large wp-image-3092\" title=\"DSC_0204-50\" src=\"http:\/\/www.susannavaris.com\/blogg\/wp-content\/uploads\/2011\/11\/DSC_0204-50-682x1024.jpg\" alt=\"\" width=\"640\" height=\"960\" srcset=\"http:\/\/www.susannavaris.com\/blogg\/wp-content\/uploads\/2011\/11\/DSC_0204-50-682x1024.jpg 682w, http:\/\/www.susannavaris.com\/blogg\/wp-content\/uploads\/2011\/11\/DSC_0204-50-200x300.jpg 200w, http:\/\/www.susannavaris.com\/blogg\/wp-content\/uploads\/2011\/11\/DSC_0204-50.jpg 1536w\" sizes=\"auto, (max-width: 640px) 100vw, 640px\" \/><\/a><em>Min fris\u00f6r Ingela, som arbetar p\u00e5 Salong CU p\u00e5 Luntmakargatan \u00e4r bara b\u00e4st! Dessutom leder hon zumba-klasser p\u00e5 S.A.T.S. Foto: Susanna Varis<\/em><\/p>\n<p style=\"text-align: center;\"><a href=\"http:\/\/www.susannavaris.com\/blogg\/wp-content\/uploads\/2011\/11\/DSC_0207-50.jpg\"><img loading=\"lazy\" decoding=\"async\" class=\"aligncenter size-large wp-image-3093\" title=\"DSC_0207-50\" src=\"http:\/\/www.susannavaris.com\/blogg\/wp-content\/uploads\/2011\/11\/DSC_0207-50-1024x838.jpg\" alt=\"\" width=\"640\" height=\"523\" srcset=\"http:\/\/www.susannavaris.com\/blogg\/wp-content\/uploads\/2011\/11\/DSC_0207-50-1024x838.jpg 1024w, http:\/\/www.susannavaris.com\/blogg\/wp-content\/uploads\/2011\/11\/DSC_0207-50-300x245.jpg 300w, http:\/\/www.susannavaris.com\/blogg\/wp-content\/uploads\/2011\/11\/DSC_0207-50.jpg 1842w\" sizes=\"auto, (max-width: 640px) 100vw, 640px\" \/><\/a><em>Salong CU, Luntmakargatan. Foto: Susanna Varis<\/em><\/p>\n<p style=\"text-align: left;\">\u00c4ntligen fick jag \u00e5ter lite ordning p\u00e5 h\u00e5ret! Moderskan hade under tiden varit och gjort stan och vi skulle ses vid Konserthuset, nedg\u00e5ngen till T-banan klockan 15.30. Skulle jag bli sen skulle jag komma s\u00e5 fort jag hann&#8230;<\/p>\n<p style=\"text-align: left;\">15.50 var jag d\u00e4r. Ingen moderska.<\/p>\n<p style=\"text-align: center;\"><a href=\"http:\/\/www.susannavaris.com\/blogg\/wp-content\/uploads\/2011\/11\/DSC_0208-50.jpg\"><img loading=\"lazy\" decoding=\"async\" class=\"aligncenter size-large wp-image-3094\" title=\"DSC_0208-50\" src=\"http:\/\/www.susannavaris.com\/blogg\/wp-content\/uploads\/2011\/11\/DSC_0208-50-1024x682.jpg\" alt=\"\" width=\"640\" height=\"426\" srcset=\"http:\/\/www.susannavaris.com\/blogg\/wp-content\/uploads\/2011\/11\/DSC_0208-50-1024x682.jpg 1024w, http:\/\/www.susannavaris.com\/blogg\/wp-content\/uploads\/2011\/11\/DSC_0208-50-300x200.jpg 300w\" sizes=\"auto, (max-width: 640px) 100vw, 640px\" \/><\/a><em>H\u00e4r stod jag och cirklade ibland runt byggnaden och H\u00f6torget fram till 16.40. Ingen moderska och ingen mobil hade hon givetvis med sig&#8230;F\u00f6rresten \u00e4r det deprimerande att se tiggeri p\u00e5 Stockholms gator. Det \u00e4r med all s\u00e4kerhet synd om de stackars tiggarna, men pengarna du ger g\u00e5r rakt ner i fickorna p\u00e5 kriminella ligor som hanterar den h\u00e4r verksamheten. Foto: Susanna Varis<\/em><\/p>\n<p style=\"text-align: left;\">Efter att jag tr\u00f6ttnat p\u00e5 att leta efter en f\u00f6rsvunnen moderska, passade jag p\u00e5 att inhandla ramar, f\u00e4rg och pensel p\u00e5 Kreatima, samt passepartouer p\u00e5 Gallerix. Vid femsn\u00e5ret b\u00f6rjade blodsockret dippa och jag tog mig mot Centralstationen f\u00f6r att dumpa av lite saker och inta lite middag. N\u00e4r jag st\u00e5r inne p\u00e5 pressbyr\u00e5n ringer den gode moderskan hemifr\u00e5n S\u00f6dert\u00e4lje och p\u00e5st\u00e5r sig ha v\u00e4ntat till klockan 16 vid Konserthuset.<\/p>\n<p style=\"text-align: left;\">Den uppm\u00e4rksamme l\u00e4saren inser h\u00e4r att uppgifterna g\u00e5r is\u00e4r. Vem som har r\u00e4tt och vem som har traskat runt Konserthuset i vilken riktning och ordning och vid vilken tidpunkt kan man bara spekulera om. Moderskan hade blivit tr\u00f6tt och \u00e5kt hem och det var nog lika bra det, med tanke p\u00e5 vad som komma skulle.<\/p>\n<p style=\"text-align: left;\"><a href=\"http:\/\/www.susannavaris.com\/blogg\/wp-content\/uploads\/2011\/11\/DSC_0209-50.jpg\"><img loading=\"lazy\" decoding=\"async\" class=\"aligncenter size-large wp-image-3095\" title=\"DSC_0209-50\" src=\"http:\/\/www.susannavaris.com\/blogg\/wp-content\/uploads\/2011\/11\/DSC_0209-50-1024x682.jpg\" alt=\"\" width=\"640\" height=\"426\" srcset=\"http:\/\/www.susannavaris.com\/blogg\/wp-content\/uploads\/2011\/11\/DSC_0209-50-1024x682.jpg 1024w, http:\/\/www.susannavaris.com\/blogg\/wp-content\/uploads\/2011\/11\/DSC_0209-50-300x200.jpg 300w\" sizes=\"auto, (max-width: 640px) 100vw, 640px\" \/><\/a><em>Kritvit och sm\u00e5darrig stapplade jag s\u00e5 in p\u00e5 Coffeehouse by George och intog denna n\u00e4rande mozzarella och prosciutto-sallad med cous cous. Foto: Susanna Varis<\/em><\/p>\n<p style=\"text-align: left;\">In mot lokalerna igen f\u00f6r att piffa till sminket och t-bananen till Gamla stan. D\u00e4r var det \u00e5ter en st\u00e4mningsfull kv\u00e4ll&#8230;<\/p>\n<p style=\"text-align: center;\"><a href=\"http:\/\/www.susannavaris.com\/blogg\/wp-content\/uploads\/2011\/11\/DSC_0210-50.jpg\"><img loading=\"lazy\" decoding=\"async\" class=\"aligncenter size-large wp-image-3096\" title=\"DSC_0210-50\" src=\"http:\/\/www.susannavaris.com\/blogg\/wp-content\/uploads\/2011\/11\/DSC_0210-50-682x1024.jpg\" alt=\"\" width=\"640\" height=\"960\" srcset=\"http:\/\/www.susannavaris.com\/blogg\/wp-content\/uploads\/2011\/11\/DSC_0210-50-682x1024.jpg 682w, http:\/\/www.susannavaris.com\/blogg\/wp-content\/uploads\/2011\/11\/DSC_0210-50-200x300.jpg 200w, http:\/\/www.susannavaris.com\/blogg\/wp-content\/uploads\/2011\/11\/DSC_0210-50.jpg 1536w\" sizes=\"auto, (max-width: 640px) 100vw, 640px\" \/><\/a><em>Drakgr\u00e4nd&#8230;\u00e4ven namnen \u00e4r s\u00e5 mytiska i Gamla stan. Foto: Susanna Varis<\/em><\/p>\n<p style=\"text-align: center;\"><a href=\"http:\/\/www.susannavaris.com\/blogg\/wp-content\/uploads\/2011\/11\/317674_10150355509921835_725571834_8730845_979609663_n.jpg\"><img loading=\"lazy\" decoding=\"async\" class=\"aligncenter size-full wp-image-3097\" title=\"317674_10150355509921835_725571834_8730845_979609663_n\" src=\"http:\/\/www.susannavaris.com\/blogg\/wp-content\/uploads\/2011\/11\/317674_10150355509921835_725571834_8730845_979609663_n.jpg\" alt=\"\" width=\"641\" height=\"960\" srcset=\"http:\/\/www.susannavaris.com\/blogg\/wp-content\/uploads\/2011\/11\/317674_10150355509921835_725571834_8730845_979609663_n.jpg 641w, http:\/\/www.susannavaris.com\/blogg\/wp-content\/uploads\/2011\/11\/317674_10150355509921835_725571834_8730845_979609663_n-200x300.jpg 200w\" sizes=\"auto, (max-width: 641px) 100vw, 641px\" \/><\/a><em>Jag framf\u00f6r valvet&#8230;Foto: David Thunander<\/em><\/p>\n<p style=\"text-align: center;\"><a href=\"http:\/\/www.susannavaris.com\/blogg\/wp-content\/uploads\/2011\/11\/298731_10150355510366835_725571834_8730849_1289306465_n.jpg\"><img loading=\"lazy\" decoding=\"async\" class=\"aligncenter size-full wp-image-3098\" title=\"298731_10150355510366835_725571834_8730849_1289306465_n\" src=\"http:\/\/www.susannavaris.com\/blogg\/wp-content\/uploads\/2011\/11\/298731_10150355510366835_725571834_8730849_1289306465_n.jpg\" alt=\"\" width=\"960\" height=\"641\" srcset=\"http:\/\/www.susannavaris.com\/blogg\/wp-content\/uploads\/2011\/11\/298731_10150355510366835_725571834_8730849_1289306465_n.jpg 960w, http:\/\/www.susannavaris.com\/blogg\/wp-content\/uploads\/2011\/11\/298731_10150355510366835_725571834_8730849_1289306465_n-300x200.jpg 300w\" sizes=\"auto, (max-width: 960px) 100vw, 960px\" \/><\/a><em>I v\u00e4ntan p\u00e5 insl\u00e4pp till Telegram F\u00f6rlag p\u00e5 Ferkens gr\u00e4nd. N\u00e4st l\u00e4ngst till h\u00f6ger&#8230;\u00a0Foto: David Thunander\/Skugge&amp;Co<\/em><\/p>\n<p style=\"text-align: center;\"><a href=\"http:\/\/www.susannavaris.com\/blogg\/wp-content\/uploads\/2011\/11\/383141_10150355511006835_725571834_8730854_1387429454_n.jpg\"><img loading=\"lazy\" decoding=\"async\" class=\"aligncenter size-full wp-image-3099\" title=\"383141_10150355511006835_725571834_8730854_1387429454_n\" src=\"http:\/\/www.susannavaris.com\/blogg\/wp-content\/uploads\/2011\/11\/383141_10150355511006835_725571834_8730854_1387429454_n.jpg\" alt=\"\" width=\"960\" height=\"641\" srcset=\"http:\/\/www.susannavaris.com\/blogg\/wp-content\/uploads\/2011\/11\/383141_10150355511006835_725571834_8730854_1387429454_n.jpg 960w, http:\/\/www.susannavaris.com\/blogg\/wp-content\/uploads\/2011\/11\/383141_10150355511006835_725571834_8730854_1387429454_n-300x200.jpg 300w\" sizes=\"auto, (max-width: 960px) 100vw, 960px\" \/><\/a><em>Det bj\u00f6ds p\u00e5 gott att dricka&#8230;Foto: David Thunander\/Skugge&amp;Co<\/em><\/p>\n<p style=\"text-align: center;\"><a href=\"http:\/\/www.susannavaris.com\/blogg\/wp-content\/uploads\/2011\/11\/313262_10150355514626835_725571834_8730876_276411058_n.jpg\"><img loading=\"lazy\" decoding=\"async\" class=\"aligncenter size-full wp-image-3100\" title=\"313262_10150355514626835_725571834_8730876_276411058_n\" src=\"http:\/\/www.susannavaris.com\/blogg\/wp-content\/uploads\/2011\/11\/313262_10150355514626835_725571834_8730876_276411058_n.jpg\" alt=\"\" width=\"960\" height=\"641\" srcset=\"http:\/\/www.susannavaris.com\/blogg\/wp-content\/uploads\/2011\/11\/313262_10150355514626835_725571834_8730876_276411058_n.jpg 960w, http:\/\/www.susannavaris.com\/blogg\/wp-content\/uploads\/2011\/11\/313262_10150355514626835_725571834_8730876_276411058_n-300x200.jpg 300w\" sizes=\"auto, (max-width: 960px) 100vw, 960px\" \/><\/a><em>Det var fullproppat med folk. Verkligen. Fullproppat.\u00a0<em>Foto: David Thunander\/Skugge&amp;Co<\/em><\/em><\/p>\n<p style=\"text-align: center;\"><a href=\"http:\/\/www.susannavaris.com\/blogg\/wp-content\/uploads\/2011\/11\/DSC_0216-50.jpg\"><img loading=\"lazy\" decoding=\"async\" class=\"aligncenter size-large wp-image-3101\" title=\"DSC_0216-50\" src=\"http:\/\/www.susannavaris.com\/blogg\/wp-content\/uploads\/2011\/11\/DSC_0216-50-1024x682.jpg\" alt=\"\" width=\"640\" height=\"426\" srcset=\"http:\/\/www.susannavaris.com\/blogg\/wp-content\/uploads\/2011\/11\/DSC_0216-50-1024x682.jpg 1024w, http:\/\/www.susannavaris.com\/blogg\/wp-content\/uploads\/2011\/11\/DSC_0216-50-300x200.jpg 300w\" sizes=\"auto, (max-width: 640px) 100vw, 640px\" \/><\/a><em>I vimlet&#8230;<\/em><\/p>\n<p style=\"text-align: center;\"><a href=\"http:\/\/www.susannavaris.com\/blogg\/wp-content\/uploads\/2011\/11\/DSC_0220-50.jpg\"><img loading=\"lazy\" decoding=\"async\" class=\"aligncenter size-large wp-image-3102\" title=\"DSC_0220-50\" src=\"http:\/\/www.susannavaris.com\/blogg\/wp-content\/uploads\/2011\/11\/DSC_0220-50-1024x682.jpg\" alt=\"\" width=\"640\" height=\"426\" srcset=\"http:\/\/www.susannavaris.com\/blogg\/wp-content\/uploads\/2011\/11\/DSC_0220-50-1024x682.jpg 1024w, http:\/\/www.susannavaris.com\/blogg\/wp-content\/uploads\/2011\/11\/DSC_0220-50-300x200.jpg 300w\" sizes=\"auto, (max-width: 640px) 100vw, 640px\" \/><\/a><em>I det andra rummet&#8230;(foto: Susanna Varis)<\/em><\/p>\n<p style=\"text-align: center;\"><a href=\"http:\/\/www.susannavaris.com\/blogg\/wp-content\/uploads\/2011\/11\/389523_10150355518516835_725571834_8730901_443129476_n.jpg\"><img loading=\"lazy\" decoding=\"async\" class=\"aligncenter size-full wp-image-3103\" title=\"389523_10150355518516835_725571834_8730901_443129476_n\" src=\"http:\/\/www.susannavaris.com\/blogg\/wp-content\/uploads\/2011\/11\/389523_10150355518516835_725571834_8730901_443129476_n.jpg\" alt=\"\" width=\"641\" height=\"960\" srcset=\"http:\/\/www.susannavaris.com\/blogg\/wp-content\/uploads\/2011\/11\/389523_10150355518516835_725571834_8730901_443129476_n.jpg 641w, http:\/\/www.susannavaris.com\/blogg\/wp-content\/uploads\/2011\/11\/389523_10150355518516835_725571834_8730901_443129476_n-200x300.jpg 200w\" sizes=\"auto, (max-width: 641px) 100vw, 641px\" \/><\/a><em>&#8230;p\u00e5gick ett samtal mellan TelegrafmF\u00f6rlags f\u00f6rlagschef Annica Seward och Magnus Zaar.\u00a0<em>Foto: David Thunander\/Skugge&amp;Co<\/em><\/em><\/p>\n<p style=\"text-align: center;\"><a href=\"http:\/\/www.susannavaris.com\/blogg\/wp-content\/uploads\/2011\/11\/DSC_0222-50.jpg\"><img loading=\"lazy\" decoding=\"async\" class=\"aligncenter size-large wp-image-3104\" title=\"DSC_0222-50\" src=\"http:\/\/www.susannavaris.com\/blogg\/wp-content\/uploads\/2011\/11\/DSC_0222-50-1024x682.jpg\" alt=\"\" width=\"640\" height=\"426\" srcset=\"http:\/\/www.susannavaris.com\/blogg\/wp-content\/uploads\/2011\/11\/DSC_0222-50-1024x682.jpg 1024w, http:\/\/www.susannavaris.com\/blogg\/wp-content\/uploads\/2011\/11\/DSC_0222-50-300x200.jpg 300w\" sizes=\"auto, (max-width: 640px) 100vw, 640px\" \/><\/a><em>Efter att ha vilat benen en stund i denna stol gjorde jag en ansats att ta mig in i det stora rummet, utan framg\u00e5ng. Foto: Susanna Varis<\/em><\/p>\n<p style=\"text-align: center;\">S\u00e5 sm\u00e5ningom b\u00f6rjade jag ta mig hem\u00e5t.<\/p>\n<p style=\"text-align: left;\"><a href=\"http:\/\/www.susannavaris.com\/blogg\/wp-content\/uploads\/2011\/11\/DSC_0223-50.jpg\"><img loading=\"lazy\" decoding=\"async\" class=\"aligncenter size-large wp-image-3105\" title=\"DSC_0223-50\" src=\"http:\/\/www.susannavaris.com\/blogg\/wp-content\/uploads\/2011\/11\/DSC_0223-50-1024x682.jpg\" alt=\"\" width=\"640\" height=\"426\" srcset=\"http:\/\/www.susannavaris.com\/blogg\/wp-content\/uploads\/2011\/11\/DSC_0223-50-1024x682.jpg 1024w, http:\/\/www.susannavaris.com\/blogg\/wp-content\/uploads\/2011\/11\/DSC_0223-50-300x200.jpg 300w\" sizes=\"auto, (max-width: 640px) 100vw, 640px\" \/><\/a><\/p>\n<p style=\"text-align: center;\"><em>Bookiebag. Tackar f\u00f6r inbjudan, Skugge &amp; CO! Foto: Susanna Varis<\/em><\/p>\n<p style=\"text-align: left;\">&#8221;Den Nakne Ambassad\u00f6ren&#8221; handlar om en slarver till ambassad\u00f6r som \u00e4r f\u00f6rsvunnen i \u00d6st-Kongo och dit man skickar en ung, kvinnlig diplomat f\u00f6r att ordna upp situationen. Boken \u00e4r en sp\u00e4nningsroman, men ska \u00e4ven handla om problematiken kring bist\u00e5nd. Magnus Zaar har h\u00e4mtat inspiration fr\u00e5n sin vistelse i Uganda, d\u00e4r hans fru har arbetat i egenskap av UD-tj\u00e4nsteman. Det verkar genast sp\u00e4nnande! Dessutom fick vi f\u00f6rhandsexemplar av &#8221;De Korrupta&#8221;&#8230;<\/p>\n<p style=\"text-align: center;\">Fler bilder fr\u00e5n eventet h\u00e4r:<\/p>\n<p style=\"text-align: center;\"><a href=\"http:\/\/www.skuggeco.se\/releasefest-for-magnus-zaars-debutbok-hos-telegram-forlag\/#more-8417\">http:\/\/www.skuggeco.se\/releasefest-for-magnus-zaars-debutbok-hos-telegram-forlag\/#more-8417<\/a><\/p>\n<p style=\"text-align: left;\">&#8211; : &#8211; : &#8211; : &#8211;<\/p>\n<p style=\"text-align: center;\"><a href=\"http:\/\/www.susannavaris.com\/blogg\/wp-content\/uploads\/2011\/11\/308655_10150357850646835_725571834_8738178_1339903967_n.jpg\"><img loading=\"lazy\" decoding=\"async\" class=\"aligncenter size-full wp-image-3132\" title=\"308655_10150357850646835_725571834_8738178_1339903967_n\" src=\"http:\/\/www.susannavaris.com\/blogg\/wp-content\/uploads\/2011\/11\/308655_10150357850646835_725571834_8738178_1339903967_n.jpg\" alt=\"\" width=\"960\" height=\"720\" srcset=\"http:\/\/www.susannavaris.com\/blogg\/wp-content\/uploads\/2011\/11\/308655_10150357850646835_725571834_8738178_1339903967_n.jpg 960w, http:\/\/www.susannavaris.com\/blogg\/wp-content\/uploads\/2011\/11\/308655_10150357850646835_725571834_8738178_1339903967_n-300x225.jpg 300w\" sizes=\"auto, (max-width: 960px) 100vw, 960px\" \/><\/a><em>Expressen uppm\u00e4rksammade eventet&#8230;Foto: Linda Skugge<\/em><\/p>\n","protected":false},"excerpt":{"rendered":"<p>Idag har jag haft en ledig dag, men det m\u00e4rktes inte. Det blev mest stress och fl\u00e4ng. Jag var nog redan stressad eftersom jag sov ganska kasst inatt&#8230; Upp klockan \u00e5tta. Frukost, fixa i ordning, m\u00e5la dit ett ansikte&#8230;h\u00e5ret kunde &hellip; <a href=\"http:\/\/www.susannavaris.com\/blogg\/2011\/11\/releasefest-for-magnus-zaars-debutbok\/\">Forts\u00e4tt l\u00e4sa <span class=\"meta-nav\">&rarr;<\/span><\/a><\/p>\n","protected":false},"author":1,"featured_media":0,"comment_status":"open","ping_status":"open","sticky":false,"template":"","format":"standard","meta":{"footnotes":""},"categories":[555,110,589,1],"tags":[643,873,878,876,95,872,875,877,871,874],"class_list":["post-3090","post","type-post","status-publish","format-standard","hentry","category-events","category-foto","category-medier","category-okategoriserade","tag-aba","tag-coffeehouse-by-george","tag-de-korrupta","tag-den-nakne-ambassadoren","tag-gamla-stan","tag-ingela-bohlin","tag-magnus-zaar","tag-robert-kviby","tag-salong-cu","tag-telegram-forlag"],"_links":{"self":[{"href":"http:\/\/www.susannavaris.com\/blogg\/wp-json\/wp\/v2\/posts\/3090","targetHints":{"allow":["GET"]}}],"collection":[{"href":"http:\/\/www.susannavaris.com\/blogg\/wp-json\/wp\/v2\/posts"}],"about":[{"href":"http:\/\/www.susannavaris.com\/blogg\/wp-json\/wp\/v2\/types\/post"}],"author":[{"embeddable":true,"href":"http:\/\/www.susannavaris.com\/blogg\/wp-json\/wp\/v2\/users\/1"}],"replies":[{"embeddable":true,"href":"http:\/\/www.susannavaris.com\/blogg\/wp-json\/wp\/v2\/comments?post=3090"}],"version-history":[{"count":4,"href":"http:\/\/www.susannavaris.com\/blogg\/wp-json\/wp\/v2\/posts\/3090\/revisions"}],"predecessor-version":[{"id":3133,"href":"http:\/\/www.susannavaris.com\/blogg\/wp-json\/wp\/v2\/posts\/3090\/revisions\/3133"}],"wp:attachment":[{"href":"http:\/\/www.susannavaris.com\/blogg\/wp-json\/wp\/v2\/media?parent=3090"}],"wp:term":[{"taxonomy":"category","embeddable":true,"href":"http:\/\/www.susannavaris.com\/blogg\/wp-json\/wp\/v2\/categories?post=3090"},{"taxonomy":"post_tag","embeddable":true,"href":"http:\/\/www.susannavaris.com\/blogg\/wp-json\/wp\/v2\/tags?post=3090"}],"curies":[{"name":"wp","href":"https:\/\/api.w.org\/{rel}","templated":true}]}}