{"id":3109,"date":"2011-11-12T21:20:45","date_gmt":"2011-11-12T20:20:45","guid":{"rendered":"http:\/\/www.susannavaris.com\/blogg\/?p=3109"},"modified":"2011-11-13T12:41:57","modified_gmt":"2011-11-13T11:41:57","slug":"kocksgatan-revisited","status":"publish","type":"post","link":"http:\/\/www.susannavaris.com\/blogg\/2011\/11\/kocksgatan-revisited\/","title":{"rendered":"Kocksgatan Revisited"},"content":{"rendered":"<p style=\"text-align: center;\"><a href=\"http:\/\/www.susannavaris.com\/blogg\/wp-content\/uploads\/2011\/11\/50.jpg\"><img loading=\"lazy\" decoding=\"async\" class=\"aligncenter size-large wp-image-3110\" title=\"-50\" src=\"http:\/\/www.susannavaris.com\/blogg\/wp-content\/uploads\/2011\/11\/50-1024x682.jpg\" alt=\"\" width=\"640\" height=\"426\" srcset=\"http:\/\/www.susannavaris.com\/blogg\/wp-content\/uploads\/2011\/11\/50-1024x682.jpg 1024w, http:\/\/www.susannavaris.com\/blogg\/wp-content\/uploads\/2011\/11\/50-300x200.jpg 300w\" sizes=\"auto, (max-width: 640px) 100vw, 640px\" \/><\/a><em>Hermans p\u00e5 S\u00f6der. Foto: Susanna Varis<\/em><\/p>\n<p>I torsdags var det s\u00e5 dags f\u00f6r generalrepetitionen av Kocksgatan Revisited, en musikalisk roadtripp som utspelar sig p\u00e5 S\u00f6der. Pj\u00e4sen baserar sig p\u00e5 Ernst Brunners roman Kocksgatan, \u00e4r regisserad av Roger Westberg och innehar Per Ragnar i en b\u00e4rande roll. Dessutom ing\u00e5r musik av Sulo och Idde Schultz.<\/p>\n<p>Men f\u00f6rst skulle vi luncha p\u00e5 Hermans&#8230;<\/p>\n<p style=\"text-align: center;\"><a href=\"http:\/\/www.susannavaris.com\/blogg\/wp-content\/uploads\/2011\/11\/DSC_0226-50.jpg\"><img loading=\"lazy\" decoding=\"async\" class=\"aligncenter size-large wp-image-3111\" title=\"DSC_0226-50\" src=\"http:\/\/www.susannavaris.com\/blogg\/wp-content\/uploads\/2011\/11\/DSC_0226-50-1024x682.jpg\" alt=\"\" width=\"640\" height=\"426\" srcset=\"http:\/\/www.susannavaris.com\/blogg\/wp-content\/uploads\/2011\/11\/DSC_0226-50-1024x682.jpg 1024w, http:\/\/www.susannavaris.com\/blogg\/wp-content\/uploads\/2011\/11\/DSC_0226-50-300x200.jpg 300w\" sizes=\"auto, (max-width: 640px) 100vw, 640px\" \/><\/a><em>Vi tog god tid p\u00e5 oss att njuta av l\u00e4ckerheterna&#8230;<\/em><\/p>\n<p style=\"text-align: center;\"><a href=\"http:\/\/www.susannavaris.com\/blogg\/wp-content\/uploads\/2011\/11\/DSC_0229-50.jpg\"><img loading=\"lazy\" decoding=\"async\" class=\"aligncenter size-large wp-image-3113\" title=\"DSC_0229-50\" src=\"http:\/\/www.susannavaris.com\/blogg\/wp-content\/uploads\/2011\/11\/DSC_0229-50-1024x682.jpg\" alt=\"\" width=\"640\" height=\"426\" srcset=\"http:\/\/www.susannavaris.com\/blogg\/wp-content\/uploads\/2011\/11\/DSC_0229-50-1024x682.jpg 1024w, http:\/\/www.susannavaris.com\/blogg\/wp-content\/uploads\/2011\/11\/DSC_0229-50-300x200.jpg 300w\" sizes=\"auto, (max-width: 640px) 100vw, 640px\" \/><\/a><a href=\"http:\/\/www.susannavaris.com\/blogg\/wp-content\/uploads\/2011\/11\/DSC_0225-50.jpg\"><img loading=\"lazy\" decoding=\"async\" class=\"aligncenter size-large wp-image-3114\" title=\"DSC_0225-50\" src=\"http:\/\/www.susannavaris.com\/blogg\/wp-content\/uploads\/2011\/11\/DSC_0225-50-1024x682.jpg\" alt=\"\" width=\"640\" height=\"426\" srcset=\"http:\/\/www.susannavaris.com\/blogg\/wp-content\/uploads\/2011\/11\/DSC_0225-50-1024x682.jpg 1024w, http:\/\/www.susannavaris.com\/blogg\/wp-content\/uploads\/2011\/11\/DSC_0225-50-300x200.jpg 300w\" sizes=\"auto, (max-width: 640px) 100vw, 640px\" \/><\/a><em>Gott och nyttigt v\u00e4rre&#8230;Foton: Susanna Varis<\/em><\/p>\n<p style=\"text-align: left;\">Uffe var tyv\u00e4rr tvungen att arbeta, men nu kunde moderskan f\u00f6lja med f\u00f6r omv\u00e4xlings skull. Denna g\u00e5ng f\u00f6rsvann hon inte heller&#8230;<\/p>\n<p style=\"text-align: center;\"><a href=\"http:\/\/www.susannavaris.com\/blogg\/wp-content\/uploads\/2011\/11\/DSC_0234-50.jpg\"><img loading=\"lazy\" decoding=\"async\" class=\"aligncenter size-large wp-image-3115\" title=\"DSC_0234-50\" src=\"http:\/\/www.susannavaris.com\/blogg\/wp-content\/uploads\/2011\/11\/DSC_0234-50-877x1024.jpg\" alt=\"\" width=\"640\" height=\"747\" srcset=\"http:\/\/www.susannavaris.com\/blogg\/wp-content\/uploads\/2011\/11\/DSC_0234-50-877x1024.jpg 877w, http:\/\/www.susannavaris.com\/blogg\/wp-content\/uploads\/2011\/11\/DSC_0234-50-256x300.jpg 256w, http:\/\/www.susannavaris.com\/blogg\/wp-content\/uploads\/2011\/11\/DSC_0234-50.jpg 1529w\" sizes=\"auto, (max-width: 640px) 100vw, 640px\" \/><\/a><em>Boulevardteatern p\u00e5 G\u00f6tgatan \u00e4r en gemytlig och intim liten kulturinr\u00e4ttning. Foto: Susanna Varis<\/em><\/p>\n<p style=\"text-align: center;\"><a href=\"http:\/\/www.susannavaris.com\/blogg\/wp-content\/uploads\/2011\/11\/301502_10150357011736835_725571834_8735358_849660021_n.jpg\"><img loading=\"lazy\" decoding=\"async\" class=\"aligncenter size-full wp-image-3116\" title=\"301502_10150357011736835_725571834_8735358_849660021_n\" src=\"http:\/\/www.susannavaris.com\/blogg\/wp-content\/uploads\/2011\/11\/301502_10150357011736835_725571834_8735358_849660021_n.jpg\" alt=\"\" width=\"640\" height=\"960\" srcset=\"http:\/\/www.susannavaris.com\/blogg\/wp-content\/uploads\/2011\/11\/301502_10150357011736835_725571834_8735358_849660021_n.jpg 640w, http:\/\/www.susannavaris.com\/blogg\/wp-content\/uploads\/2011\/11\/301502_10150357011736835_725571834_8735358_849660021_n-200x300.jpg 200w\" sizes=\"auto, (max-width: 640px) 100vw, 640px\" \/><\/a><em>Kulturmaffian har anl\u00e4nt&#8230;Foto: Karina Ljungdahl\/Skugge &amp; Co<\/em><\/p>\n<p style=\"text-align: center;\"><a href=\"http:\/\/www.susannavaris.com\/blogg\/wp-content\/uploads\/2011\/11\/DSC_0235-50.jpg\"><img loading=\"lazy\" decoding=\"async\" class=\"aligncenter size-large wp-image-3117\" title=\"DSC_0235-50\" src=\"http:\/\/www.susannavaris.com\/blogg\/wp-content\/uploads\/2011\/11\/DSC_0235-50-1024x682.jpg\" alt=\"\" width=\"640\" height=\"426\" srcset=\"http:\/\/www.susannavaris.com\/blogg\/wp-content\/uploads\/2011\/11\/DSC_0235-50-1024x682.jpg 1024w, http:\/\/www.susannavaris.com\/blogg\/wp-content\/uploads\/2011\/11\/DSC_0235-50-300x200.jpg 300w\" sizes=\"auto, (max-width: 640px) 100vw, 640px\" \/><\/a><em>Ja, snart \u00e4r det ju jul&#8230;Foto: Susanna Varis<\/em><\/p>\n<p style=\"text-align: center;\"><a href=\"http:\/\/www.susannavaris.com\/blogg\/wp-content\/uploads\/2011\/11\/DSC_0236-50.jpg\"><img loading=\"lazy\" decoding=\"async\" class=\"aligncenter size-large wp-image-3118\" title=\"DSC_0236-50\" src=\"http:\/\/www.susannavaris.com\/blogg\/wp-content\/uploads\/2011\/11\/DSC_0236-50-1024x682.jpg\" alt=\"\" width=\"640\" height=\"426\" srcset=\"http:\/\/www.susannavaris.com\/blogg\/wp-content\/uploads\/2011\/11\/DSC_0236-50-1024x682.jpg 1024w, http:\/\/www.susannavaris.com\/blogg\/wp-content\/uploads\/2011\/11\/DSC_0236-50-300x200.jpg 300w\" sizes=\"auto, (max-width: 640px) 100vw, 640px\" \/><\/a><em>Publik anl\u00e4nder s\u00e5 sakteliga&#8230;Foto: Susanna Varis<\/em><\/p>\n<p style=\"text-align: center;\"><a href=\"http:\/\/www.susannavaris.com\/blogg\/wp-content\/uploads\/2011\/11\/DSC_0239-50.jpg\"><img loading=\"lazy\" decoding=\"async\" class=\"aligncenter size-large wp-image-3119\" title=\"DSC_0239-50\" src=\"http:\/\/www.susannavaris.com\/blogg\/wp-content\/uploads\/2011\/11\/DSC_0239-50-1024x682.jpg\" alt=\"\" width=\"640\" height=\"426\" srcset=\"http:\/\/www.susannavaris.com\/blogg\/wp-content\/uploads\/2011\/11\/DSC_0239-50-1024x682.jpg 1024w, http:\/\/www.susannavaris.com\/blogg\/wp-content\/uploads\/2011\/11\/DSC_0239-50-300x200.jpg 300w\" sizes=\"auto, (max-width: 640px) 100vw, 640px\" \/><\/a><em>Gemytligt, som sagt&#8230;Foto: Susanna Varis<\/em><\/p>\n<p style=\"text-align: center;\"><a href=\"http:\/\/www.susannavaris.com\/blogg\/wp-content\/uploads\/2011\/11\/376117_10150357026626835_725571834_8735404_1518528914_n.jpg\"><img loading=\"lazy\" decoding=\"async\" class=\"aligncenter size-full wp-image-3120\" title=\"376117_10150357026626835_725571834_8735404_1518528914_n\" src=\"http:\/\/www.susannavaris.com\/blogg\/wp-content\/uploads\/2011\/11\/376117_10150357026626835_725571834_8735404_1518528914_n.jpg\" alt=\"\" width=\"960\" height=\"640\" srcset=\"http:\/\/www.susannavaris.com\/blogg\/wp-content\/uploads\/2011\/11\/376117_10150357026626835_725571834_8735404_1518528914_n.jpg 960w, http:\/\/www.susannavaris.com\/blogg\/wp-content\/uploads\/2011\/11\/376117_10150357026626835_725571834_8735404_1518528914_n-300x200.jpg 300w\" sizes=\"auto, (max-width: 960px) 100vw, 960px\" \/><\/a><em>Idde Schultz och Sulo k\u00f6rde en liten introduktion.\u00a0Foto: Karina Ljungdahl\/Skugge &amp; Co<\/em><\/p>\n<p style=\"text-align: center;\"><a href=\"http:\/\/www.susannavaris.com\/blogg\/wp-content\/uploads\/2011\/11\/DSC_0246-50.jpg\"><img loading=\"lazy\" decoding=\"async\" class=\"aligncenter size-large wp-image-3124\" title=\"DSC_0246-50\" src=\"http:\/\/www.susannavaris.com\/blogg\/wp-content\/uploads\/2011\/11\/DSC_0246-50-1024x682.jpg\" alt=\"\" width=\"640\" height=\"426\" srcset=\"http:\/\/www.susannavaris.com\/blogg\/wp-content\/uploads\/2011\/11\/DSC_0246-50-1024x682.jpg 1024w, http:\/\/www.susannavaris.com\/blogg\/wp-content\/uploads\/2011\/11\/DSC_0246-50-300x200.jpg 300w\" sizes=\"auto, (max-width: 640px) 100vw, 640px\" \/><\/a><em>Foto: Susanna Varis<\/em><\/p>\n<p style=\"text-align: center;\"><a href=\"http:\/\/www.susannavaris.com\/blogg\/wp-content\/uploads\/2011\/11\/302631_10150357031851835_725571834_8735417_610974849_n-1.jpg\"><img loading=\"lazy\" decoding=\"async\" class=\"aligncenter size-full wp-image-3121\" title=\"302631_10150357031851835_725571834_8735417_610974849_n (1)\" src=\"http:\/\/www.susannavaris.com\/blogg\/wp-content\/uploads\/2011\/11\/302631_10150357031851835_725571834_8735417_610974849_n-1.jpg\" alt=\"\" width=\"960\" height=\"640\" srcset=\"http:\/\/www.susannavaris.com\/blogg\/wp-content\/uploads\/2011\/11\/302631_10150357031851835_725571834_8735417_610974849_n-1.jpg 960w, http:\/\/www.susannavaris.com\/blogg\/wp-content\/uploads\/2011\/11\/302631_10150357031851835_725571834_8735417_610974849_n-1-300x200.jpg 300w\" sizes=\"auto, (max-width: 960px) 100vw, 960px\" \/><\/a><em>Schultz och Sulo har kommit ut med ett &#8221;soundtrack&#8221; till pj\u00e4sen, \u00e4ven den kallad &#8221;Kocksgatan Revisited&#8221;.\u00a0Foto: Karina Ljungdahl\/Skugge &amp; Co<\/em><\/p>\n<p style=\"text-align: center;\"><a href=\"http:\/\/www.susannavaris.com\/blogg\/wp-content\/uploads\/2011\/11\/391409_10150357036806835_725571834_8735429_663928463_n.jpg\"><img loading=\"lazy\" decoding=\"async\" class=\"aligncenter size-full wp-image-3122\" title=\"391409_10150357036806835_725571834_8735429_663928463_n\" src=\"http:\/\/www.susannavaris.com\/blogg\/wp-content\/uploads\/2011\/11\/391409_10150357036806835_725571834_8735429_663928463_n.jpg\" alt=\"\" width=\"960\" height=\"640\" srcset=\"http:\/\/www.susannavaris.com\/blogg\/wp-content\/uploads\/2011\/11\/391409_10150357036806835_725571834_8735429_663928463_n.jpg 960w, http:\/\/www.susannavaris.com\/blogg\/wp-content\/uploads\/2011\/11\/391409_10150357036806835_725571834_8735429_663928463_n-300x200.jpg 300w\" sizes=\"auto, (max-width: 960px) 100vw, 960px\" \/><\/a><em>Sedan var det mera mingel med vinservering&#8230;Foto: Karina Ljungdahl\/Skugge &amp; Co<\/em><\/p>\n<p style=\"text-align: center;\"><a href=\"http:\/\/www.susannavaris.com\/blogg\/wp-content\/uploads\/2011\/11\/309797_10150357047861835_725571834_8735445_5519603_n.jpg\"><img loading=\"lazy\" decoding=\"async\" class=\"aligncenter size-full wp-image-3123\" title=\"309797_10150357047861835_725571834_8735445_5519603_n\" src=\"http:\/\/www.susannavaris.com\/blogg\/wp-content\/uploads\/2011\/11\/309797_10150357047861835_725571834_8735445_5519603_n.jpg\" alt=\"\" width=\"960\" height=\"640\" srcset=\"http:\/\/www.susannavaris.com\/blogg\/wp-content\/uploads\/2011\/11\/309797_10150357047861835_725571834_8735445_5519603_n.jpg 960w, http:\/\/www.susannavaris.com\/blogg\/wp-content\/uploads\/2011\/11\/309797_10150357047861835_725571834_8735445_5519603_n-300x200.jpg 300w\" sizes=\"auto, (max-width: 960px) 100vw, 960px\" \/><\/a><em>Nu har den lilla teatern fyllts med folk.\u00a0Foto: Karina Ljungdahl\/Skugge &amp; Co<\/em><\/p>\n<p style=\"text-align: center;\"><a href=\"http:\/\/www.susannavaris.com\/blogg\/wp-content\/uploads\/2011\/11\/DSC_0248-50.jpg\"><img loading=\"lazy\" decoding=\"async\" class=\"aligncenter size-large wp-image-3125\" title=\"DSC_0248-50\" src=\"http:\/\/www.susannavaris.com\/blogg\/wp-content\/uploads\/2011\/11\/DSC_0248-50-682x1024.jpg\" alt=\"\" width=\"640\" height=\"960\" srcset=\"http:\/\/www.susannavaris.com\/blogg\/wp-content\/uploads\/2011\/11\/DSC_0248-50-682x1024.jpg 682w, http:\/\/www.susannavaris.com\/blogg\/wp-content\/uploads\/2011\/11\/DSC_0248-50-200x300.jpg 200w, http:\/\/www.susannavaris.com\/blogg\/wp-content\/uploads\/2011\/11\/DSC_0248-50.jpg 1536w\" sizes=\"auto, (max-width: 640px) 100vw, 640px\" \/><\/a><em>Skugge &amp; Co&#8230;foto: Susanna Varis<\/em><\/p>\n<p style=\"text-align: center;\"><a href=\"http:\/\/www.susannavaris.com\/blogg\/wp-content\/uploads\/2011\/11\/321639_10150357044451835_725571834_8735439_1686941971_n.jpg\"><img loading=\"lazy\" decoding=\"async\" class=\"aligncenter size-full wp-image-3126\" title=\"321639_10150357044451835_725571834_8735439_1686941971_n\" src=\"http:\/\/www.susannavaris.com\/blogg\/wp-content\/uploads\/2011\/11\/321639_10150357044451835_725571834_8735439_1686941971_n.jpg\" alt=\"\" width=\"960\" height=\"640\" srcset=\"http:\/\/www.susannavaris.com\/blogg\/wp-content\/uploads\/2011\/11\/321639_10150357044451835_725571834_8735439_1686941971_n.jpg 960w, http:\/\/www.susannavaris.com\/blogg\/wp-content\/uploads\/2011\/11\/321639_10150357044451835_725571834_8735439_1686941971_n-300x200.jpg 300w\" sizes=\"auto, (max-width: 960px) 100vw, 960px\" \/><\/a><em>Mingel&#8230;Foto: Karina Ljungdahl\/Skugge &amp; Co<\/em><\/p>\n<p style=\"text-align: center;\"><a href=\"http:\/\/www.susannavaris.com\/blogg\/wp-content\/uploads\/2011\/11\/375804_10150357053826835_725571834_8735460_604415653_n.jpg\"><img loading=\"lazy\" decoding=\"async\" class=\"aligncenter size-full wp-image-3127\" title=\"375804_10150357053826835_725571834_8735460_604415653_n\" src=\"http:\/\/www.susannavaris.com\/blogg\/wp-content\/uploads\/2011\/11\/375804_10150357053826835_725571834_8735460_604415653_n.jpg\" alt=\"\" width=\"960\" height=\"640\" srcset=\"http:\/\/www.susannavaris.com\/blogg\/wp-content\/uploads\/2011\/11\/375804_10150357053826835_725571834_8735460_604415653_n.jpg 960w, http:\/\/www.susannavaris.com\/blogg\/wp-content\/uploads\/2011\/11\/375804_10150357053826835_725571834_8735460_604415653_n-300x200.jpg 300w\" sizes=\"auto, (max-width: 960px) 100vw, 960px\" \/><\/a><em>Vi hittade en exakt lagom soffa att vila v\u00e5ra gamla ben i under pausen&#8230;Foto: Karina Ljungdahl\/Skugge &amp; Co<\/em><\/p>\n<p style=\"text-align: center;\"><a href=\"http:\/\/www.susannavaris.com\/blogg\/wp-content\/uploads\/2011\/11\/DSC_0250-50.jpg\"><img loading=\"lazy\" decoding=\"async\" class=\"aligncenter size-large wp-image-3128\" title=\"DSC_0250-50\" src=\"http:\/\/www.susannavaris.com\/blogg\/wp-content\/uploads\/2011\/11\/DSC_0250-50-1024x682.jpg\" alt=\"\" width=\"640\" height=\"426\" srcset=\"http:\/\/www.susannavaris.com\/blogg\/wp-content\/uploads\/2011\/11\/DSC_0250-50-1024x682.jpg 1024w, http:\/\/www.susannavaris.com\/blogg\/wp-content\/uploads\/2011\/11\/DSC_0250-50-300x200.jpg 300w\" sizes=\"auto, (max-width: 640px) 100vw, 640px\" \/><\/a><em>Sedan blev det f\u00f6rest\u00e4llning. F\u00f6rutom Schultz och Sulo medverar \u00e4ven Magic Gunnarsson och Henrik Wid\u00e9n. (Jag noterar nu att det inte fanns bilder fr\u00e5n sj\u00e4lva f\u00f6rest\u00e4llningen publicerade. Man kanske inte fick fota d\u00e4r och i s\u00e5dana fall ber jag om urs\u00e4kt. Missade det!)Foto: Susanna Varis<\/em><\/p>\n<p style=\"text-align: left;\">KocksgatanRevisited \u00e4r en pj\u00e4s som allts\u00e5 utspelar sig p\u00e5 S\u00f6dermalm. Ett antal m\u00e4nniskors liv och \u00f6den fl\u00e4tas samman i en f\u00f6rest\u00e4llning med musik och Brunners dikter. Ernst Brunners ande har tydligen sv\u00e4vat \u00f6ver arbetet med pj\u00e4sen, \u00e4ven om inte allting \u00e4r granskat och godk\u00e4nt av honom sj\u00e4lv. F\u00f6rest\u00e4llningen pr\u00e4glades av ett gemyt och hade ett enkelt, men effektivt koncept med Per Ragnars ber\u00e4ttande varvat med de musikaliska inslagen.<\/p>\n<p style=\"text-align: left;\">N\u00e4r romanen gavs ut 1991, blev omslaget med den kvinnliga bakdelen v\u00e4ldigt diskuterat. Bilden ans\u00e5gs sexistisk och inom n\u00e5gra \u00e5r hade vi ju den tredje v\u00e5gen av feminismen f\u00f6r h\u00e4nderna; den genusvetenskapliga. En del explicita scener i boken gjorde sitt f\u00f6r att \u00f6ka uppst\u00e5ndelsen.<\/p>\n<p style=\"text-align: center;\"><a href=\"http:\/\/www.susannavaris.com\/blogg\/wp-content\/uploads\/2011\/11\/jarp.jpg\"><img loading=\"lazy\" decoding=\"async\" class=\"aligncenter size-full wp-image-3137\" title=\"jarp\" src=\"http:\/\/www.susannavaris.com\/blogg\/wp-content\/uploads\/2011\/11\/jarp.jpg\" alt=\"\" width=\"200\" height=\"164\" \/><\/a><em>En annan rumpchock fr\u00e5n 90-talet. Anna J\u00e4rphammar gav ansikte \u00e5t den sk IKEA-rumpan. Allt sedan dess \u00e4r rumpchockerna en del av v\u00e5r vardag, den sista jag minns var tv-kocken Tina i Let\u00b4s Dance. Rumpor v\u00e4cker k\u00e4nslor och \u00e4r d\u00e4rmed automatiskt bra reklam, om det \u00e4r bra eller d\u00e5ligt har jag ingen \u00e5sikt om&#8230;det finns nog st\u00f6rre problem i v\u00e4rlden.<\/em><\/p>\n<p style=\"text-align: left;\">S\u00f6dermalm \u00e4r i dagens l\u00e4ge en omflyttningsbygd, m\u00e5nga av de m\u00e4nniskor som beskrivs i Brunners roman tillh\u00f6r en kategori som mer och mer f\u00f6rsvinner, flyttar ut, f\u00f6r att ers\u00e4ttas av en resursstarkare, ofta medieinriktad elit. Myten om S\u00f6dermalm lever dock och frodas, som arbetarklassens stadsdel, d\u00e4r den kulturella medvetenheten och solidariteten h\u00e5lls h\u00f6gt. Milj\u00f6medvetenheten g\u00e5r hand i hand med det nya, upplysta idealet. Nu har inte jag l\u00e4st boken, men trevligt nog l\u00e5g den i goodiebagen och det ska bli roligt att se om min bild st\u00e4mmer. F\u00f6r alla med en vurm f\u00f6r urban n\u00e4rhistoria och goda skr\u00f6nor, men kanske s\u00e4rskilt en f\u00f6rk\u00e4rlek f\u00f6r S\u00f6der, \u00e4r Kocksgatan Revisited en sj\u00e4lvklarhet.<\/p>\n<p style=\"text-align: left;\">Vi st\u00e4ller snart ut med Veronica Strandberg\u00a0p\u00e5 Galleri Kocks och kommer d\u00e5 att f\u00e5 oss en liten sk\u00e4rva av gatans atmosf\u00e4r. Till sist kan jag bara konstatera att kv\u00e4llen var underbart trevlig!<\/p>\n<p style=\"text-align: center;\"><a href=\"http:\/\/www.susannavaris.com\/blogg\/wp-content\/uploads\/2011\/11\/DSC_0265-50.jpg\"><img loading=\"lazy\" decoding=\"async\" class=\"aligncenter size-large wp-image-3129\" title=\"DSC_0265-50\" src=\"http:\/\/www.susannavaris.com\/blogg\/wp-content\/uploads\/2011\/11\/DSC_0265-50-1024x682.jpg\" alt=\"\" width=\"640\" height=\"426\" srcset=\"http:\/\/www.susannavaris.com\/blogg\/wp-content\/uploads\/2011\/11\/DSC_0265-50-1024x682.jpg 1024w, http:\/\/www.susannavaris.com\/blogg\/wp-content\/uploads\/2011\/11\/DSC_0265-50-300x200.jpg 300w\" sizes=\"auto, (max-width: 640px) 100vw, 640px\" \/><\/a><em>Tack till alla sponsorer, vilken trevlig goodiebag! Och tack Linda Skugge f\u00f6r inbjudan! Foto: Susanna Varis<\/em><\/p>\n<p style=\"text-align: center;\">Fler bilder h\u00e4r:<\/p>\n<p style=\"text-align: center;\"><a href=\"http:\/\/www.skuggeco.se\/genrepet-av-kocksgatan-revisited-pa-boulevardteatern\/\">http:\/\/www.skuggeco.se\/genrepet-av-kocksgatan-revisited-pa-boulevardteatern\/<\/a><\/p>\n<p style=\"text-align: center;\"><a href=\"http:\/\/www.dn.se\/pa-stan\/scen\/kocksgatan-revisited\">http:\/\/www.dn.se\/pa-stan\/scen\/kocksgatan-revisited<\/a><\/p>\n<p style=\"text-align: center;\"><a href=\"http:\/\/kulturbloggen.com\/?p=43583\">http:\/\/kulturbloggen.com\/?p=43583<\/a><\/p>\n<p style=\"text-align: center;\">Boulevardteatern:<\/p>\n<p style=\"text-align: center;\"><a href=\"http:\/\/www.boulevardteatern.se\/index.php?option=com_content&amp;view=article&amp;id=195&amp;Itemid=159\">http:\/\/www.boulevardteatern.se\/index.php?option=com_content&amp;view=article&amp;id=195&amp;Itemid=159<\/a><\/p>\n","protected":false},"excerpt":{"rendered":"<p>Hermans p\u00e5 S\u00f6der. Foto: Susanna Varis I torsdags var det s\u00e5 dags f\u00f6r generalrepetitionen av Kocksgatan Revisited, en musikalisk roadtripp som utspelar sig p\u00e5 S\u00f6der. Pj\u00e4sen baserar sig p\u00e5 Ernst Brunners roman Kocksgatan, \u00e4r regisserad av Roger Westberg och innehar &hellip; <a href=\"http:\/\/www.susannavaris.com\/blogg\/2011\/11\/kocksgatan-revisited\/\">Forts\u00e4tt l\u00e4sa <span class=\"meta-nav\">&rarr;<\/span><\/a><\/p>\n","protected":false},"author":1,"featured_media":0,"comment_status":"open","ping_status":"open","sticky":false,"template":"","format":"standard","meta":{"footnotes":""},"categories":[555,181,777,259,589,1],"tags":[887,879,884,778,885,880,886,883,556,882,888,749,881],"class_list":["post-3109","post","type-post","status-publish","format-standard","hentry","category-events","category-feminism","category-galleri-kocks","category-genusvetenskap","category-medier","category-okategoriserade","tag-anna-jarphammar","tag-boulevardteatern","tag-ernst-brunner","tag-galleri-kocks-2","tag-hermans","tag-idde-schultz","tag-ikea-rumpan","tag-kocksgatan-revisited","tag-linda-skugge","tag-per-ragnar","tag-rumpchock","tag-skugge-co","tag-sulo"],"_links":{"self":[{"href":"http:\/\/www.susannavaris.com\/blogg\/wp-json\/wp\/v2\/posts\/3109","targetHints":{"allow":["GET"]}}],"collection":[{"href":"http:\/\/www.susannavaris.com\/blogg\/wp-json\/wp\/v2\/posts"}],"about":[{"href":"http:\/\/www.susannavaris.com\/blogg\/wp-json\/wp\/v2\/types\/post"}],"author":[{"embeddable":true,"href":"http:\/\/www.susannavaris.com\/blogg\/wp-json\/wp\/v2\/users\/1"}],"replies":[{"embeddable":true,"href":"http:\/\/www.susannavaris.com\/blogg\/wp-json\/wp\/v2\/comments?post=3109"}],"version-history":[{"count":8,"href":"http:\/\/www.susannavaris.com\/blogg\/wp-json\/wp\/v2\/posts\/3109\/revisions"}],"predecessor-version":[{"id":3136,"href":"http:\/\/www.susannavaris.com\/blogg\/wp-json\/wp\/v2\/posts\/3109\/revisions\/3136"}],"wp:attachment":[{"href":"http:\/\/www.susannavaris.com\/blogg\/wp-json\/wp\/v2\/media?parent=3109"}],"wp:term":[{"taxonomy":"category","embeddable":true,"href":"http:\/\/www.susannavaris.com\/blogg\/wp-json\/wp\/v2\/categories?post=3109"},{"taxonomy":"post_tag","embeddable":true,"href":"http:\/\/www.susannavaris.com\/blogg\/wp-json\/wp\/v2\/tags?post=3109"}],"curies":[{"name":"wp","href":"https:\/\/api.w.org\/{rel}","templated":true}]}}