{"id":3141,"date":"2011-11-14T19:51:34","date_gmt":"2011-11-14T18:51:34","guid":{"rendered":"http:\/\/www.susannavaris.com\/blogg\/?p=3141"},"modified":"2011-11-14T19:51:34","modified_gmt":"2011-11-14T18:51:34","slug":"alltings-allmanna-troghet","status":"publish","type":"post","link":"http:\/\/www.susannavaris.com\/blogg\/2011\/11\/alltings-allmanna-troghet\/","title":{"rendered":"Alltings allm\u00e4nna tr\u00f6ghet"},"content":{"rendered":"<p>Upp vid 04.10. Fixa fram en m\u00e4nniskoliknande skepnad av liket som uppstod ur s\u00e4ngen, frukost, l\u00f6nejobb, hem, sova lite, Big Bang Theory och sedan \u00f6ver till det andra fixandet. Som tur var har vi fortfarande ganska gott om folk p\u00e5 l\u00f6nearbetet, s\u00e5 jag kunde ta ut lite komp f\u00f6r imorgon, den dagen beh\u00f6vs f\u00f6r mera fix och tricks.<\/p>\n<p>Det \u00e4r mycket nu, som det popul\u00e4ra uttrycket p\u00e5 90-talet (?) l\u00f6d. Utst\u00e4llningen n\u00e4rmar sig och det \u00e4r saker som m\u00e5ste fixas. Jag har tv\u00e5 &#8211; tre id\u00e9er till nya tavlor i huvudet, men jag tror att jag inte kommer att hinna framst\u00e4lla n\u00e5gon av dem f\u00f6re det \u00e4r dags, tyv\u00e4rr&#8230;en \u00e4r f\u00f6rresten mera av en Curse of the Crows-id\u00e9. Jag st\u00e5r inf\u00f6r ett litet dilemma; ska jag ta med alla CotC-verken? En \u00e4r sedan tidigare best\u00e4md att tas med. Egentligen skulle de ju sparas till v\u00e5rens utst\u00e4llning. De \u00e4r nu fem&#8230;och f\u00e5r nog f\u00f6lja med som en liten f\u00f6rsmak.<\/p>\n<p><a href=\"http:\/\/www.susannavaris.com\/blogg\/wp-content\/uploads\/2011\/11\/DSC_0266-50.jpg\"><img loading=\"lazy\" decoding=\"async\" class=\"aligncenter size-large wp-image-3142\" title=\"DSC_0266-50\" src=\"http:\/\/www.susannavaris.com\/blogg\/wp-content\/uploads\/2011\/11\/DSC_0266-50-1024x682.jpg\" alt=\"\" width=\"640\" height=\"426\" srcset=\"http:\/\/www.susannavaris.com\/blogg\/wp-content\/uploads\/2011\/11\/DSC_0266-50-1024x682.jpg 1024w, http:\/\/www.susannavaris.com\/blogg\/wp-content\/uploads\/2011\/11\/DSC_0266-50-300x200.jpg 300w\" sizes=\"auto, (max-width: 640px) 100vw, 640px\" \/><\/a><em>Evigt kr\u00e5ngel med ramar, \u00e4r det inte om\u00f6jligt att hitta r\u00e4tt storlek s\u00e5 \u00e4r tanken med att billigt och enkelt fixa till n\u00e5gra sj\u00e4lv ett vandringss\u00e4gen. Jag var j\u00e4tteglad \u00f6ver de h\u00e4r, hyfsat billiga och snygga ramarna. Jag t\u00e4nkte spraym\u00e5la, blev avr\u00e5dd av f\u00f6rs\u00e4ljaren p\u00e5 Kreatima och rekommenderad en vanlig f\u00e4rg ist\u00e4llet. Bra t\u00e4ckning p\u00e5 en g\u00e5ng och snabbtorkande. T\u00e4ckningen ser vi p\u00e5 bilden&#8230;<\/em><\/p>\n<p><a href=\"http:\/\/www.susannavaris.com\/blogg\/wp-content\/uploads\/2011\/11\/DSC_0268-50.jpg\"><img loading=\"lazy\" decoding=\"async\" class=\"aligncenter size-large wp-image-3143\" title=\"DSC_0268-50\" src=\"http:\/\/www.susannavaris.com\/blogg\/wp-content\/uploads\/2011\/11\/DSC_0268-50-682x1024.jpg\" alt=\"\" width=\"640\" height=\"960\" srcset=\"http:\/\/www.susannavaris.com\/blogg\/wp-content\/uploads\/2011\/11\/DSC_0268-50-682x1024.jpg 682w, http:\/\/www.susannavaris.com\/blogg\/wp-content\/uploads\/2011\/11\/DSC_0268-50-200x300.jpg 200w, http:\/\/www.susannavaris.com\/blogg\/wp-content\/uploads\/2011\/11\/DSC_0268-50.jpg 1536w\" sizes=\"auto, (max-width: 640px) 100vw, 640px\" \/><\/a><em>&#8230;och snabbtorkande var det allt. Den b\u00f6rjade genast klibba n\u00e4r man var tvungen att blaffa p\u00e5 mera f\u00e4rg f\u00f6r att f\u00e5 t\u00e4ckning. S\u00e5 det blev vackert skrovligt. Jag \u00e4r inte j\u00e4tted\u00e5lig p\u00e5 att m\u00e5la, men ramarna ser ut som n\u00e5gon form av dagisprojekt i skrivande stund. Ett tag f\u00f6rs\u00f6kte jag intala att det kan bli en snygg effekt. Mest troligt \u00e4r att jag f\u00e5r forts\u00e4tta fixa. Slipa och m\u00e5la p\u00e5. S\u00e5 enkelt och smidigt. Jag gillar verkligen inte att sl\u00f6sa bort tid p\u00e5 ramar, jag vill ha tid att m\u00e5la sj\u00e4lva verken&#8230;<\/em><\/p>\n<p style=\"text-align: center;\"><a href=\"http:\/\/www.susannavaris.com\/blogg\/wp-content\/uploads\/2011\/11\/DSC_0269-50.jpg\"><img loading=\"lazy\" decoding=\"async\" class=\"aligncenter size-large wp-image-3144\" title=\"DSC_0269-50\" src=\"http:\/\/www.susannavaris.com\/blogg\/wp-content\/uploads\/2011\/11\/DSC_0269-50-1024x682.jpg\" alt=\"\" width=\"640\" height=\"426\" srcset=\"http:\/\/www.susannavaris.com\/blogg\/wp-content\/uploads\/2011\/11\/DSC_0269-50-1024x682.jpg 1024w, http:\/\/www.susannavaris.com\/blogg\/wp-content\/uploads\/2011\/11\/DSC_0269-50-300x200.jpg 300w\" sizes=\"auto, (max-width: 640px) 100vw, 640px\" \/><\/a><em>Dagisprojektet. Foton: Susanna Varis<\/em><\/p>\n<p style=\"text-align: left;\">Ett annat fixa-projekt var att inventera verken, ramarna och passepartouerna. Ett tredje att skriva mejl till tidningarna om utst\u00e4llningen. Varp\u00e5 jag stirrade p\u00e5 denna bild i n\u00e4stan en och en halv timme:<\/p>\n<p style=\"text-align: center;\"><a href=\"http:\/\/www.susannavaris.com\/blogg\/wp-content\/uploads\/2011\/11\/DSC_0270-50.jpg\"><img loading=\"lazy\" decoding=\"async\" class=\"aligncenter size-large wp-image-3145\" title=\"DSC_0270-50\" src=\"http:\/\/www.susannavaris.com\/blogg\/wp-content\/uploads\/2011\/11\/DSC_0270-50-1024x374.jpg\" alt=\"\" width=\"640\" height=\"233\" srcset=\"http:\/\/www.susannavaris.com\/blogg\/wp-content\/uploads\/2011\/11\/DSC_0270-50-1024x374.jpg 1024w, http:\/\/www.susannavaris.com\/blogg\/wp-content\/uploads\/2011\/11\/DSC_0270-50-300x109.jpg 300w\" sizes=\"auto, (max-width: 640px) 100vw, 640px\" \/><\/a><em>Pyttemjuk och skitseg. Lika smidigt som att skutta i tj\u00e4ra&#8230;Foto: Susanna Varis<\/em><\/p>\n<p style=\"text-align: left;\">F\u00f6r varje ny tipsa oss-l\u00e4nk s\u00e4tter mitt e-postprogram ig\u00e5ng automatiskt. Outlook Express tar god tid p\u00e5 sig i min klena dator. Mycket god. Jag m\u00e5ste byta mitt standard e-postprogram p\u00e5 n\u00e5got s\u00e4tt&#8230;<\/p>\n<p style=\"text-align: left;\">Nu \u00e4r klockan 19.45 och ett sk gruppval ska skickas till l\u00f6nearbetet. Inte mycket tid till skapande, s\u00e5ledes. Imorgon Stockholm, igen.<\/p>\n","protected":false},"excerpt":{"rendered":"<p>Upp vid 04.10. Fixa fram en m\u00e4nniskoliknande skepnad av liket som uppstod ur s\u00e4ngen, frukost, l\u00f6nejobb, hem, sova lite, Big Bang Theory och sedan \u00f6ver till det andra fixandet. Som tur var har vi fortfarande ganska gott om folk p\u00e5 &hellip; <a href=\"http:\/\/www.susannavaris.com\/blogg\/2011\/11\/alltings-allmanna-troghet\/\">Forts\u00e4tt l\u00e4sa <span class=\"meta-nav\">&rarr;<\/span><\/a><\/p>\n","protected":false},"author":1,"featured_media":0,"comment_status":"open","ping_status":"open","sticky":false,"template":"","format":"standard","meta":{"footnotes":""},"categories":[7,777,3,589,1,889,4],"tags":[892,895,896,890,891,897,898,893,894],"class_list":["post-3141","post","type-post","status-publish","format-standard","hentry","category-egna-verk","category-galleri-kocks","category-konst","category-medier","category-okategoriserade","category-teknik","category-utstallning","tag-art-deco-gloss","tag-frame","tag-framing","tag-kreatima","tag-lefranc-bourgeois","tag-microsoft","tag-outlook-express","tag-ram","tag-ramar"],"_links":{"self":[{"href":"http:\/\/www.susannavaris.com\/blogg\/wp-json\/wp\/v2\/posts\/3141","targetHints":{"allow":["GET"]}}],"collection":[{"href":"http:\/\/www.susannavaris.com\/blogg\/wp-json\/wp\/v2\/posts"}],"about":[{"href":"http:\/\/www.susannavaris.com\/blogg\/wp-json\/wp\/v2\/types\/post"}],"author":[{"embeddable":true,"href":"http:\/\/www.susannavaris.com\/blogg\/wp-json\/wp\/v2\/users\/1"}],"replies":[{"embeddable":true,"href":"http:\/\/www.susannavaris.com\/blogg\/wp-json\/wp\/v2\/comments?post=3141"}],"version-history":[{"count":2,"href":"http:\/\/www.susannavaris.com\/blogg\/wp-json\/wp\/v2\/posts\/3141\/revisions"}],"predecessor-version":[{"id":3147,"href":"http:\/\/www.susannavaris.com\/blogg\/wp-json\/wp\/v2\/posts\/3141\/revisions\/3147"}],"wp:attachment":[{"href":"http:\/\/www.susannavaris.com\/blogg\/wp-json\/wp\/v2\/media?parent=3141"}],"wp:term":[{"taxonomy":"category","embeddable":true,"href":"http:\/\/www.susannavaris.com\/blogg\/wp-json\/wp\/v2\/categories?post=3141"},{"taxonomy":"post_tag","embeddable":true,"href":"http:\/\/www.susannavaris.com\/blogg\/wp-json\/wp\/v2\/tags?post=3141"}],"curies":[{"name":"wp","href":"https:\/\/api.w.org\/{rel}","templated":true}]}}