{"id":3158,"date":"2011-11-16T08:01:35","date_gmt":"2011-11-16T07:01:35","guid":{"rendered":"http:\/\/www.susannavaris.com\/blogg\/?p=3158"},"modified":"2011-11-16T19:27:56","modified_gmt":"2011-11-16T18:27:56","slug":"dagens-blodtryckshojare-4","status":"publish","type":"post","link":"http:\/\/www.susannavaris.com\/blogg\/2011\/11\/dagens-blodtryckshojare-4\/","title":{"rendered":"Dagens blodtrycksh\u00f6jare"},"content":{"rendered":"<p><a href=\"http:\/\/www.susannavaris.com\/blogg\/wp-content\/uploads\/2011\/11\/SCUM-200.jpg\"><img loading=\"lazy\" decoding=\"async\" class=\"aligncenter size-full wp-image-3159\" title=\"SCUM-200\" src=\"http:\/\/www.susannavaris.com\/blogg\/wp-content\/uploads\/2011\/11\/SCUM-200.jpg\" alt=\"\" width=\"200\" height=\"304\" srcset=\"http:\/\/www.susannavaris.com\/blogg\/wp-content\/uploads\/2011\/11\/SCUM-200.jpg 200w, http:\/\/www.susannavaris.com\/blogg\/wp-content\/uploads\/2011\/11\/SCUM-200-197x300.jpg 197w\" sizes=\"auto, (max-width: 200px) 100vw, 200px\" \/><\/a><\/p>\n<p>Ett v\u00e4ldigt kort inl\u00e4gg nu, mera om detta sedan.<\/p>\n<p>Turteatern har nu f\u00e5tt emotta hot (tom d\u00f6dshot) mot sk\u00e5despelare som deltar i upps\u00e4ttningen Scummanifest. Det \u00e4r f\u00f6rkastligt.<\/p>\n<p>\u00c4n mer f\u00f6rkastligt \u00e4r att man i feministiska kretsar fortfarande upph\u00f6jer en i grunden feministnazistisk text, skriven av en djupt st\u00f6rd person, till n\u00e5gon form av befrielseskrift som &#8221;kritiserar m\u00e4n p\u00e5 samma s\u00e4tt som kvinnor alltid har blivit kritiserade&#8221;, som Sara Granath skriver i SvD. I teatersalongen uppr\u00e4ttar man tydligen \u00e4ven ett sm\u00e5skaligt experiment p\u00e5 tema \u00a0&#8221;en grupp ges privilegier p\u00e5 en annans bekostnad&#8221;. Kvinnor f\u00e5r guldkuddar och vindruvor, m\u00e4n sitter p\u00e5 h\u00e5rda pinnstolar. Det som brukar h\u00e4nda vid s\u00e5dana experiment h\u00e4nder \u00e4ven i recensentens huvud, hon b\u00f6rjar genast tycka att den positiva s\u00e4rbehandlingen \u00e4r trevlig.<\/p>\n<p>Dessutom ska nu gymnasieungdom se pj\u00e4sen och bli upplagd f\u00f6r diskussioner. Varf\u00f6r inte s\u00e4tta upp Mein Kampf ocks\u00e5 f\u00f6r ungdomarna? Kanske \u00e4ven lite anti-islamism i n\u00e5gon form?<\/p>\n<p>Hat som hat och feministisk nazism \u00e4r inte p\u00e5 n\u00e5got s\u00e4tt moraliskt \u00f6verl\u00e4gset.<\/p>\n<p>Sara Granath i Svd:\u00a0<a href=\"http:\/\/www.svd.se\/kultur\/scen\/vassa-pilar-kastas-med-full-kraft_6618748.svd\">http:\/\/www.svd.se\/kultur\/scen\/vassa-pilar-kastas-med-full-kraft_6618748.svd<\/a><\/p>\n<p>Andra artiklar:<\/p>\n<p><a href=\"http:\/\/www.svd.se\/kultur\/vag-av-nathat-mot-turteatern_6637188.svd\">http:\/\/www.svd.se\/kultur\/vag-av-nathat-mot-turteatern_6637188.svd<\/a><\/p>\n<p><a href=\"http:\/\/www.expressen.se\/kultur\/1.2623751\/scummanifestet-turteatern\">http:\/\/www.expressen.se\/kultur\/1.2623751\/scummanifestet-turteatern<\/a><\/p>\n<p><a href=\"http:\/\/www.aftonbladet.se\/kultur\/article13914409.ab\">http:\/\/www.aftonbladet.se\/kultur\/article13914409.ab<\/a><\/p>\n","protected":false},"excerpt":{"rendered":"<p>Ett v\u00e4ldigt kort inl\u00e4gg nu, mera om detta sedan. Turteatern har nu f\u00e5tt emotta hot (tom d\u00f6dshot) mot sk\u00e5despelare som deltar i upps\u00e4ttningen Scummanifest. Det \u00e4r f\u00f6rkastligt. \u00c4n mer f\u00f6rkastligt \u00e4r att man i feministiska kretsar fortfarande upph\u00f6jer en i &hellip; <a href=\"http:\/\/www.susannavaris.com\/blogg\/2011\/11\/dagens-blodtryckshojare-4\/\">Forts\u00e4tt l\u00e4sa <span class=\"meta-nav\">&rarr;<\/span><\/a><\/p>\n","protected":false},"author":1,"featured_media":0,"comment_status":"open","ping_status":"open","sticky":false,"template":"","format":"standard","meta":{"footnotes":""},"categories":[178,181,259,674,589,1,590],"tags":[4900,4903,910,907,908,909,906,911],"class_list":["post-3158","post","type-post","status-publish","format-standard","hentry","category-blodtryckshojare","category-feminism","category-genusvetenskap","category-historia","category-medier","category-okategoriserade","category-politik","tag-feminism","tag-genusvetenskap","tag-sara-granath","tag-scum","tag-scum-manifestet","tag-scum-manifesto","tag-turteatern","tag-valerie-solanas"],"_links":{"self":[{"href":"http:\/\/www.susannavaris.com\/blogg\/wp-json\/wp\/v2\/posts\/3158","targetHints":{"allow":["GET"]}}],"collection":[{"href":"http:\/\/www.susannavaris.com\/blogg\/wp-json\/wp\/v2\/posts"}],"about":[{"href":"http:\/\/www.susannavaris.com\/blogg\/wp-json\/wp\/v2\/types\/post"}],"author":[{"embeddable":true,"href":"http:\/\/www.susannavaris.com\/blogg\/wp-json\/wp\/v2\/users\/1"}],"replies":[{"embeddable":true,"href":"http:\/\/www.susannavaris.com\/blogg\/wp-json\/wp\/v2\/comments?post=3158"}],"version-history":[{"count":4,"href":"http:\/\/www.susannavaris.com\/blogg\/wp-json\/wp\/v2\/posts\/3158\/revisions"}],"predecessor-version":[{"id":3162,"href":"http:\/\/www.susannavaris.com\/blogg\/wp-json\/wp\/v2\/posts\/3158\/revisions\/3162"}],"wp:attachment":[{"href":"http:\/\/www.susannavaris.com\/blogg\/wp-json\/wp\/v2\/media?parent=3158"}],"wp:term":[{"taxonomy":"category","embeddable":true,"href":"http:\/\/www.susannavaris.com\/blogg\/wp-json\/wp\/v2\/categories?post=3158"},{"taxonomy":"post_tag","embeddable":true,"href":"http:\/\/www.susannavaris.com\/blogg\/wp-json\/wp\/v2\/tags?post=3158"}],"curies":[{"name":"wp","href":"https:\/\/api.w.org\/{rel}","templated":true}]}}