{"id":3164,"date":"2011-11-18T00:18:19","date_gmt":"2011-11-17T23:18:19","guid":{"rendered":"http:\/\/www.susannavaris.com\/blogg\/?p=3164"},"modified":"2011-11-18T00:18:19","modified_gmt":"2011-11-17T23:18:19","slug":"upphangning-pa-galleri-kocks","status":"publish","type":"post","link":"http:\/\/www.susannavaris.com\/blogg\/2011\/11\/upphangning-pa-galleri-kocks\/","title":{"rendered":"Upph\u00e4ngning p\u00e5 Galleri Kocks"},"content":{"rendered":"<p>M\u00f6r i kroppen och ska g\u00e5 och l\u00e4gga mig efter en hel dags upph\u00e4ngning och affischering. Lite bilder bara&#8230;<\/p>\n<p><a href=\"http:\/\/www.susannavaris.com\/blogg\/wp-content\/uploads\/2011\/11\/DSC_0274-50.jpg\"><img loading=\"lazy\" decoding=\"async\" class=\"aligncenter size-large wp-image-3165\" title=\"DSC_0274-50\" src=\"http:\/\/www.susannavaris.com\/blogg\/wp-content\/uploads\/2011\/11\/DSC_0274-50-1024x682.jpg\" alt=\"\" width=\"640\" height=\"426\" srcset=\"http:\/\/www.susannavaris.com\/blogg\/wp-content\/uploads\/2011\/11\/DSC_0274-50-1024x682.jpg 1024w, http:\/\/www.susannavaris.com\/blogg\/wp-content\/uploads\/2011\/11\/DSC_0274-50-300x200.jpg 300w\" sizes=\"auto, (max-width: 640px) 100vw, 640px\" \/><\/a><em>Vi st\u00f6djer milj\u00f6v\u00e4nliga transporter. V\u00e4skorna fulla med m\u00e5lningar&#8230;Foto: Susanna Varis<\/em><\/p>\n<p style=\"text-align: center;\"><a href=\"http:\/\/www.susannavaris.com\/blogg\/wp-content\/uploads\/2011\/11\/DSC_0275-50.jpg\"><img loading=\"lazy\" decoding=\"async\" class=\"aligncenter size-large wp-image-3166\" title=\"DSC_0275-50\" src=\"http:\/\/www.susannavaris.com\/blogg\/wp-content\/uploads\/2011\/11\/DSC_0275-50-1024x682.jpg\" alt=\"\" width=\"640\" height=\"426\" srcset=\"http:\/\/www.susannavaris.com\/blogg\/wp-content\/uploads\/2011\/11\/DSC_0275-50-1024x682.jpg 1024w, http:\/\/www.susannavaris.com\/blogg\/wp-content\/uploads\/2011\/11\/DSC_0275-50-300x200.jpg 300w\" sizes=\"auto, (max-width: 640px) 100vw, 640px\" \/><\/a><em>Mina roadies, Uffe och moderskan. P\u00e5 plats p\u00e5 Galleri Kocks. Foto: Susanna Varis<\/em><\/p>\n<p style=\"text-align: center;\"><a href=\"http:\/\/www.susannavaris.com\/blogg\/wp-content\/uploads\/2011\/11\/DSC_0276-50.jpg\"><img loading=\"lazy\" decoding=\"async\" class=\"aligncenter size-large wp-image-3167\" title=\"DSC_0276-50\" src=\"http:\/\/www.susannavaris.com\/blogg\/wp-content\/uploads\/2011\/11\/DSC_0276-50-682x1024.jpg\" alt=\"\" width=\"640\" height=\"960\" srcset=\"http:\/\/www.susannavaris.com\/blogg\/wp-content\/uploads\/2011\/11\/DSC_0276-50-682x1024.jpg 682w, http:\/\/www.susannavaris.com\/blogg\/wp-content\/uploads\/2011\/11\/DSC_0276-50-200x300.jpg 200w, http:\/\/www.susannavaris.com\/blogg\/wp-content\/uploads\/2011\/11\/DSC_0276-50.jpg 1536w\" sizes=\"auto, (max-width: 640px) 100vw, 640px\" \/><\/a><a href=\"http:\/\/www.susannavaris.com\/blogg\/wp-content\/uploads\/2011\/11\/DSC_0278-50.jpg\"><img loading=\"lazy\" decoding=\"async\" class=\"aligncenter size-large wp-image-3168\" title=\"DSC_0278-50\" src=\"http:\/\/www.susannavaris.com\/blogg\/wp-content\/uploads\/2011\/11\/DSC_0278-50-682x1024.jpg\" alt=\"\" width=\"640\" height=\"960\" srcset=\"http:\/\/www.susannavaris.com\/blogg\/wp-content\/uploads\/2011\/11\/DSC_0278-50-682x1024.jpg 682w, http:\/\/www.susannavaris.com\/blogg\/wp-content\/uploads\/2011\/11\/DSC_0278-50-200x300.jpg 200w, http:\/\/www.susannavaris.com\/blogg\/wp-content\/uploads\/2011\/11\/DSC_0278-50.jpg 1536w\" sizes=\"auto, (max-width: 640px) 100vw, 640px\" \/><\/a><em>B\u00e4bisarna uppackade. Foton: Ulf Holm\u00e9n<\/em><\/p>\n<p style=\"text-align: center;\"><a href=\"http:\/\/www.susannavaris.com\/blogg\/wp-content\/uploads\/2011\/11\/DSC_0280-50.jpg\"><img loading=\"lazy\" decoding=\"async\" class=\"aligncenter size-large wp-image-3169\" title=\"DSC_0280-50\" src=\"http:\/\/www.susannavaris.com\/blogg\/wp-content\/uploads\/2011\/11\/DSC_0280-50-1024x682.jpg\" alt=\"\" width=\"640\" height=\"426\" srcset=\"http:\/\/www.susannavaris.com\/blogg\/wp-content\/uploads\/2011\/11\/DSC_0280-50-1024x682.jpg 1024w, http:\/\/www.susannavaris.com\/blogg\/wp-content\/uploads\/2011\/11\/DSC_0280-50-300x200.jpg 300w\" sizes=\"auto, (max-width: 640px) 100vw, 640px\" \/><\/a><em>Jag lade in lite reklam p\u00e5 Infamous Tattoo tv\u00e4rs \u00f6ver gatan p\u00e5 lunchen&#8230;Foto: Susanna Varis<\/em><\/p>\n<p style=\"text-align: center;\"><a href=\"http:\/\/www.susannavaris.com\/blogg\/wp-content\/uploads\/2011\/11\/DSC_0285-50.jpg\"><img loading=\"lazy\" decoding=\"async\" class=\"aligncenter size-large wp-image-3170\" title=\"DSC_0285-50\" src=\"http:\/\/www.susannavaris.com\/blogg\/wp-content\/uploads\/2011\/11\/DSC_0285-50-682x1024.jpg\" alt=\"\" width=\"640\" height=\"960\" srcset=\"http:\/\/www.susannavaris.com\/blogg\/wp-content\/uploads\/2011\/11\/DSC_0285-50-682x1024.jpg 682w, http:\/\/www.susannavaris.com\/blogg\/wp-content\/uploads\/2011\/11\/DSC_0285-50-200x300.jpg 200w, http:\/\/www.susannavaris.com\/blogg\/wp-content\/uploads\/2011\/11\/DSC_0285-50.jpg 1536w\" sizes=\"auto, (max-width: 640px) 100vw, 640px\" \/><\/a><em>Veronica g\u00e5r loss med hammaren. Foto: Susanna Varis<\/em><\/p>\n<p style=\"text-align: center;\"><a href=\"http:\/\/www.susannavaris.com\/blogg\/wp-content\/uploads\/2011\/11\/386123_250793258312021_168125803245434_709412_1855480956_n.jpg\"><img loading=\"lazy\" decoding=\"async\" class=\"aligncenter size-full wp-image-3171\" title=\"386123_250793258312021_168125803245434_709412_1855480956_n\" src=\"http:\/\/www.susannavaris.com\/blogg\/wp-content\/uploads\/2011\/11\/386123_250793258312021_168125803245434_709412_1855480956_n.jpg\" alt=\"\" width=\"640\" height=\"960\" srcset=\"http:\/\/www.susannavaris.com\/blogg\/wp-content\/uploads\/2011\/11\/386123_250793258312021_168125803245434_709412_1855480956_n.jpg 640w, http:\/\/www.susannavaris.com\/blogg\/wp-content\/uploads\/2011\/11\/386123_250793258312021_168125803245434_709412_1855480956_n-200x300.jpg 200w\" sizes=\"auto, (max-width: 640px) 100vw, 640px\" \/><\/a><em>Jag skapar klungor. Foto: Veronica Strandberg<\/em><\/p>\n<p style=\"text-align: center;\"><a href=\"http:\/\/www.susannavaris.com\/blogg\/wp-content\/uploads\/2011\/11\/DSC_0287-crop50.jpg\"><img loading=\"lazy\" decoding=\"async\" class=\"aligncenter size-large wp-image-3173\" title=\"DSC_0287-crop50\" src=\"http:\/\/www.susannavaris.com\/blogg\/wp-content\/uploads\/2011\/11\/DSC_0287-crop50-1024x647.jpg\" alt=\"\" width=\"640\" height=\"404\" srcset=\"http:\/\/www.susannavaris.com\/blogg\/wp-content\/uploads\/2011\/11\/DSC_0287-crop50-1024x647.jpg 1024w, http:\/\/www.susannavaris.com\/blogg\/wp-content\/uploads\/2011\/11\/DSC_0287-crop50-300x189.jpg 300w, http:\/\/www.susannavaris.com\/blogg\/wp-content\/uploads\/2011\/11\/DSC_0287-crop50.jpg 1644w\" sizes=\"auto, (max-width: 640px) 100vw, 640px\" \/><\/a><em>Tv\u00e5 konstn\u00e4rs-lumberjacks. F\u00f6rsta g\u00e5ngen vi tr\u00e4ffades idag och kom \u00f6verens mer \u00e4n bra. Upph\u00e4ngningen gick som en dans, vi t\u00e4nkte likadant hela tiden. Foto: Ulf Holm\u00e9n<\/em><\/p>\n<p style=\"text-align: center;\"><a href=\"http:\/\/www.susannavaris.com\/blogg\/wp-content\/uploads\/2011\/11\/DSC_0289-50.jpg\"><img loading=\"lazy\" decoding=\"async\" class=\"aligncenter size-large wp-image-3172\" title=\"DSC_0289-50\" src=\"http:\/\/www.susannavaris.com\/blogg\/wp-content\/uploads\/2011\/11\/DSC_0289-50-1024x682.jpg\" alt=\"\" width=\"640\" height=\"426\" srcset=\"http:\/\/www.susannavaris.com\/blogg\/wp-content\/uploads\/2011\/11\/DSC_0289-50-1024x682.jpg 1024w, http:\/\/www.susannavaris.com\/blogg\/wp-content\/uploads\/2011\/11\/DSC_0289-50-300x200.jpg 300w\" sizes=\"auto, (max-width: 640px) 100vw, 640px\" \/><\/a><em>Lite reklam p\u00e5 G\u00f6tgatan. Notera \u00e4ven affischen f\u00f6r Turteaterns SCUM. Jag t\u00e4nkte affischera \u00f6ver den&#8230; Foto: Susanna Varis<\/em><\/p>\n<p style=\"text-align: center;\">\n","protected":false},"excerpt":{"rendered":"<p>M\u00f6r i kroppen och ska g\u00e5 och l\u00e4gga mig efter en hel dags upph\u00e4ngning och affischering. Lite bilder bara&#8230; Vi st\u00f6djer milj\u00f6v\u00e4nliga transporter. V\u00e4skorna fulla med m\u00e5lningar&#8230;Foto: Susanna Varis Mina roadies, Uffe och moderskan. P\u00e5 plats p\u00e5 Galleri Kocks. Foto: &hellip; <a href=\"http:\/\/www.susannavaris.com\/blogg\/2011\/11\/upphangning-pa-galleri-kocks\/\">Forts\u00e4tt l\u00e4sa <span class=\"meta-nav\">&rarr;<\/span><\/a><\/p>\n","protected":false},"author":1,"featured_media":0,"comment_status":"open","ping_status":"open","sticky":false,"template":"","format":"standard","meta":{"footnotes":""},"categories":[7,777,3,1,4],"tags":[778,912,779],"class_list":["post-3164","post","type-post","status-publish","format-standard","hentry","category-egna-verk","category-galleri-kocks","category-konst","category-okategoriserade","category-utstallning","tag-galleri-kocks-2","tag-infamous-tattoo","tag-veronica-strandberg"],"_links":{"self":[{"href":"http:\/\/www.susannavaris.com\/blogg\/wp-json\/wp\/v2\/posts\/3164","targetHints":{"allow":["GET"]}}],"collection":[{"href":"http:\/\/www.susannavaris.com\/blogg\/wp-json\/wp\/v2\/posts"}],"about":[{"href":"http:\/\/www.susannavaris.com\/blogg\/wp-json\/wp\/v2\/types\/post"}],"author":[{"embeddable":true,"href":"http:\/\/www.susannavaris.com\/blogg\/wp-json\/wp\/v2\/users\/1"}],"replies":[{"embeddable":true,"href":"http:\/\/www.susannavaris.com\/blogg\/wp-json\/wp\/v2\/comments?post=3164"}],"version-history":[{"count":2,"href":"http:\/\/www.susannavaris.com\/blogg\/wp-json\/wp\/v2\/posts\/3164\/revisions"}],"predecessor-version":[{"id":3175,"href":"http:\/\/www.susannavaris.com\/blogg\/wp-json\/wp\/v2\/posts\/3164\/revisions\/3175"}],"wp:attachment":[{"href":"http:\/\/www.susannavaris.com\/blogg\/wp-json\/wp\/v2\/media?parent=3164"}],"wp:term":[{"taxonomy":"category","embeddable":true,"href":"http:\/\/www.susannavaris.com\/blogg\/wp-json\/wp\/v2\/categories?post=3164"},{"taxonomy":"post_tag","embeddable":true,"href":"http:\/\/www.susannavaris.com\/blogg\/wp-json\/wp\/v2\/tags?post=3164"}],"curies":[{"name":"wp","href":"https:\/\/api.w.org\/{rel}","templated":true}]}}