{"id":3177,"date":"2011-11-18T23:39:28","date_gmt":"2011-11-18T22:39:28","guid":{"rendered":"http:\/\/www.susannavaris.com\/blogg\/?p=3177"},"modified":"2011-12-09T20:52:53","modified_gmt":"2011-12-09T19:52:53","slug":"pre-vernissage-pa-kocks","status":"publish","type":"post","link":"http:\/\/www.susannavaris.com\/blogg\/2011\/11\/pre-vernissage-pa-kocks\/","title":{"rendered":"Pre-vernissage p\u00e5 Kocks"},"content":{"rendered":"<p style=\"text-align: center;\"><a href=\"http:\/\/www.susannavaris.com\/blogg\/wp-content\/uploads\/2011\/11\/DSC_0312-50.jpg\"><img loading=\"lazy\" decoding=\"async\" class=\"aligncenter size-full wp-image-3178\" title=\"DSC_0312-50\" src=\"http:\/\/www.susannavaris.com\/blogg\/wp-content\/uploads\/2011\/11\/DSC_0312-50.jpg\" alt=\"\" width=\"845\" height=\"814\" srcset=\"http:\/\/www.susannavaris.com\/blogg\/wp-content\/uploads\/2011\/11\/DSC_0312-50.jpg 845w, http:\/\/www.susannavaris.com\/blogg\/wp-content\/uploads\/2011\/11\/DSC_0312-50-300x288.jpg 300w\" sizes=\"auto, (max-width: 845px) 100vw, 845px\" \/><\/a><em>Dagens Nyheter 18 november 2011. Faksimil fr\u00e5n DN.<\/em><\/p>\n<p style=\"text-align: center;\"><a href=\"http:\/\/www.dn.se\/pa-stan\/konst--museer\/susanna-varis-och-veronica-strandberg\">http:\/\/www.dn.se\/pa-stan\/konst&#8211;museer\/susanna-varis-och-veronica-strandberg<\/a><\/p>\n<p style=\"text-align: center;\"><a href=\"http:\/\/www.susannavaris.com\/blogg\/wp-content\/uploads\/2011\/11\/pastan01.jpg\"><img loading=\"lazy\" decoding=\"async\" class=\"aligncenter size-full wp-image-3471\" title=\"pastan01\" src=\"http:\/\/www.susannavaris.com\/blogg\/wp-content\/uploads\/2011\/11\/pastan01.jpg\" alt=\"\" width=\"845\" height=\"634\" srcset=\"http:\/\/www.susannavaris.com\/blogg\/wp-content\/uploads\/2011\/11\/pastan01.jpg 845w, http:\/\/www.susannavaris.com\/blogg\/wp-content\/uploads\/2011\/11\/pastan01-300x225.jpg 300w\" sizes=\"auto, (max-width: 845px) 100vw, 845px\" \/><\/a><em>DN P\u00e5 Stan n\u00e4tupplagan<\/em><\/p>\n<p>F\u00f6rsta \u00f6ppetdagen har varit riktigt trevlig. F\u00f6rsta g\u00e4sten kom in ganska omg\u00e5ende efter att vi hade \u00f6ppnat, men flydde f\u00e4ltet s\u00e5 fort vi kom ut ur bakrummet. Vi skulle till butiken och handla f\u00f6rn\u00f6denheter. Lapp p\u00e5 d\u00f6rren med telefonnummer till Veronica. P\u00e5 ICA ringer sedan moderskan och meddelar att hon nu st\u00e5r vid galleriet.<\/p>\n<p>Moderskan och en arbetskamrat gjorde oss sedan s\u00e4llskap ett par timmar. P\u00e5 dagen var det relativt lugnt, men kring 16-tiden b\u00f6rjade det komma och g\u00e5 lite folk. Alla fastnade tyv\u00e4rr inte p\u00e5 bild, eftersom man ju m\u00e5ste vara lite social med sina bes\u00f6kare samtidigt.<\/p>\n<p style=\"text-align: center;\"><a href=\"http:\/\/www.susannavaris.com\/blogg\/wp-content\/uploads\/2011\/11\/DSC_0291-50.jpg\"><img loading=\"lazy\" decoding=\"async\" class=\"aligncenter size-large wp-image-3179\" title=\"DSC_0291-50\" src=\"http:\/\/www.susannavaris.com\/blogg\/wp-content\/uploads\/2011\/11\/DSC_0291-50-1024x682.jpg\" alt=\"\" width=\"640\" height=\"426\" srcset=\"http:\/\/www.susannavaris.com\/blogg\/wp-content\/uploads\/2011\/11\/DSC_0291-50-1024x682.jpg 1024w, http:\/\/www.susannavaris.com\/blogg\/wp-content\/uploads\/2011\/11\/DSC_0291-50-300x200.jpg 300w\" sizes=\"auto, (max-width: 640px) 100vw, 640px\" \/><\/a><em>De \u00f6verblivna damerna blev till slut en h\u00f6jdpunkt. Foto: Susanna Varis<\/em><\/p>\n<p style=\"text-align: center;\"><a href=\"http:\/\/www.susannavaris.com\/blogg\/wp-content\/uploads\/2011\/11\/DSC_0294-50.jpg\"><img loading=\"lazy\" decoding=\"async\" class=\"aligncenter size-large wp-image-3180\" title=\"DSC_0294-50\" src=\"http:\/\/www.susannavaris.com\/blogg\/wp-content\/uploads\/2011\/11\/DSC_0294-50-1024x682.jpg\" alt=\"\" width=\"640\" height=\"426\" srcset=\"http:\/\/www.susannavaris.com\/blogg\/wp-content\/uploads\/2011\/11\/DSC_0294-50-1024x682.jpg 1024w, http:\/\/www.susannavaris.com\/blogg\/wp-content\/uploads\/2011\/11\/DSC_0294-50-300x200.jpg 300w\" sizes=\"auto, (max-width: 640px) 100vw, 640px\" \/><\/a><a href=\"http:\/\/www.susannavaris.com\/blogg\/wp-content\/uploads\/2011\/11\/DSC_0295-50.jpg\"><img loading=\"lazy\" decoding=\"async\" class=\"aligncenter size-large wp-image-3181\" title=\"DSC_0295-50\" src=\"http:\/\/www.susannavaris.com\/blogg\/wp-content\/uploads\/2011\/11\/DSC_0295-50-1024x682.jpg\" alt=\"\" width=\"640\" height=\"426\" srcset=\"http:\/\/www.susannavaris.com\/blogg\/wp-content\/uploads\/2011\/11\/DSC_0295-50-1024x682.jpg 1024w, http:\/\/www.susannavaris.com\/blogg\/wp-content\/uploads\/2011\/11\/DSC_0295-50-300x200.jpg 300w\" sizes=\"auto, (max-width: 640px) 100vw, 640px\" \/><\/a><em>Det kom och gick lite folk&#8230;vissa stannade l\u00e4nge, andra tog sig en snabb titt&#8230;Foto: Susanna Varis<\/em><\/p>\n<p style=\"text-align: center;\"><a href=\"http:\/\/www.susannavaris.com\/blogg\/wp-content\/uploads\/2011\/11\/DSC_0296-50.jpg\"><img loading=\"lazy\" decoding=\"async\" class=\"aligncenter size-large wp-image-3182\" title=\"DSC_0296-50\" src=\"http:\/\/www.susannavaris.com\/blogg\/wp-content\/uploads\/2011\/11\/DSC_0296-50-682x1024.jpg\" alt=\"\" width=\"640\" height=\"960\" srcset=\"http:\/\/www.susannavaris.com\/blogg\/wp-content\/uploads\/2011\/11\/DSC_0296-50-682x1024.jpg 682w, http:\/\/www.susannavaris.com\/blogg\/wp-content\/uploads\/2011\/11\/DSC_0296-50-200x300.jpg 200w, http:\/\/www.susannavaris.com\/blogg\/wp-content\/uploads\/2011\/11\/DSC_0296-50.jpg 1536w\" sizes=\"auto, (max-width: 640px) 100vw, 640px\" \/><\/a><em>V\u00e5r webbtidning (soon to be blog) Blaskans chefredakt\u00f6r Dr Indie, alias Micheles Kindh \u00e4r en trogen vernissageg\u00e4ngare&#8230; Foto: Susanna Varis<\/em><\/p>\n<p style=\"text-align: center;\"><a href=\"http:\/\/www.susannavaris.com\/blogg\/wp-content\/uploads\/2011\/11\/DSC_0298-50.jpg\"><img loading=\"lazy\" decoding=\"async\" class=\"aligncenter size-large wp-image-3183\" title=\"DSC_0298-50\" src=\"http:\/\/www.susannavaris.com\/blogg\/wp-content\/uploads\/2011\/11\/DSC_0298-50-1024x682.jpg\" alt=\"\" width=\"640\" height=\"426\" srcset=\"http:\/\/www.susannavaris.com\/blogg\/wp-content\/uploads\/2011\/11\/DSC_0298-50-1024x682.jpg 1024w, http:\/\/www.susannavaris.com\/blogg\/wp-content\/uploads\/2011\/11\/DSC_0298-50-300x200.jpg 300w\" sizes=\"auto, (max-width: 640px) 100vw, 640px\" \/><\/a><a href=\"http:\/\/www.susannavaris.com\/blogg\/wp-content\/uploads\/2011\/11\/DSC_0299-50.jpg\"><img loading=\"lazy\" decoding=\"async\" class=\"aligncenter size-large wp-image-3184\" title=\"DSC_0299-50\" src=\"http:\/\/www.susannavaris.com\/blogg\/wp-content\/uploads\/2011\/11\/DSC_0299-50-1024x682.jpg\" alt=\"\" width=\"640\" height=\"426\" srcset=\"http:\/\/www.susannavaris.com\/blogg\/wp-content\/uploads\/2011\/11\/DSC_0299-50-1024x682.jpg 1024w, http:\/\/www.susannavaris.com\/blogg\/wp-content\/uploads\/2011\/11\/DSC_0299-50-300x200.jpg 300w\" sizes=\"auto, (max-width: 640px) 100vw, 640px\" \/><\/a><a href=\"http:\/\/www.susannavaris.com\/blogg\/wp-content\/uploads\/2011\/11\/DSC_0302-50.jpg\"><img loading=\"lazy\" decoding=\"async\" class=\"aligncenter size-large wp-image-3185\" title=\"DSC_0302-50\" src=\"http:\/\/www.susannavaris.com\/blogg\/wp-content\/uploads\/2011\/11\/DSC_0302-50-1024x682.jpg\" alt=\"\" width=\"640\" height=\"426\" srcset=\"http:\/\/www.susannavaris.com\/blogg\/wp-content\/uploads\/2011\/11\/DSC_0302-50-1024x682.jpg 1024w, http:\/\/www.susannavaris.com\/blogg\/wp-content\/uploads\/2011\/11\/DSC_0302-50-300x200.jpg 300w\" sizes=\"auto, (max-width: 640px) 100vw, 640px\" \/><\/a><a href=\"http:\/\/www.susannavaris.com\/blogg\/wp-content\/uploads\/2011\/11\/DSC_0306-50.jpg\"><img loading=\"lazy\" decoding=\"async\" class=\"aligncenter size-large wp-image-3186\" title=\"DSC_0306-50\" src=\"http:\/\/www.susannavaris.com\/blogg\/wp-content\/uploads\/2011\/11\/DSC_0306-50-1024x682.jpg\" alt=\"\" width=\"640\" height=\"426\" srcset=\"http:\/\/www.susannavaris.com\/blogg\/wp-content\/uploads\/2011\/11\/DSC_0306-50-1024x682.jpg 1024w, http:\/\/www.susannavaris.com\/blogg\/wp-content\/uploads\/2011\/11\/DSC_0306-50-300x200.jpg 300w\" sizes=\"auto, (max-width: 640px) 100vw, 640px\" \/><\/a><em>Kulturella diskussioner. Foton: Veronica Strandberg (\u00f6verst: Susanna Varis)<\/em><\/p>\n<p style=\"text-align: center;\"><a href=\"http:\/\/www.susannavaris.com\/blogg\/wp-content\/uploads\/2011\/11\/DSC_0309-50.jpg\"><img loading=\"lazy\" decoding=\"async\" class=\"aligncenter size-large wp-image-3187\" title=\"DSC_0309-50\" src=\"http:\/\/www.susannavaris.com\/blogg\/wp-content\/uploads\/2011\/11\/DSC_0309-50-682x1024.jpg\" alt=\"\" width=\"640\" height=\"960\" srcset=\"http:\/\/www.susannavaris.com\/blogg\/wp-content\/uploads\/2011\/11\/DSC_0309-50-682x1024.jpg 682w, http:\/\/www.susannavaris.com\/blogg\/wp-content\/uploads\/2011\/11\/DSC_0309-50-200x300.jpg 200w, http:\/\/www.susannavaris.com\/blogg\/wp-content\/uploads\/2011\/11\/DSC_0309-50.jpg 1536w\" sizes=\"auto, (max-width: 640px) 100vw, 640px\" \/><\/a><em>Vi hade det v\u00e4ldigt trevligt, vi spelade Marilyn Manson, David Bowie och M.I.A&#8230;.Foto: Susanna Varis<\/em><\/p>\n<p style=\"text-align: center;\"><a href=\"http:\/\/www.susannavaris.com\/blogg\/wp-content\/uploads\/2011\/11\/DSC_0311pixel50.jpg\"><img loading=\"lazy\" decoding=\"async\" class=\"aligncenter size-large wp-image-3188\" title=\"DSC_0311pixel50\" src=\"http:\/\/www.susannavaris.com\/blogg\/wp-content\/uploads\/2011\/11\/DSC_0311pixel50-1024x682.jpg\" alt=\"\" width=\"640\" height=\"426\" srcset=\"http:\/\/www.susannavaris.com\/blogg\/wp-content\/uploads\/2011\/11\/DSC_0311pixel50-1024x682.jpg 1024w, http:\/\/www.susannavaris.com\/blogg\/wp-content\/uploads\/2011\/11\/DSC_0311pixel50-300x200.jpg 300w\" sizes=\"auto, (max-width: 640px) 100vw, 640px\" \/><\/a><\/p>\n<p style=\"text-align: center;\"><em>Bl a denna tillst\u00e4llning var tapetserad \u00f6verallt p\u00e5 de platser d\u00e4r v\u00e5ra sm\u00e5 blad satt innan. F\u00f6rmodligen har man folk anst\u00e4llda f\u00f6r att affischera varje natt.<\/em><\/p>\n<p style=\"text-align: left;\">Till v\u00e5r besvikelse hade inte m\u00e5nga av v\u00e5ra reklamblad \u00f6verlevt ens ett dygn. De flesta var borttagna och \u00f6verklistrade med stora arrang\u00f6rers affischer och det \u00e4r ju tydligen s\u00e5 det g\u00e5r till. De stora, \u00e4ven om de ocks\u00e5 affischerar otill\u00e5tet, t\u00e5l inte ens konkurrens fr\u00e5n ett par fattiga konstn\u00e4rer. Det \u00e4r tufft att f\u00f6rs\u00f6ka synas utan bautabudget. Jag funderade p\u00e5 att kl\u00e4 av mig naken, med endast plakat fram och bak, spatsera G\u00f6tgatan upp och ner tills att jag blev arresterad, hamna i tidningen och d\u00e4rigenom f\u00e5 reklam.<\/p>\n<p style=\"text-align: left;\">S\u00e5 inga reklamblad ikv\u00e4ll. Tejpen var f\u00f6rresten slut.<\/p>\n<p style=\"text-align: center;\">&#8211; : &#8211; : &#8211; : &#8211;<\/p>\n<p style=\"text-align: center;\">SKAM-manifest-debatten blir bara mer och mer bisarr.<\/p>\n<p style=\"text-align: center;\">Athena Farrokhzad p\u00e5 Aftonbladets kultursida menar att SCUM ska tas p\u00e5 allvar och inte sl\u00e4tas \u00f6ver med etiketter som satir:<\/p>\n<p style=\"text-align: center;\"><a href=\"http:\/\/www.aftonbladet.se\/kultur\/article13952706.ab\">http:\/\/www.aftonbladet.se\/kultur\/article13952706.ab<\/a><\/p>\n<p style=\"text-align: center;\">Johan Hilton i Expressen menar att manifestet ska ses som satir. Hilton menar att den \u00e4r en lek med maktstrukturer och att SCUM-manifestet inte ska tolkas bokstavligt:<\/p>\n<p style=\"text-align: center;\"><a href=\"http:\/\/www.expressen.se\/1.2625880\">http:\/\/www.expressen.se\/1.2625880<\/a><\/p>\n<p style=\"text-align: center;\">I samma tidning skriver Simon Svensson, ordf\u00f6rande f\u00f6r R\u00e4dda barnens ungdomsf\u00f6rbund, att Turteaterns SCUM-manifest \u00e4r en viktig ungdomspj\u00e4s.<\/p>\n<p style=\"text-align: center;\"><a href=\"http:\/\/www.susannavaris.com\/blogg\/wp-content\/uploads\/2011\/11\/athena-farrokhzad-foto-andrea-porcella_new_medium.jpg\"><img loading=\"lazy\" decoding=\"async\" class=\"aligncenter size-full wp-image-3193\" title=\"athena-farrokhzad-foto-andrea-porcella_new_medium\" src=\"http:\/\/www.susannavaris.com\/blogg\/wp-content\/uploads\/2011\/11\/athena-farrokhzad-foto-andrea-porcella_new_medium.jpg\" alt=\"\" width=\"454\" height=\"303\" srcset=\"http:\/\/www.susannavaris.com\/blogg\/wp-content\/uploads\/2011\/11\/athena-farrokhzad-foto-andrea-porcella_new_medium.jpg 454w, http:\/\/www.susannavaris.com\/blogg\/wp-content\/uploads\/2011\/11\/athena-farrokhzad-foto-andrea-porcella_new_medium-300x200.jpg 300w\" sizes=\"auto, (max-width: 454px) 100vw, 454px\" \/><\/a><em>Athena Farrokhzad<\/em><\/p>\n<p style=\"text-align: center;\">Jag vet inte. Mest k\u00e4nns behovet av att s\u00e4tta upp en s\u00e5dan h\u00e4r pj\u00e4s som effekts\u00f6keri och l\u00e5tsasrevolution i ett av v\u00e4rldens mest privilegierade l\u00e4nder, med f\u00f6rmodligen v\u00e4rldens mest j\u00e4mst\u00e4llda och privilegierade kvinnor (eller n\u00e4st intill). Vad \u00e4r syftet med att elda upp mots\u00e4ttningar mellan kvinnor och m\u00e4n? N\u00e5r man inte l\u00e4ngre med samarbete? B\u00f6r man inte se individer f\u00f6re k\u00f6n? J\u00e4mst\u00e4lldheten har tagit mycket stora kliv under senaste \u00e5rhundradet. Var finns det h\u00e4r enorma f\u00f6rtrycket som det beh\u00f6vs konfrontation och revolution mot? Det \u00e4r mest den bortsk\u00e4mde, uttr\u00e5kade, medelklass revolutionsromantikern, som aldrig har beh\u00f6vt riskera n\u00e5gonting p\u00e5 riktigt, som nu gapar om &#8221;h\u00e4rskandes v\u00e5ld inte g\u00e5r att j\u00e4mst\u00e4lla med den f\u00f6rtrycktas motv\u00e5ld&#8221; (Athena Farrokhzad). S\u00e5 praktiskt. Fritt fram att s\u00f6ka konfrontation, eftersom mannen per definition \u00e4r den h\u00e4rskande och kvinnan den f\u00f6rtryckta. Kvinnan har r\u00e4tt att anv\u00e4nda v\u00e5ld och tom d\u00f6da (som Solanas f\u00f6rs\u00f6kte d\u00f6da Warhol) f\u00f6r den r\u00e4tta sakens skull, men mannen f\u00e5r inte p\u00e5 n\u00e5got s\u00e4tt f\u00f6rsvara sig, ty han \u00e4r ju en f\u00f6rtryckare. F\u00f6rsvarar han sig i ord, \u00e4r han en antifeminist. Logiken \u00e4r av samma sort som i den feministiska vetenskapsteorin.<\/p>\n","protected":false},"excerpt":{"rendered":"<p>Dagens Nyheter 18 november 2011. Faksimil fr\u00e5n DN. http:\/\/www.dn.se\/pa-stan\/konst&#8211;museer\/susanna-varis-och-veronica-strandberg DN P\u00e5 Stan n\u00e4tupplagan F\u00f6rsta \u00f6ppetdagen har varit riktigt trevlig. F\u00f6rsta g\u00e4sten kom in ganska omg\u00e5ende efter att vi hade \u00f6ppnat, men flydde f\u00e4ltet s\u00e5 fort vi kom ut ur bakrummet. &hellip; <a href=\"http:\/\/www.susannavaris.com\/blogg\/2011\/11\/pre-vernissage-pa-kocks\/\">Forts\u00e4tt l\u00e4sa <span class=\"meta-nav\">&rarr;<\/span><\/a><\/p>\n","protected":false},"author":1,"featured_media":0,"comment_status":"open","ping_status":"open","sticky":false,"template":"","format":"standard","meta":{"footnotes":""},"categories":[178,7,181,777,259,3,589,1,590,4],"tags":[149,913,356,778,916,915,914,779],"class_list":["post-3177","post","type-post","status-publish","format-standard","hentry","category-blodtryckshojare","category-egna-verk","category-feminism","category-galleri-kocks","category-genusvetenskap","category-konst","category-medier","category-okategoriserade","category-politik","category-utstallning","tag-aftonbladet","tag-athena-farrokhzad","tag-expressen","tag-galleri-kocks-2","tag-johan-hilton","tag-radda-barnen","tag-simon-svensson","tag-veronica-strandberg"],"_links":{"self":[{"href":"http:\/\/www.susannavaris.com\/blogg\/wp-json\/wp\/v2\/posts\/3177","targetHints":{"allow":["GET"]}}],"collection":[{"href":"http:\/\/www.susannavaris.com\/blogg\/wp-json\/wp\/v2\/posts"}],"about":[{"href":"http:\/\/www.susannavaris.com\/blogg\/wp-json\/wp\/v2\/types\/post"}],"author":[{"embeddable":true,"href":"http:\/\/www.susannavaris.com\/blogg\/wp-json\/wp\/v2\/users\/1"}],"replies":[{"embeddable":true,"href":"http:\/\/www.susannavaris.com\/blogg\/wp-json\/wp\/v2\/comments?post=3177"}],"version-history":[{"count":7,"href":"http:\/\/www.susannavaris.com\/blogg\/wp-json\/wp\/v2\/posts\/3177\/revisions"}],"predecessor-version":[{"id":3192,"href":"http:\/\/www.susannavaris.com\/blogg\/wp-json\/wp\/v2\/posts\/3177\/revisions\/3192"}],"wp:attachment":[{"href":"http:\/\/www.susannavaris.com\/blogg\/wp-json\/wp\/v2\/media?parent=3177"}],"wp:term":[{"taxonomy":"category","embeddable":true,"href":"http:\/\/www.susannavaris.com\/blogg\/wp-json\/wp\/v2\/categories?post=3177"},{"taxonomy":"post_tag","embeddable":true,"href":"http:\/\/www.susannavaris.com\/blogg\/wp-json\/wp\/v2\/tags?post=3177"}],"curies":[{"name":"wp","href":"https:\/\/api.w.org\/{rel}","templated":true}]}}