{"id":321,"date":"2011-05-16T13:07:10","date_gmt":"2011-05-16T11:07:10","guid":{"rendered":"http:\/\/www.susannavaris.com\/blogg\/?p=321"},"modified":"2023-02-13T15:59:12","modified_gmt":"2023-02-13T14:59:12","slug":"david-la-chapelle","status":"publish","type":"post","link":"http:\/\/www.susannavaris.com\/blogg\/2011\/05\/david-la-chapelle\/","title":{"rendered":"David la Chapelle"},"content":{"rendered":"\n<p class=\"has-text-align-center\">David la Chapelles fotografi \u00e4r magisk. Han photoshoppar verkligheten. Allt som visas i bilderna finns d\u00e4r p\u00e5 riktigt. Jag gillar det vulg\u00e4ra, gr\u00e4lla, groteska, surrealistiska. Det \u00e4r kommers i sin mest l\u00e4ckra och snuskiga form. Det \u00e4r som de dr\u00f6mmar en modern, konsumistisk m\u00e4nniska kan ha. Det \u00e4r barock svulstighet och d\u00e5lig smak f\u00f6r v\u00e5r tid. Underbart!<\/p>\n\n\n\n<p class=\"has-text-align-center\">David la Chapelle:<\/p>\n\n\n\n<p class=\"has-text-align-center\"><a href=\"http:\/\/www.davidlachapelle.com\/\">http:\/\/www.davidlachapelle.com\/<\/a><\/p>\n\n\n<div class=\"wp-block-image\">\n<figure class=\"aligncenter size-large\"><img loading=\"lazy\" decoding=\"async\" width=\"1024\" height=\"1024\" src=\"http:\/\/www.susannavaris.com\/blogg\/wp-content\/uploads\/2023\/02\/Bild-borttagen-2-1024x1024.jpg\" alt=\"\" class=\"wp-image-17623\" title=\"cZAx8JPkOofq019dwqeieE5Go1_500\" srcset=\"http:\/\/www.susannavaris.com\/blogg\/wp-content\/uploads\/2023\/02\/Bild-borttagen-2-1024x1024.jpg 1024w, http:\/\/www.susannavaris.com\/blogg\/wp-content\/uploads\/2023\/02\/Bild-borttagen-2-300x300.jpg 300w, http:\/\/www.susannavaris.com\/blogg\/wp-content\/uploads\/2023\/02\/Bild-borttagen-2-150x150.jpg 150w, http:\/\/www.susannavaris.com\/blogg\/wp-content\/uploads\/2023\/02\/Bild-borttagen-2-768x768.jpg 768w, http:\/\/www.susannavaris.com\/blogg\/wp-content\/uploads\/2023\/02\/Bild-borttagen-2-1536x1536.jpg 1536w, http:\/\/www.susannavaris.com\/blogg\/wp-content\/uploads\/2023\/02\/Bild-borttagen-2-2048x2048.jpg 2048w\" sizes=\"auto, (max-width: 1024px) 100vw, 1024px\" \/><\/figure>\n<\/div>\n\n\n<p class=\"has-text-align-center\"><em>&#8230;och s\u00e5 har han ju fotograferat min favorit! :)<\/em><\/p>\n\n\n<div class=\"wp-block-image\">\n<figure class=\"aligncenter size-large\"><img loading=\"lazy\" decoding=\"async\" width=\"1024\" height=\"1024\" src=\"http:\/\/www.susannavaris.com\/blogg\/wp-content\/uploads\/2023\/02\/Bild-borttagen-2-1024x1024.jpg\" alt=\"\" class=\"wp-image-17623\" title=\"03_40018516\" srcset=\"http:\/\/www.susannavaris.com\/blogg\/wp-content\/uploads\/2023\/02\/Bild-borttagen-2-1024x1024.jpg 1024w, http:\/\/www.susannavaris.com\/blogg\/wp-content\/uploads\/2023\/02\/Bild-borttagen-2-300x300.jpg 300w, http:\/\/www.susannavaris.com\/blogg\/wp-content\/uploads\/2023\/02\/Bild-borttagen-2-150x150.jpg 150w, http:\/\/www.susannavaris.com\/blogg\/wp-content\/uploads\/2023\/02\/Bild-borttagen-2-768x768.jpg 768w, http:\/\/www.susannavaris.com\/blogg\/wp-content\/uploads\/2023\/02\/Bild-borttagen-2-1536x1536.jpg 1536w, http:\/\/www.susannavaris.com\/blogg\/wp-content\/uploads\/2023\/02\/Bild-borttagen-2-2048x2048.jpg 2048w\" sizes=\"auto, (max-width: 1024px) 100vw, 1024px\" \/><\/figure>\n<\/div>\n\n\n<p class=\"has-text-align-center\"><em>Lady Gaga \u00e4r en given modell&#8230;<\/em><\/p>\n","protected":false},"excerpt":{"rendered":"<p>David la Chapelles fotografi \u00e4r magisk. Han photoshoppar verkligheten. Allt som visas i bilderna finns d\u00e4r p\u00e5 riktigt. Jag gillar det vulg\u00e4ra, gr\u00e4lla, groteska, surrealistiska. Det \u00e4r kommers i sin mest l\u00e4ckra och snuskiga form. Det \u00e4r som de dr\u00f6mmar &hellip; <a href=\"http:\/\/www.susannavaris.com\/blogg\/2011\/05\/david-la-chapelle\/\">Forts\u00e4tt l\u00e4sa <span class=\"meta-nav\">&rarr;<\/span><\/a><\/p>\n","protected":false},"author":1,"featured_media":0,"comment_status":"open","ping_status":"open","sticky":false,"template":"","format":"standard","meta":{"footnotes":""},"categories":[110,13,3,12],"tags":[111,4897,113,112,18,40,16],"class_list":["post-321","post","type-post","status-publish","format-standard","hentry","category-foto","category-inspiration","category-konst","category-marilyn-manson","tag-david-la-chapelle","tag-foto","tag-fotografi","tag-gisele-bundchen","tag-lady-gaga-2","tag-madonna","tag-marilyn-manson-2"],"_links":{"self":[{"href":"http:\/\/www.susannavaris.com\/blogg\/wp-json\/wp\/v2\/posts\/321","targetHints":{"allow":["GET"]}}],"collection":[{"href":"http:\/\/www.susannavaris.com\/blogg\/wp-json\/wp\/v2\/posts"}],"about":[{"href":"http:\/\/www.susannavaris.com\/blogg\/wp-json\/wp\/v2\/types\/post"}],"author":[{"embeddable":true,"href":"http:\/\/www.susannavaris.com\/blogg\/wp-json\/wp\/v2\/users\/1"}],"replies":[{"embeddable":true,"href":"http:\/\/www.susannavaris.com\/blogg\/wp-json\/wp\/v2\/comments?post=321"}],"version-history":[{"count":5,"href":"http:\/\/www.susannavaris.com\/blogg\/wp-json\/wp\/v2\/posts\/321\/revisions"}],"predecessor-version":[{"id":17656,"href":"http:\/\/www.susannavaris.com\/blogg\/wp-json\/wp\/v2\/posts\/321\/revisions\/17656"}],"wp:attachment":[{"href":"http:\/\/www.susannavaris.com\/blogg\/wp-json\/wp\/v2\/media?parent=321"}],"wp:term":[{"taxonomy":"category","embeddable":true,"href":"http:\/\/www.susannavaris.com\/blogg\/wp-json\/wp\/v2\/categories?post=321"},{"taxonomy":"post_tag","embeddable":true,"href":"http:\/\/www.susannavaris.com\/blogg\/wp-json\/wp\/v2\/tags?post=321"}],"curies":[{"name":"wp","href":"https:\/\/api.w.org\/{rel}","templated":true}]}}