{"id":3242,"date":"2011-11-22T23:31:26","date_gmt":"2011-11-22T22:31:26","guid":{"rendered":"http:\/\/www.susannavaris.com\/blogg\/?p=3242"},"modified":"2011-11-22T23:31:26","modified_gmt":"2011-11-22T22:31:26","slug":"galleri-kocks-22-november-2011","status":"publish","type":"post","link":"http:\/\/www.susannavaris.com\/blogg\/2011\/11\/galleri-kocks-22-november-2011\/","title":{"rendered":"Galleri Kocks 22. november 2011"},"content":{"rendered":"<p style=\"text-align: center;\"><a href=\"http:\/\/www.susannavaris.com\/blogg\/wp-content\/uploads\/2011\/11\/DSC_0363-50.jpg\"><img loading=\"lazy\" decoding=\"async\" class=\"aligncenter size-large wp-image-3243\" title=\"DSC_0363-50\" src=\"http:\/\/www.susannavaris.com\/blogg\/wp-content\/uploads\/2011\/11\/DSC_0363-50-682x1024.jpg\" alt=\"\" width=\"640\" height=\"960\" srcset=\"http:\/\/www.susannavaris.com\/blogg\/wp-content\/uploads\/2011\/11\/DSC_0363-50-682x1024.jpg 682w, http:\/\/www.susannavaris.com\/blogg\/wp-content\/uploads\/2011\/11\/DSC_0363-50-200x300.jpg 200w, http:\/\/www.susannavaris.com\/blogg\/wp-content\/uploads\/2011\/11\/DSC_0363-50.jpg 1536w\" sizes=\"auto, (max-width: 640px) 100vw, 640px\" \/><\/a><em>Mea Salmij\u00e4rvi fr\u00e5n Sveriges Radio\/Sisuradio. Foto: Susanna Varis<\/em><\/p>\n<p>Idag var det min tur att h\u00e5lla i galleriet igen och efter den sedvanliga morgonstressen var jag s\u00e5 p\u00e5 plats kl 12. Uffe fick stanna kvar p\u00e5 v\u00e4gen f\u00f6r att ta med lunch. Knappt hade jag f\u00e5tt ut skyltningen och satt p\u00e5 kaffet innan mitt f\u00f6rsta bes\u00f6k stod d\u00e4r, en pigg, glad och trevlig tjej fr\u00e5n Sveriges Radio\/Sisuradio, allts\u00e5 den finska avdelningen, som ville komma och g\u00f6ra reportage p\u00e5 mig. S\u00e5 roligt och smickrande! Jag har ju mina finska r\u00f6tter och identifierar mig som finsk&#8230;och nu hoppas jag att min finska inte sn\u00e4rjer ihop sig f\u00f6r mycket imorgon. I och med att jag nu dagligen anv\u00e4nder mest svenska med Uffe, blir finskan genast lite knackigare, men det l\u00f6ser sig nog. Hoppas jag. :)<\/p>\n<p style=\"text-align: center;\"><a href=\"http:\/\/www.susannavaris.com\/blogg\/wp-content\/uploads\/2011\/11\/DSC_0365-50.jpg\"><img loading=\"lazy\" decoding=\"async\" class=\"aligncenter size-large wp-image-3244\" title=\"DSC_0365-50\" src=\"http:\/\/www.susannavaris.com\/blogg\/wp-content\/uploads\/2011\/11\/DSC_0365-50-1024x682.jpg\" alt=\"\" width=\"640\" height=\"426\" srcset=\"http:\/\/www.susannavaris.com\/blogg\/wp-content\/uploads\/2011\/11\/DSC_0365-50-1024x682.jpg 1024w, http:\/\/www.susannavaris.com\/blogg\/wp-content\/uploads\/2011\/11\/DSC_0365-50-300x200.jpg 300w\" sizes=\"auto, (max-width: 640px) 100vw, 640px\" \/><\/a><em>Strax d\u00e4refter kom en gammal v\u00e4n, Mika Kortesaari, som lyckades blunda p\u00e5 b\u00e5da bilderna som togs. Foto: Ulf Holm\u00e9n<\/em><\/p>\n<p>Moderskan kom ocks\u00e5 med underbara saffransbullar fr\u00e5n Gateau. Lite bes\u00f6kare kom och gick, ingen j\u00e4tterusning, men \u00e4nd\u00e5 en del bes\u00f6k. Jag ville inte springa efter alla med en kamera, s\u00e5 ni f\u00e5r lita p\u00e5 mitt ord&#8230; :)<\/p>\n<p style=\"text-align: center;\"><a href=\"http:\/\/www.susannavaris.com\/blogg\/wp-content\/uploads\/2011\/11\/DSC_0367-50.jpg\"><img loading=\"lazy\" decoding=\"async\" class=\"aligncenter size-large wp-image-3245\" title=\"DSC_0367-50\" src=\"http:\/\/www.susannavaris.com\/blogg\/wp-content\/uploads\/2011\/11\/DSC_0367-50-1024x682.jpg\" alt=\"\" width=\"640\" height=\"426\" srcset=\"http:\/\/www.susannavaris.com\/blogg\/wp-content\/uploads\/2011\/11\/DSC_0367-50-1024x682.jpg 1024w, http:\/\/www.susannavaris.com\/blogg\/wp-content\/uploads\/2011\/11\/DSC_0367-50-300x200.jpg 300w\" sizes=\"auto, (max-width: 640px) 100vw, 640px\" \/><\/a><em>Jag och Kyra Munk Matustik. Foto: Ulf Holm\u00e9n<\/em><\/p>\n<p>N\u00e4r vi just skulle hem, kom en konstn\u00e4rinna p\u00e5 bes\u00f6k. Hon hade m\u00e5nga intressanta samtals\u00e4mnen, s\u00e5 vi st\u00e4ngde en timme senare \u00e4n vi skulle och mitt blodsocker hade sjunkit ner till kritiska niv\u00e5er. Det var mycket intressant att samtala med henne p\u00e5 en invecklad svengelska och det hade varit trevligt om hon hade kommit in lite tidigare. Nu s\u00f6gs musten ur mig och vi rusade in p\u00e5 McDonalds. Sedan var jag hemma f\u00f6rst klockan 21.<\/p>\n<p>Efter det skulle jag dessutom kr\u00e5ngla mig genom semestervalet p\u00e5 l\u00f6nearbetet f\u00f6r n\u00e4sta \u00e5r. Tv\u00e5 akademiska examina och vi vet fortfarande inte om vi gjorde r\u00e4tt&#8230;<\/p>\n<p>Nu m\u00e5ste jag varva ner f\u00f6r att vara pigg och fr\u00e4sch inf\u00f6r morgondagens mediauppvaktning&#8230; :)<\/p>\n","protected":false},"excerpt":{"rendered":"<p>Mea Salmij\u00e4rvi fr\u00e5n Sveriges Radio\/Sisuradio. Foto: Susanna Varis Idag var det min tur att h\u00e5lla i galleriet igen och efter den sedvanliga morgonstressen var jag s\u00e5 p\u00e5 plats kl 12. Uffe fick stanna kvar p\u00e5 v\u00e4gen f\u00f6r att ta med &hellip; <a href=\"http:\/\/www.susannavaris.com\/blogg\/2011\/11\/galleri-kocks-22-november-2011\/\">Forts\u00e4tt l\u00e4sa <span class=\"meta-nav\">&rarr;<\/span><\/a><\/p>\n","protected":false},"author":1,"featured_media":0,"comment_status":"open","ping_status":"open","sticky":false,"template":"","format":"standard","meta":{"footnotes":""},"categories":[7,107,777,3,589,1,4],"tags":[778,932,931,930,928,929],"class_list":["post-3242","post","type-post","status-publish","format-standard","hentry","category-egna-verk","category-finland","category-galleri-kocks","category-konst","category-medier","category-okategoriserade","category-utstallning","tag-galleri-kocks-2","tag-kyra-munk-matustik","tag-mea-salmijarvi","tag-sisuradio","tag-sr","tag-sveriges-radio"],"_links":{"self":[{"href":"http:\/\/www.susannavaris.com\/blogg\/wp-json\/wp\/v2\/posts\/3242","targetHints":{"allow":["GET"]}}],"collection":[{"href":"http:\/\/www.susannavaris.com\/blogg\/wp-json\/wp\/v2\/posts"}],"about":[{"href":"http:\/\/www.susannavaris.com\/blogg\/wp-json\/wp\/v2\/types\/post"}],"author":[{"embeddable":true,"href":"http:\/\/www.susannavaris.com\/blogg\/wp-json\/wp\/v2\/users\/1"}],"replies":[{"embeddable":true,"href":"http:\/\/www.susannavaris.com\/blogg\/wp-json\/wp\/v2\/comments?post=3242"}],"version-history":[{"count":2,"href":"http:\/\/www.susannavaris.com\/blogg\/wp-json\/wp\/v2\/posts\/3242\/revisions"}],"predecessor-version":[{"id":3247,"href":"http:\/\/www.susannavaris.com\/blogg\/wp-json\/wp\/v2\/posts\/3242\/revisions\/3247"}],"wp:attachment":[{"href":"http:\/\/www.susannavaris.com\/blogg\/wp-json\/wp\/v2\/media?parent=3242"}],"wp:term":[{"taxonomy":"category","embeddable":true,"href":"http:\/\/www.susannavaris.com\/blogg\/wp-json\/wp\/v2\/categories?post=3242"},{"taxonomy":"post_tag","embeddable":true,"href":"http:\/\/www.susannavaris.com\/blogg\/wp-json\/wp\/v2\/tags?post=3242"}],"curies":[{"name":"wp","href":"https:\/\/api.w.org\/{rel}","templated":true}]}}