{"id":3248,"date":"2011-11-24T15:10:48","date_gmt":"2011-11-24T14:10:48","guid":{"rendered":"http:\/\/www.susannavaris.com\/blogg\/?p=3248"},"modified":"2013-04-07T10:20:13","modified_gmt":"2013-04-07T08:20:13","slug":"galleri-kocks-sista-dagen","status":"publish","type":"post","link":"http:\/\/www.susannavaris.com\/blogg\/2011\/11\/galleri-kocks-sista-dagen\/","title":{"rendered":"Galleri Kocks, sista dagen"},"content":{"rendered":"<p style=\"text-align: center;\"><a href=\"http:\/\/www.susannavaris.com\/blogg\/wp-content\/uploads\/2011\/11\/DSC_0368-50.jpg\"><img loading=\"lazy\" decoding=\"async\" class=\"aligncenter size-large wp-image-3249\" title=\"DSC_0368-50\" alt=\"\" src=\"http:\/\/www.susannavaris.com\/blogg\/wp-content\/uploads\/2011\/11\/DSC_0368-50-1024x682.jpg\" width=\"640\" height=\"426\" srcset=\"http:\/\/www.susannavaris.com\/blogg\/wp-content\/uploads\/2011\/11\/DSC_0368-50-1024x682.jpg 1024w, http:\/\/www.susannavaris.com\/blogg\/wp-content\/uploads\/2011\/11\/DSC_0368-50-300x200.jpg 300w\" sizes=\"auto, (max-width: 640px) 100vw, 640px\" \/><\/a><em>Jaha, den h\u00e4r bilden skulle ju bli lite snajdigt p\u00e5 sne. Nu blev den bara sned p\u00e5 fel s\u00e4tt. Den f\u00e5r f\u00f6lja med i alla fall, jag skyller p\u00e5 lunchmaten och handv\u00e4skan som tyngde ner armarna&#8230;<\/em><\/p>\n<p>Sista utst\u00e4llningsdagen blev mycket lyckad och jag hade enormt roligt hela dagen. Dagen var trist av blygr\u00e5a skyar som h\u00e4ngde vid kn\u00e4vecken, men det var en speciell k\u00e4nsla att kliva av vid Stockholms s\u00f6dra och promenera l\u00e4ngs med citybanebygget, pipa in i gallerian f\u00f6r att h\u00e4mta en lunchl\u00e5da med meze, korsa Medborgarplatsen, Folkungagatan och vidare in p\u00e5 Kocksgatan f\u00f6r att \u00f6ppna galleriet. B\u00e4ra ut skyltning, t\u00e4nda, fixa lite med g\u00e5rdagens saker, koka kaffe&#8230;<\/p>\n<p>Jag var inte j\u00e4ttehungrig, men best\u00e4mde mig f\u00f6r mezen p\u00e5 en g\u00e5ng, innan det skulle bli radiointervju och annat. Det visade sig vara klokt gjort, sedan hade jag inte en lugn stund.<\/p>\n<p>Klockan 13 skulle Mea fr\u00e5n Sisuradio komma och intervjua och fota mig. N\u00e4r jag satt med mezen kom det in en lunchbes\u00f6kare, en, vad hon kallade sig, hobbykonstkritiker och vi hade lite sp\u00e4nnande samtal.<\/p>\n<p style=\"text-align: center;\"><a href=\"http:\/\/www.susannavaris.com\/blogg\/wp-content\/uploads\/2011\/11\/DSC_0369-50.jpg\"><img loading=\"lazy\" decoding=\"async\" class=\"aligncenter size-large wp-image-3250\" title=\"DSC_0369-50\" alt=\"\" src=\"http:\/\/www.susannavaris.com\/blogg\/wp-content\/uploads\/2011\/11\/DSC_0369-50-1024x682.jpg\" width=\"640\" height=\"426\" srcset=\"http:\/\/www.susannavaris.com\/blogg\/wp-content\/uploads\/2011\/11\/DSC_0369-50-1024x682.jpg 1024w, http:\/\/www.susannavaris.com\/blogg\/wp-content\/uploads\/2011\/11\/DSC_0369-50-300x200.jpg 300w\" sizes=\"auto, (max-width: 640px) 100vw, 640px\" \/><\/a><em>Mea Salmij\u00e4rvi fr\u00e5n Sisuradio intervjuar mig i k\u00f6ket p\u00e5 Galleri Kocks. Foto: Anna-Kaisa Benje<\/em><\/p>\n<p style=\"text-align: center;\"><a href=\"http:\/\/www.susannavaris.com\/blogg\/wp-content\/uploads\/2011\/11\/DSC_0370-50-crop.jpg\"><img loading=\"lazy\" decoding=\"async\" class=\"aligncenter size-large wp-image-3251\" title=\"DSC_0370-50-crop\" alt=\"\" src=\"http:\/\/www.susannavaris.com\/blogg\/wp-content\/uploads\/2011\/11\/DSC_0370-50-crop-878x1024.jpg\" width=\"640\" height=\"746\" srcset=\"http:\/\/www.susannavaris.com\/blogg\/wp-content\/uploads\/2011\/11\/DSC_0370-50-crop-878x1024.jpg 878w, http:\/\/www.susannavaris.com\/blogg\/wp-content\/uploads\/2011\/11\/DSC_0370-50-crop-257x300.jpg 257w, http:\/\/www.susannavaris.com\/blogg\/wp-content\/uploads\/2011\/11\/DSC_0370-50-crop.jpg 1303w\" sizes=\"auto, (max-width: 640px) 100vw, 640px\" \/><\/a><em>Jag kraxar p\u00e5 om konst och finska spr\u00e5ket. I helgen kommer det att s\u00e4ndas ett litet inslag med mig p\u00e5\u00a04.24 min. Kultuurisunnuntai i P2 kl. 7-8.30 p\u00e5 s\u00f6ndag. Ett l\u00e4ngre inslag kommer p\u00e5 webbradion s\u00e5 sm\u00e5ningom. :)<\/em><\/p>\n<p style=\"text-align: center;\">Sisuradio\/Sveriges Radio:\u00a0<a href=\"http:\/\/sverigesradio.se\/sida\/default.aspx?programid=2532\">http:\/\/sverigesradio.se\/sida\/default.aspx?programid=2532<\/a><\/p>\n<p style=\"text-align: left;\">\u00c4ven moderskan hade hunnit anl\u00e4nda. Hon fick ta hand om g\u00e4ster som kom under tiden som vi h\u00f6ll p\u00e5 med intervjun. Intervjun gick bra, tydligen, jag var ganska l\u00e4ttintervjuade enligt Mea, pladdrade p\u00e5 och svarade innan fr\u00e5gorna hann st\u00e4llas. \u00c5terst\u00e5r att se hur resultatet blir&#8230;<\/p>\n<p style=\"text-align: center;\"><a href=\"http:\/\/www.susannavaris.com\/blogg\/wp-content\/uploads\/2011\/11\/DSC_0371-50.jpg\"><img loading=\"lazy\" decoding=\"async\" class=\"aligncenter size-large wp-image-3252\" title=\"DSC_0371-50\" alt=\"\" src=\"http:\/\/www.susannavaris.com\/blogg\/wp-content\/uploads\/2011\/11\/DSC_0371-50-1024x682.jpg\" width=\"640\" height=\"426\" srcset=\"http:\/\/www.susannavaris.com\/blogg\/wp-content\/uploads\/2011\/11\/DSC_0371-50-1024x682.jpg 1024w, http:\/\/www.susannavaris.com\/blogg\/wp-content\/uploads\/2011\/11\/DSC_0371-50-300x200.jpg 300w\" sizes=\"auto, (max-width: 640px) 100vw, 640px\" \/><\/a><em>Moderskan, Tomas Johansson (som snart ska st\u00e4lla ut p\u00e5 Kocks) och Mea som fotar f\u00f6r inslaget. Foto: Susanna Varis<\/em><\/p>\n<p style=\"text-align: center;\"><a href=\"http:\/\/www.susannavaris.com\/blogg\/wp-content\/uploads\/2011\/11\/DSC_0373-50.jpg\"><img loading=\"lazy\" decoding=\"async\" class=\"aligncenter size-large wp-image-3253\" title=\"DSC_0373-50\" alt=\"\" src=\"http:\/\/www.susannavaris.com\/blogg\/wp-content\/uploads\/2011\/11\/DSC_0373-50-1024x682.jpg\" width=\"640\" height=\"426\" srcset=\"http:\/\/www.susannavaris.com\/blogg\/wp-content\/uploads\/2011\/11\/DSC_0373-50-1024x682.jpg 1024w, http:\/\/www.susannavaris.com\/blogg\/wp-content\/uploads\/2011\/11\/DSC_0373-50-300x200.jpg 300w\" sizes=\"auto, (max-width: 640px) 100vw, 640px\" \/><\/a><a href=\"http:\/\/www.susannavaris.com\/blogg\/wp-content\/uploads\/2011\/11\/DSC_0374-50.jpg\"><img loading=\"lazy\" decoding=\"async\" class=\"aligncenter size-large wp-image-3254\" title=\"DSC_0374-50\" alt=\"\" src=\"http:\/\/www.susannavaris.com\/blogg\/wp-content\/uploads\/2011\/11\/DSC_0374-50-1024x682.jpg\" width=\"640\" height=\"426\" srcset=\"http:\/\/www.susannavaris.com\/blogg\/wp-content\/uploads\/2011\/11\/DSC_0374-50-1024x682.jpg 1024w, http:\/\/www.susannavaris.com\/blogg\/wp-content\/uploads\/2011\/11\/DSC_0374-50-300x200.jpg 300w\" sizes=\"auto, (max-width: 640px) 100vw, 640px\" \/><\/a><a href=\"http:\/\/www.susannavaris.com\/blogg\/wp-content\/uploads\/2011\/11\/DSC_0376-50.jpg\"><img loading=\"lazy\" decoding=\"async\" class=\"aligncenter size-large wp-image-3255\" title=\"DSC_0376-50\" alt=\"\" src=\"http:\/\/www.susannavaris.com\/blogg\/wp-content\/uploads\/2011\/11\/DSC_0376-50-1024x682.jpg\" width=\"640\" height=\"426\" srcset=\"http:\/\/www.susannavaris.com\/blogg\/wp-content\/uploads\/2011\/11\/DSC_0376-50-1024x682.jpg 1024w, http:\/\/www.susannavaris.com\/blogg\/wp-content\/uploads\/2011\/11\/DSC_0376-50-300x200.jpg 300w\" sizes=\"auto, (max-width: 640px) 100vw, 640px\" \/><\/a><em>Mea tog \u00e4ven ett g\u00e4ng mycket bra bilder p\u00e5 mig och Tomas Johansson. Foton: Mea Salmij\u00e4rvi<\/em><\/p>\n<p style=\"text-align: center;\"><a href=\"http:\/\/www.susannavaris.com\/blogg\/wp-content\/uploads\/2011\/11\/DSC_0378-50.jpg\"><img loading=\"lazy\" decoding=\"async\" class=\"aligncenter size-large wp-image-3256\" title=\"DSC_0378-50\" alt=\"\" src=\"http:\/\/www.susannavaris.com\/blogg\/wp-content\/uploads\/2011\/11\/DSC_0378-50-682x1024.jpg\" width=\"640\" height=\"960\" srcset=\"http:\/\/www.susannavaris.com\/blogg\/wp-content\/uploads\/2011\/11\/DSC_0378-50-682x1024.jpg 682w, http:\/\/www.susannavaris.com\/blogg\/wp-content\/uploads\/2011\/11\/DSC_0378-50-200x300.jpg 200w, http:\/\/www.susannavaris.com\/blogg\/wp-content\/uploads\/2011\/11\/DSC_0378-50.jpg 1536w\" sizes=\"auto, (max-width: 640px) 100vw, 640px\" \/><\/a><em>Min v\u00e4ninna sedan gymnasietiden p\u00e5 4-\u00e5rig teknisk linje, V\u00e4sterg\u00e5rdsgymnasiet, Pia Ollila. D\u00e5 S\u00f6dert\u00e4ljes tv\u00e5 enda punkartjejer med var sin h\u00f6g tuppkam&#8230;nu \u00e4r vi n\u00e4stan v\u00e4lartade ingenj\u00f6rer b\u00e5da tv\u00e5. Pia, till skillnad mot mig, jobbar \u00e4ven inom teknikbranschen som konsult. Foto: Susanna Varis<\/em><\/p>\n<p style=\"text-align: left;\">Strax efter detta blev det ny ketschup-effekt. Pia, min gode v\u00e4n sedan gymnasiet och Mia M\u00e4kil\u00e4, min stora inspirationsk\u00e4lla kom in n\u00e4stan samtidigt. \u00c4ven ett par fr\u00e5n Roslagsm\u00e5larna tittade in och ett par andra g\u00e4ster. Jag hann knappt ta hand om stackars Pia alls, men vi f\u00e5r kompensera med fika och dessutom ska hon ju bli min \u00f6vningsk\u00f6rningsl\u00e4rare. :)<\/p>\n<p style=\"text-align: center;\">\n<p style=\"text-align: center;\"><a href=\"http:\/\/www.susannavaris.com\/blogg\/wp-content\/uploads\/2011\/11\/DSC_0382-50.jpg\"><img loading=\"lazy\" decoding=\"async\" class=\"aligncenter size-large wp-image-3258\" title=\"DSC_0382-50\" alt=\"\" src=\"http:\/\/www.susannavaris.com\/blogg\/wp-content\/uploads\/2011\/11\/DSC_0382-50-682x1024.jpg\" width=\"640\" height=\"960\" srcset=\"http:\/\/www.susannavaris.com\/blogg\/wp-content\/uploads\/2011\/11\/DSC_0382-50-682x1024.jpg 682w, http:\/\/www.susannavaris.com\/blogg\/wp-content\/uploads\/2011\/11\/DSC_0382-50-200x300.jpg 200w, http:\/\/www.susannavaris.com\/blogg\/wp-content\/uploads\/2011\/11\/DSC_0382-50.jpg 1536w\" sizes=\"auto, (max-width: 640px) 100vw, 640px\" \/><\/a><em>V\u00e4rldens s\u00f6taste Tiger kom och bes\u00f6kte och pl\u00f6tsligt var ingen intresserad av konsten p\u00e5 v\u00e4ggarna, alla ojade och ooade \u00f6ver den lille hundens gullighet. Men den var n\u00e4stan orimligt s\u00f6t! (Mia M\u00e4kil\u00e4 kom ocks\u00e5 f\u00f6rbi) Foto: Susanna Varis<\/em><\/p>\n<p style=\"text-align: center;\"><a href=\"http:\/\/www.susannavaris.com\/blogg\/wp-content\/uploads\/2011\/11\/DSC_0383-50.jpg\"><img loading=\"lazy\" decoding=\"async\" class=\"aligncenter size-large wp-image-3259\" title=\"DSC_0383-50\" alt=\"\" src=\"http:\/\/www.susannavaris.com\/blogg\/wp-content\/uploads\/2011\/11\/DSC_0383-50-1024x682.jpg\" width=\"640\" height=\"426\" srcset=\"http:\/\/www.susannavaris.com\/blogg\/wp-content\/uploads\/2011\/11\/DSC_0383-50-1024x682.jpg 1024w, http:\/\/www.susannavaris.com\/blogg\/wp-content\/uploads\/2011\/11\/DSC_0383-50-300x200.jpg 300w\" sizes=\"auto, (max-width: 640px) 100vw, 640px\" \/><\/a><em>Jag samtalade om Marilyn Monroe, boken Blonde och fiktionella biografier med den elegante g\u00e4sten. Foto: Ulf Holm\u00e9n<\/em><\/p>\n<p style=\"text-align: center;\"><a href=\"http:\/\/www.susannavaris.com\/blogg\/wp-content\/uploads\/2011\/11\/DSC_0384-50.jpg\"><img loading=\"lazy\" decoding=\"async\" class=\"aligncenter size-large wp-image-3260\" title=\"DSC_0384-50\" alt=\"\" src=\"http:\/\/www.susannavaris.com\/blogg\/wp-content\/uploads\/2011\/11\/DSC_0384-50-1024x682.jpg\" width=\"640\" height=\"426\" srcset=\"http:\/\/www.susannavaris.com\/blogg\/wp-content\/uploads\/2011\/11\/DSC_0384-50-1024x682.jpg 1024w, http:\/\/www.susannavaris.com\/blogg\/wp-content\/uploads\/2011\/11\/DSC_0384-50-300x200.jpg 300w\" sizes=\"auto, (max-width: 640px) 100vw, 640px\" \/><\/a><em>Fotas f\u00f6r SR. Foto: Ulf Holm\u00e9n<\/em><\/p>\n<p style=\"text-align: center;\"><a href=\"http:\/\/www.susannavaris.com\/blogg\/wp-content\/uploads\/2011\/11\/DSC_0385-50-crop.jpg\"><img loading=\"lazy\" decoding=\"async\" class=\"aligncenter size-large wp-image-3261\" title=\"DSC_0385-50-crop\" alt=\"\" src=\"http:\/\/www.susannavaris.com\/blogg\/wp-content\/uploads\/2011\/11\/DSC_0385-50-crop-1024x929.jpg\" width=\"640\" height=\"580\" srcset=\"http:\/\/www.susannavaris.com\/blogg\/wp-content\/uploads\/2011\/11\/DSC_0385-50-crop-1024x929.jpg 1024w, http:\/\/www.susannavaris.com\/blogg\/wp-content\/uploads\/2011\/11\/DSC_0385-50-crop-300x272.jpg 300w, http:\/\/www.susannavaris.com\/blogg\/wp-content\/uploads\/2011\/11\/DSC_0385-50-crop.jpg 1682w\" sizes=\"auto, (max-width: 640px) 100vw, 640px\" \/><\/a><em>Jag med mina tv\u00e5 stora inspirationsk\u00e4llor: Mia M\u00e4kil\u00e4 och Marilyn Manson. Vi ser ut som Michael Palin och Connie Booth i Lumberjack-s\u00e5ngen&#8230;Foto: Susanna Varis<\/em><\/p>\n<p style=\"text-align: center;\"><a href=\"http:\/\/www.susannavaris.com\/blogg\/wp-content\/uploads\/2011\/11\/Lumberjack_Song.jpg\"><img loading=\"lazy\" decoding=\"async\" class=\"aligncenter size-full wp-image-3262\" title=\"Lumberjack_Song\" alt=\"\" src=\"http:\/\/www.susannavaris.com\/blogg\/wp-content\/uploads\/2011\/11\/Lumberjack_Song.jpg\" width=\"540\" height=\"360\" srcset=\"http:\/\/www.susannavaris.com\/blogg\/wp-content\/uploads\/2011\/11\/Lumberjack_Song.jpg 540w, http:\/\/www.susannavaris.com\/blogg\/wp-content\/uploads\/2011\/11\/Lumberjack_Song-300x200.jpg 300w\" sizes=\"auto, (max-width: 540px) 100vw, 540px\" \/><\/a><em>Connie Booth och Michael Palin<\/em><\/p>\n<p style=\"text-align: center;\"><a href=\"http:\/\/www.susannavaris.com\/blogg\/wp-content\/uploads\/2011\/11\/DSC_0386-50.jpg\"><img loading=\"lazy\" decoding=\"async\" class=\"aligncenter size-large wp-image-3263\" title=\"DSC_0386-50\" alt=\"\" src=\"http:\/\/www.susannavaris.com\/blogg\/wp-content\/uploads\/2011\/11\/DSC_0386-50-682x1024.jpg\" width=\"640\" height=\"960\" srcset=\"http:\/\/www.susannavaris.com\/blogg\/wp-content\/uploads\/2011\/11\/DSC_0386-50-682x1024.jpg 682w, http:\/\/www.susannavaris.com\/blogg\/wp-content\/uploads\/2011\/11\/DSC_0386-50-200x300.jpg 200w, http:\/\/www.susannavaris.com\/blogg\/wp-content\/uploads\/2011\/11\/DSC_0386-50.jpg 1536w\" sizes=\"auto, (max-width: 640px) 100vw, 640px\" \/><\/a><em>En konstn\u00e4r fr\u00e5n Sundsvall var en av de sista bes\u00f6karna, Joh fr\u00e5n Lotechcosmos&#8230; Foto: Susanna Varis<\/em><\/p>\n<p style=\"text-align: center;\"><a href=\"http:\/\/www.lotechcosmos.com\/\">http:\/\/www.lotechcosmos.com\/<\/a><\/p>\n<p style=\"text-align: center;\"><a href=\"http:\/\/www.susannavaris.com\/blogg\/wp-content\/uploads\/2011\/11\/DSC_0387-50.jpg\"><img loading=\"lazy\" decoding=\"async\" class=\"aligncenter size-large wp-image-3264\" title=\"DSC_0387-50\" alt=\"\" src=\"http:\/\/www.susannavaris.com\/blogg\/wp-content\/uploads\/2011\/11\/DSC_0387-50-682x1024.jpg\" width=\"640\" height=\"960\" srcset=\"http:\/\/www.susannavaris.com\/blogg\/wp-content\/uploads\/2011\/11\/DSC_0387-50-682x1024.jpg 682w, http:\/\/www.susannavaris.com\/blogg\/wp-content\/uploads\/2011\/11\/DSC_0387-50-200x300.jpg 200w, http:\/\/www.susannavaris.com\/blogg\/wp-content\/uploads\/2011\/11\/DSC_0387-50.jpg 1536w\" sizes=\"auto, (max-width: 640px) 100vw, 640px\" \/><\/a><em>Dags att t\u00f6mma galleriet och st\u00e4da upp. Med all hj\u00e4lp jag fick gick detta som en dans&#8230;<\/em><\/p>\n<p style=\"text-align: center;\"><a href=\"http:\/\/www.susannavaris.com\/blogg\/wp-content\/uploads\/2011\/11\/DSC_0388-crop-50.jpg\"><img loading=\"lazy\" decoding=\"async\" class=\"aligncenter size-large wp-image-3265\" title=\"DSC_0388-crop-50\" alt=\"\" src=\"http:\/\/www.susannavaris.com\/blogg\/wp-content\/uploads\/2011\/11\/DSC_0388-crop-50-752x1024.jpg\" width=\"640\" height=\"871\" srcset=\"http:\/\/www.susannavaris.com\/blogg\/wp-content\/uploads\/2011\/11\/DSC_0388-crop-50-752x1024.jpg 752w, http:\/\/www.susannavaris.com\/blogg\/wp-content\/uploads\/2011\/11\/DSC_0388-crop-50-220x300.jpg 220w, http:\/\/www.susannavaris.com\/blogg\/wp-content\/uploads\/2011\/11\/DSC_0388-crop-50.jpg 1517w\" sizes=\"auto, (max-width: 640px) 100vw, 640px\" \/><\/a><em>Kompisen Mika Kortesaari erbj\u00f6d sig att forsla tavlorna till S\u00f6dert\u00e4lje och det var en j\u00e4ttestor hj\u00e4lp. Han hj\u00e4lpte \u00e4ven till med att spackla v\u00e4ggarna efter spikh\u00e5len och lite diverse&#8230;<\/em><\/p>\n<p style=\"text-align: left;\">Tack vare all hj\u00e4lp jag fick var jag redan hemma i S\u00f6dert\u00e4lje vid 19-tiden. Dagen d\u00e4rp\u00e5, dvs idag skulle jag b\u00f6rja arbetet ca 4.20, s\u00e5 det var v\u00e4lbeh\u00f6vligt. Jag har allts\u00e5 imorse varit p\u00e5 l\u00f6nearbetet, kommit hem, \u00e4tit lunch, sovit n\u00e5gon timma och sitter nu och f\u00f6rs\u00f6ker vakna upp. resten av dagen tar jag ledigt, om jag nu inte m\u00e5ste blogga n\u00e5gon slutkl\u00e4m p\u00e5 den segdragna SCUM-manifestdebatten. Det finns flera artiklar att kommentera p\u00e5 det temat, jag har bara inte hunnit med. Fr\u00e5gan \u00e4r om det \u00e4r l\u00f6nt att g\u00f6ra sig besv\u00e4ret&#8230;?<\/p>\n<p style=\"text-align: left;\">Tavlorna \u00e4r fortfarande nerpackade, s\u00e5 \u00e4ven tv\u00e5 nya b\u00e4bisar fr\u00e5n Mia M\u00e4kil\u00e4 som jag har k\u00f6pt, det st\u00e5r en disk av bibliska dimensioner p\u00e5 diskb\u00e4nken&#8230;men jag tror att jag l\u00e4gger mig p\u00e5 divanen, petar mig i navelluddet och tar det piano en stund. Inget av det d\u00e4r kommer att rymma h\u00e4rifr\u00e5n \u00e4nd\u00e5&#8230;<\/p>\n<p style=\"text-align: center;\"><a href=\"http:\/\/www.susannavaris.com\/blogg\/wp-content\/uploads\/2011\/11\/DSC_0390-50.jpg\"><img loading=\"lazy\" decoding=\"async\" class=\"aligncenter size-large wp-image-3266\" title=\"DSC_0390-50\" alt=\"\" src=\"http:\/\/www.susannavaris.com\/blogg\/wp-content\/uploads\/2011\/11\/DSC_0390-50-1024x682.jpg\" width=\"640\" height=\"426\" srcset=\"http:\/\/www.susannavaris.com\/blogg\/wp-content\/uploads\/2011\/11\/DSC_0390-50-1024x682.jpg 1024w, http:\/\/www.susannavaris.com\/blogg\/wp-content\/uploads\/2011\/11\/DSC_0390-50-300x200.jpg 300w\" sizes=\"auto, (max-width: 640px) 100vw, 640px\" \/><\/a><em>Vacker lilja fr\u00e5n Mia! Liljan till kr\u00e5kan (Lilycrow \u00e4r ju mitt &#8221;firmanamn&#8221;)&#8230;tack sn\u00e4lla Mia f\u00f6r den, f\u00f6r bes\u00f6ket och f\u00f6r all uppmuntran!<\/em><\/p>\n<p style=\"text-align: left;\">Allt som allt \u00e4r jag supern\u00f6jd med utst\u00e4llningen p\u00e5 Galleri Kocks, det har varit helt underbart roligt. Tack alla som kom, s\u00e5g och k\u00f6pte! Tack till \u00e4ven galleristen Maria Holmstr\u00f6m f\u00f6r allt! Ett j\u00e4ttestort tack till mina st\u00f6dtrupper och de som hj\u00e4lpte mig med det praktiska; moderskan, Uffe och Mika! Ni \u00e4r b\u00e4st! Ett stort tack till Mea f\u00f6r intervjun! (Nu l\u00e4gger jag av innan jag b\u00f6rjar l\u00e5ta som ett oscarstal&#8230;)<\/p>\n<p style=\"text-align: left;\">&#8211; : &#8211; : &#8211; : &#8211;<\/p>\n<p style=\"text-align: center;\">Ett par till bilder fr\u00e5n Mia som jag l\u00e5nat:<\/p>\n<p style=\"text-align: center;\"><a href=\"http:\/\/www.susannavaris.com\/blogg\/wp-content\/uploads\/2011\/11\/022.jpg\"><img loading=\"lazy\" decoding=\"async\" class=\"aligncenter size-full wp-image-3324\" title=\"022\" alt=\"\" src=\"http:\/\/www.susannavaris.com\/blogg\/wp-content\/uploads\/2011\/11\/022.jpg\" width=\"400\" height=\"533\" srcset=\"http:\/\/www.susannavaris.com\/blogg\/wp-content\/uploads\/2011\/11\/022.jpg 400w, http:\/\/www.susannavaris.com\/blogg\/wp-content\/uploads\/2011\/11\/022-225x300.jpg 225w\" sizes=\"auto, (max-width: 400px) 100vw, 400px\" \/><\/a><em>Skum kroppsform h\u00e4r, men jag \u00e4r glad i alla fall&#8230;Foto: Mia M\u00e4kil\u00e4<\/em><\/p>\n<p style=\"text-align: center;\"><a href=\"http:\/\/www.susannavaris.com\/blogg\/wp-content\/uploads\/2011\/11\/025.jpg\"><img loading=\"lazy\" decoding=\"async\" class=\"aligncenter size-full wp-image-3325\" title=\"025\" alt=\"\" src=\"http:\/\/www.susannavaris.com\/blogg\/wp-content\/uploads\/2011\/11\/025.jpg\" width=\"600\" height=\"450\" srcset=\"http:\/\/www.susannavaris.com\/blogg\/wp-content\/uploads\/2011\/11\/025.jpg 600w, http:\/\/www.susannavaris.com\/blogg\/wp-content\/uploads\/2011\/11\/025-300x225.jpg 300w\" sizes=\"auto, (max-width: 600px) 100vw, 600px\" \/><\/a><em>Lite &#8221;i\u00b4m a lumberjack&#8230;&#8221; \u00f6ver den h\u00e4r ocks\u00e5&#8230;Foto: Ulf Holm\u00e9n<\/em><\/p>\n<p style=\"text-align: center;\">Mia skrev om dagen p\u00e5 sin blogg:<\/p>\n<p style=\"text-align: center;\"><a href=\"http:\/\/www.miamakila.com\/blogg\/2011\/11\/23\/kocksgatan-tur-och-retur\/\">http:\/\/www.miamakila.com\/blogg\/2011\/11\/23\/kocksgatan-tur-och-retur\/<\/a><\/p>\n","protected":false},"excerpt":{"rendered":"<p>Jaha, den h\u00e4r bilden skulle ju bli lite snajdigt p\u00e5 sne. Nu blev den bara sned p\u00e5 fel s\u00e4tt. Den f\u00e5r f\u00f6lja med i alla fall, jag skyller p\u00e5 lunchmaten och handv\u00e4skan som tyngde ner armarna&#8230; Sista utst\u00e4llningsdagen blev mycket &hellip; <a href=\"http:\/\/www.susannavaris.com\/blogg\/2011\/11\/galleri-kocks-sista-dagen\/\">Forts\u00e4tt l\u00e4sa <span class=\"meta-nav\">&rarr;<\/span><\/a><\/p>\n","protected":false},"author":1,"featured_media":0,"comment_status":"open","ping_status":"open","sticky":false,"template":"","format":"standard","meta":{"footnotes":""},"categories":[7,777,3,12,285,589,1,4],"tags":[927,778,934,935,931,936,414,933,172,930,928,929],"class_list":["post-3248","post","type-post","status-publish","format-standard","hentry","category-egna-verk","category-galleri-kocks","category-konst","category-marilyn-manson","category-marilyn-monroe","category-medier","category-okategoriserade","category-utstallning","tag-anna-kaisa-benje","tag-galleri-kocks-2","tag-joh-lotech-cosmos","tag-lotech-cosmos","tag-mea-salmijarvi","tag-medborgarplatsen","tag-mia-makila","tag-mika-kortesaari","tag-pia-ollila","tag-sisuradio","tag-sr","tag-sveriges-radio"],"_links":{"self":[{"href":"http:\/\/www.susannavaris.com\/blogg\/wp-json\/wp\/v2\/posts\/3248","targetHints":{"allow":["GET"]}}],"collection":[{"href":"http:\/\/www.susannavaris.com\/blogg\/wp-json\/wp\/v2\/posts"}],"about":[{"href":"http:\/\/www.susannavaris.com\/blogg\/wp-json\/wp\/v2\/types\/post"}],"author":[{"embeddable":true,"href":"http:\/\/www.susannavaris.com\/blogg\/wp-json\/wp\/v2\/users\/1"}],"replies":[{"embeddable":true,"href":"http:\/\/www.susannavaris.com\/blogg\/wp-json\/wp\/v2\/comments?post=3248"}],"version-history":[{"count":7,"href":"http:\/\/www.susannavaris.com\/blogg\/wp-json\/wp\/v2\/posts\/3248\/revisions"}],"predecessor-version":[{"id":3323,"href":"http:\/\/www.susannavaris.com\/blogg\/wp-json\/wp\/v2\/posts\/3248\/revisions\/3323"}],"wp:attachment":[{"href":"http:\/\/www.susannavaris.com\/blogg\/wp-json\/wp\/v2\/media?parent=3248"}],"wp:term":[{"taxonomy":"category","embeddable":true,"href":"http:\/\/www.susannavaris.com\/blogg\/wp-json\/wp\/v2\/categories?post=3248"},{"taxonomy":"post_tag","embeddable":true,"href":"http:\/\/www.susannavaris.com\/blogg\/wp-json\/wp\/v2\/tags?post=3248"}],"curies":[{"name":"wp","href":"https:\/\/api.w.org\/{rel}","templated":true}]}}