{"id":3269,"date":"2011-11-25T19:11:17","date_gmt":"2011-11-25T18:11:17","guid":{"rendered":"http:\/\/www.susannavaris.com\/blogg\/?p=3269"},"modified":"2011-11-25T19:11:17","modified_gmt":"2011-11-25T18:11:17","slug":"julafton-25e-november","status":"publish","type":"post","link":"http:\/\/www.susannavaris.com\/blogg\/2011\/11\/julafton-25e-november\/","title":{"rendered":"Julafton, 25:e november"},"content":{"rendered":"<p>Idag hann och orkade jag till slut h\u00e4mta ett paket fr\u00e5n USA som legat p\u00e5 posten ett tag nu och \u00f6ppna paketen inneh\u00e5llandes mina nya b\u00e4bisar fr\u00e5n Mia M\u00e4kil\u00e4.<\/p>\n<p style=\"text-align: center;\"><a href=\"http:\/\/www.susannavaris.com\/blogg\/wp-content\/uploads\/2011\/11\/DSC_0396-50-pixel.jpg\"><img loading=\"lazy\" decoding=\"async\" class=\"aligncenter size-large wp-image-3271\" title=\"DSC_0396-50-pixel\" src=\"http:\/\/www.susannavaris.com\/blogg\/wp-content\/uploads\/2011\/11\/DSC_0396-50-pixel-1024x682.jpg\" alt=\"\" width=\"640\" height=\"426\" srcset=\"http:\/\/www.susannavaris.com\/blogg\/wp-content\/uploads\/2011\/11\/DSC_0396-50-pixel-1024x682.jpg 1024w, http:\/\/www.susannavaris.com\/blogg\/wp-content\/uploads\/2011\/11\/DSC_0396-50-pixel-300x200.jpg 300w\" sizes=\"auto, (max-width: 640px) 100vw, 640px\" \/><\/a><em>Fr\u00e5n min v\u00e4n Hugh&#8230;<\/em><\/p>\n<p style=\"text-align: center;\"><a href=\"http:\/\/www.susannavaris.com\/blogg\/wp-content\/uploads\/2011\/11\/DSC_0400-50.jpg\"><img loading=\"lazy\" decoding=\"async\" class=\"aligncenter size-large wp-image-3272\" title=\"DSC_0400-50\" src=\"http:\/\/www.susannavaris.com\/blogg\/wp-content\/uploads\/2011\/11\/DSC_0400-50-1024x682.jpg\" alt=\"\" width=\"640\" height=\"426\" srcset=\"http:\/\/www.susannavaris.com\/blogg\/wp-content\/uploads\/2011\/11\/DSC_0400-50-1024x682.jpg 1024w, http:\/\/www.susannavaris.com\/blogg\/wp-content\/uploads\/2011\/11\/DSC_0400-50-300x200.jpg 300w\" sizes=\"auto, (max-width: 640px) 100vw, 640px\" \/><\/a><em>Paketet inneh\u00e5ller en bok och en dvd&#8230;<\/em><\/p>\n<p style=\"text-align: center;\"><a href=\"http:\/\/www.susannavaris.com\/blogg\/wp-content\/uploads\/2011\/11\/DSC_0398-50.jpg\"><img loading=\"lazy\" decoding=\"async\" class=\"aligncenter size-large wp-image-3273\" title=\"DSC_0398-50\" src=\"http:\/\/www.susannavaris.com\/blogg\/wp-content\/uploads\/2011\/11\/DSC_0398-50-1024x682.jpg\" alt=\"\" width=\"640\" height=\"426\" srcset=\"http:\/\/www.susannavaris.com\/blogg\/wp-content\/uploads\/2011\/11\/DSC_0398-50-1024x682.jpg 1024w, http:\/\/www.susannavaris.com\/blogg\/wp-content\/uploads\/2011\/11\/DSC_0398-50-300x200.jpg 300w\" sizes=\"auto, (max-width: 640px) 100vw, 640px\" \/><\/a><em>Brian Warner aka Marilyn Mansons senaste projekt &#8221;Born Villain&#8221;, som verkar vara det som ges ut ist\u00e4llet f\u00f6r ett traditionellt musikalbum. Foto: Susanna Varis<\/em><\/p>\n<p style=\"text-align: center;\"><a href=\"http:\/\/www.susannavaris.com\/blogg\/wp-content\/uploads\/2011\/11\/DSC_0399-50.jpg\"><img loading=\"lazy\" decoding=\"async\" class=\"aligncenter size-large wp-image-3274\" title=\"DSC_0399-50\" src=\"http:\/\/www.susannavaris.com\/blogg\/wp-content\/uploads\/2011\/11\/DSC_0399-50-1024x682.jpg\" alt=\"\" width=\"640\" height=\"426\" srcset=\"http:\/\/www.susannavaris.com\/blogg\/wp-content\/uploads\/2011\/11\/DSC_0399-50-1024x682.jpg 1024w, http:\/\/www.susannavaris.com\/blogg\/wp-content\/uploads\/2011\/11\/DSC_0399-50-300x200.jpg 300w\" sizes=\"auto, (max-width: 640px) 100vw, 640px\" \/><\/a><em>Signerad och allt&#8230;<\/em><\/p>\n<p style=\"text-align: left;\">Det ska bli sp\u00e4nnande att se vad paketet inneb\u00e4r egentligen. Jag har sett ett mycket starkt videoklipp med musik som gavs ut p\u00e5 n\u00e4tet som reklam. Projektet ska tydligen handla om de f\u00f6r marilyn Manson och Shia le Beouf gemensamma milj\u00f6erna i L.A. Jag har ingen aning om vad jag ska f\u00f6rv\u00e4nta mig.<\/p>\n<p style=\"text-align: center;\"><a href=\"http:\/\/www.susannavaris.com\/blogg\/wp-content\/uploads\/2011\/11\/DSC_0401-50.jpg\"><img loading=\"lazy\" decoding=\"async\" class=\"aligncenter size-large wp-image-3275\" title=\"DSC_0401-50\" src=\"http:\/\/www.susannavaris.com\/blogg\/wp-content\/uploads\/2011\/11\/DSC_0401-50-682x1024.jpg\" alt=\"\" width=\"640\" height=\"960\" srcset=\"http:\/\/www.susannavaris.com\/blogg\/wp-content\/uploads\/2011\/11\/DSC_0401-50-682x1024.jpg 682w, http:\/\/www.susannavaris.com\/blogg\/wp-content\/uploads\/2011\/11\/DSC_0401-50-200x300.jpg 200w, http:\/\/www.susannavaris.com\/blogg\/wp-content\/uploads\/2011\/11\/DSC_0401-50.jpg 1536w\" sizes=\"auto, (max-width: 640px) 100vw, 640px\" \/><\/a><a href=\"http:\/\/www.susannavaris.com\/blogg\/wp-content\/uploads\/2011\/11\/DSC_0402-50.jpg\"><img loading=\"lazy\" decoding=\"async\" class=\"aligncenter size-large wp-image-3276\" title=\"DSC_0402-50\" src=\"http:\/\/www.susannavaris.com\/blogg\/wp-content\/uploads\/2011\/11\/DSC_0402-50-1024x682.jpg\" alt=\"\" width=\"640\" height=\"426\" srcset=\"http:\/\/www.susannavaris.com\/blogg\/wp-content\/uploads\/2011\/11\/DSC_0402-50-1024x682.jpg 1024w, http:\/\/www.susannavaris.com\/blogg\/wp-content\/uploads\/2011\/11\/DSC_0402-50-300x200.jpg 300w\" sizes=\"auto, (max-width: 640px) 100vw, 640px\" \/><\/a><em>Mina tv\u00e5 nya, helt underbara b\u00e4bisar fr\u00e5n Mia M\u00e4kil\u00e4. nu m\u00e5ste jag hitta bra platser \u00e5t dem&#8230;Foto: Susanna Varis<\/em><\/p>\n<p style=\"text-align: left;\">I helgen \u00e4r vi lediga, men imorgon blir det full rulle med Tomas Johanssons vernissage p\u00e5 Galleri Kocks, 50-\u00e5rsfirande + Blaskan-m\u00f6te + annat m\u00f6te (som Michelin har kokat ihop) i Kallh\u00e4ll. S\u00f6ndagen m\u00e5ste bli helt ledig.<\/p>\n<p style=\"text-align: left;\">Men det var v\u00e4ldigt trevligt att pigga upp sig med ett litet julafton s\u00e5 h\u00e4r i novemberm\u00f6rkret&#8230;. :)<\/p>\n","protected":false},"excerpt":{"rendered":"<p>Idag hann och orkade jag till slut h\u00e4mta ett paket fr\u00e5n USA som legat p\u00e5 posten ett tag nu och \u00f6ppna paketen inneh\u00e5llandes mina nya b\u00e4bisar fr\u00e5n Mia M\u00e4kil\u00e4. Fr\u00e5n min v\u00e4n Hugh&#8230; Paketet inneh\u00e5ller en bok och en dvd&#8230; &hellip; <a href=\"http:\/\/www.susannavaris.com\/blogg\/2011\/11\/julafton-25e-november\/\">Forts\u00e4tt l\u00e4sa <span class=\"meta-nav\">&rarr;<\/span><\/a><\/p>\n","protected":false},"author":1,"featured_media":0,"comment_status":"open","ping_status":"open","sticky":false,"template":"","format":"standard","meta":{"footnotes":""},"categories":[777,13,3,12,1],"tags":[937,16,414],"class_list":["post-3269","post","type-post","status-publish","format-standard","hentry","category-galleri-kocks","category-inspiration","category-konst","category-marilyn-manson","category-okategoriserade","tag-born-villain","tag-marilyn-manson-2","tag-mia-makila"],"_links":{"self":[{"href":"http:\/\/www.susannavaris.com\/blogg\/wp-json\/wp\/v2\/posts\/3269","targetHints":{"allow":["GET"]}}],"collection":[{"href":"http:\/\/www.susannavaris.com\/blogg\/wp-json\/wp\/v2\/posts"}],"about":[{"href":"http:\/\/www.susannavaris.com\/blogg\/wp-json\/wp\/v2\/types\/post"}],"author":[{"embeddable":true,"href":"http:\/\/www.susannavaris.com\/blogg\/wp-json\/wp\/v2\/users\/1"}],"replies":[{"embeddable":true,"href":"http:\/\/www.susannavaris.com\/blogg\/wp-json\/wp\/v2\/comments?post=3269"}],"version-history":[{"count":2,"href":"http:\/\/www.susannavaris.com\/blogg\/wp-json\/wp\/v2\/posts\/3269\/revisions"}],"predecessor-version":[{"id":3278,"href":"http:\/\/www.susannavaris.com\/blogg\/wp-json\/wp\/v2\/posts\/3269\/revisions\/3278"}],"wp:attachment":[{"href":"http:\/\/www.susannavaris.com\/blogg\/wp-json\/wp\/v2\/media?parent=3269"}],"wp:term":[{"taxonomy":"category","embeddable":true,"href":"http:\/\/www.susannavaris.com\/blogg\/wp-json\/wp\/v2\/categories?post=3269"},{"taxonomy":"post_tag","embeddable":true,"href":"http:\/\/www.susannavaris.com\/blogg\/wp-json\/wp\/v2\/tags?post=3269"}],"curies":[{"name":"wp","href":"https:\/\/api.w.org\/{rel}","templated":true}]}}