{"id":3280,"date":"2011-11-25T21:26:03","date_gmt":"2011-11-25T20:26:03","guid":{"rendered":"http:\/\/www.susannavaris.com\/blogg\/?p=3280"},"modified":"2011-11-25T21:26:03","modified_gmt":"2011-11-25T20:26:03","slug":"sista-scummet","status":"publish","type":"post","link":"http:\/\/www.susannavaris.com\/blogg\/2011\/11\/sista-scummet\/","title":{"rendered":"Sista scummet"},"content":{"rendered":"<p style=\"text-align: center;\"><a href=\"http:\/\/www.susannavaris.com\/blogg\/wp-content\/uploads\/2011\/11\/scumandrea.jpg\"><img loading=\"lazy\" decoding=\"async\" class=\"aligncenter size-full wp-image-3281\" title=\"scumandrea\" src=\"http:\/\/www.susannavaris.com\/blogg\/wp-content\/uploads\/2011\/11\/scumandrea.jpg\" alt=\"\" width=\"800\" height=\"450\" srcset=\"http:\/\/www.susannavaris.com\/blogg\/wp-content\/uploads\/2011\/11\/scumandrea.jpg 800w, http:\/\/www.susannavaris.com\/blogg\/wp-content\/uploads\/2011\/11\/scumandrea-300x168.jpg 300w\" sizes=\"auto, (max-width: 800px) 100vw, 800px\" \/><\/a><em>Andrea Edwards. Foto: Aftonbladet<\/em><\/p>\n<p style=\"text-align: center;\"><a href=\"http:\/\/www.susannavaris.com\/blogg\/wp-content\/uploads\/2011\/11\/scumholmstr\u00f6m.jpg\"><img loading=\"lazy\" decoding=\"async\" class=\"aligncenter size-full wp-image-3282\" title=\"scumholmstr\u00f6m\" src=\"http:\/\/www.susannavaris.com\/blogg\/wp-content\/uploads\/2011\/11\/scumholmstr\u00f6m.jpg\" alt=\"\" width=\"220\" height=\"293\" \/><\/a><em>Erik Holmstr\u00f6m. Foto: ungatur-ensemblearkiv<\/em><\/p>\n<p>Ig\u00e5r deltog sk\u00e5despelaren Andrea Edwards och regiss\u00f6ren Erik Holmstr\u00f6m i programmet Debatt p\u00e5 SVT. Som motparter i debatten fanns bl a genusdebatt\u00f6rerna Pelle Billing och Per Str\u00f6m. Allt handlar f\u00f6rst\u00e5s om SCUM-manifestet och Turteatern. Turerna kring denna upps\u00e4ttning och reaktionerna p\u00e5 den har varit minst sagt m\u00e5nga och omst\u00e4ndiga och jag kan inte redog\u00f6ra f\u00f6r allt h\u00e4r.<\/p>\n<p>Varf\u00f6r s\u00e4tter man upp denna text, skriven av en djupt st\u00f6rd person och som f\u00f6respr\u00e5kar v\u00e5ld just nu, just h\u00e4r? Jag skrev kort om detta tidigare. Jag har fortfarande inte l\u00e4st manifestet och t\u00e4nker inte spendera pengar p\u00e5 upps\u00e4ttningen, men jag dristar mig till att \u00e4nd\u00e5 reflektera kring allt detta.<\/p>\n<p>\u00c5ter till fr\u00e5gan; varf\u00f6r nu, varf\u00f6r h\u00e4r?<\/p>\n<p>Det korta svaret p\u00e5 f\u00f6rsta delen \u00e4r att man hos Turteatern hittills f\u00f6rt en relativt anonym tillvaro, man kanske ville s\u00e4tta sig sj\u00e4lva p\u00e5 kartan? H\u00f6ras i bruset? I s\u00e5 fall har man lyckats med r\u00e5ge. Gammelmedia, bloggare, allt och alla har reagerat, Dramaten \u00e4r med p\u00e5 ett h\u00f6rn f\u00f6r att f\u00f6rsvara den konstn\u00e4rliga friheten. De flesta som inte bor under en sten k\u00e4nner nog till Turteatern nu. Mycket lyckad reklam. Det g\u00e4ller att chocka i dessa tider.<\/p>\n<p>Gl\u00e4dje p\u00e5 Turteatern:\u00a0<a href=\"http:\/\/turteatern.se\/2011\/11\/18\/succe-for-scum-manifestet-nastan-slutsalt\/\">http:\/\/turteatern.se\/2011\/11\/18\/succe-for-scum-manifestet-nastan-slutsalt\/<\/a><\/p>\n<p>Men jag tror inte att man erk\u00e4nner dessa krasst kommersiella och medie-exponeringsystra motiven, man vill framst\u00e5 som de f\u00f6rtrycktas spr\u00e5kr\u00f6r, de okunnigas upplysare och som en spridare av ett j\u00e4mlikhetsevangelium \u00e5t kommande generationer. Det b\u00e4sta s\u00e4ttet att g\u00f6ra detta \u00e4r ju att plocka upp en mycket kontroversiell text (\u00e4ven sk\u00e5despelaren sj\u00e4lv sade sig ha sv\u00e5righeter att l\u00e4sa den f\u00f6rsta g\u00e5ngen), som i korthet f\u00f6rklarar att m\u00e4n p\u00e5 alla s\u00e4tt \u00e4r usla, vidriga, icke existensber\u00e4ttigade och borde utpl\u00e5nas och visa den f\u00f6r gymnasieungdom. Detta s\u00e4gs nu vara en spegelbild av vad framtr\u00e4dande m\u00e4n genom historien har uttryckt om kvinnor. (P\u00e4r Str\u00f6m ville veta vilken man som har skrivit att kvinnor borde utpl\u00e5nas, han fick inget svar).<\/p>\n<p>Ja, vi k\u00e4nner till att det historiskt har existerat olika f\u00f6rtryck och att det fortfarande existerar allehanda f\u00f6rtryck. Men p\u00e5 vad s\u00e4tt \u00e4r det relevant att d\u00e4nga denna form av koncentrerad manshat (under t\u00e4ckmantel att det handlar om spegelv\u00e4nd kvinnohat) i huvudet p\u00e5 gymnasieungdomar?<\/p>\n<p>Andrea Edwards s\u00e4ger att f\u00f6r en person som inte erk\u00e4nner patriarkatet kan ju ha sv\u00e5rt att f\u00f6rst\u00e5 detta. Och s\u00e5 \u00e4r det ju, bek\u00e4nner man sig inte till tron p\u00e5 patriarkatet, blir det sv\u00e5rt att ta till sig resten.<\/p>\n<p style=\"text-align: center;\"><a href=\"http:\/\/www.susannavaris.com\/blogg\/wp-content\/uploads\/2011\/11\/scumyelahnet.jpg\"><img loading=\"lazy\" decoding=\"async\" class=\"aligncenter size-full wp-image-3283\" title=\"scumyelahnet\" src=\"http:\/\/www.susannavaris.com\/blogg\/wp-content\/uploads\/2011\/11\/scumyelahnet.jpg\" alt=\"\" width=\"604\" height=\"516\" srcset=\"http:\/\/www.susannavaris.com\/blogg\/wp-content\/uploads\/2011\/11\/scumyelahnet.jpg 604w, http:\/\/www.susannavaris.com\/blogg\/wp-content\/uploads\/2011\/11\/scumyelahnet-300x256.jpg 300w\" sizes=\"auto, (max-width: 604px) 100vw, 604px\" \/><\/a><em>Jag googlade p\u00e5 &#8221;patriarkat&#8221; och denna bild fr\u00e5n Pride-festivalen d\u00f6k upp. Foto: yelah.net<\/em><\/p>\n<p><strong>patriarka\u00b4t<\/strong>, familje- eller samh\u00e4llssystem d\u00e4r den politiska och ekonomiska makten, b\u00e5de inom hush\u00e5llet och i den offentliga sf\u00e4ren, innehas av \u00e4ldre m\u00e4n, och d\u00e4r f\u00f6ljaktligen varken kvinnor eller yngre m\u00e4n deltar i det formella beslutsfattandet.<\/p>\n<p><em>NE (korta versionen)<\/em><\/p>\n<p>Jag anser inte att patriarkat (i form denna korta definition) \u00e4r ett relevant beskrivning f\u00f6r Sverige, \u00e5r 2011. (Jag g\u00e5r inte in h\u00e4r p\u00e5 varf\u00f6r jag inte anser detta, det kr\u00e4ver en l\u00e4ngre utl\u00e4ggning). Feminismens patriarkat, som ju kan se ut p\u00e5 en uppsj\u00f6 av olika s\u00e4tt, \u00e4r en annan sak.<\/p>\n<p>I studion ser jag ett antal personer som inte \u00e4r vana att bli ifr\u00e5gasatta, som anser sig sitta p\u00e5 den &#8221;korrekta sanningen&#8221;, som h\u00e5nskrattar \u00e5t och avbryter meningsmotst\u00e5ndare, som tar upp en helt irrelevant fr\u00e5ga om varf\u00f6r m\u00e4n \u00e4r \u00f6verrepresenterade i v\u00e5ldsstatistiken (som f\u00f6 P\u00e4r Str\u00f6m p\u00e5 ett beundransv\u00e4rt lugnt och sakligt s\u00e4tt f\u00f6rs\u00f6ker ge ett svar p\u00e5). Personerna jag beskriver \u00e4r inte medlemmar av n\u00e5got patriarkat. Kulturkritikern tycks inte ens ha reflekterat \u00f6ver faktumet att upps\u00e4ttningen n\u00e4rmast unisont har hyllats, ber\u00f6mts och om inte detta, \u00e5tminstone setts som ett viktigt och relevant verk p\u00e5 alla de stora tidningars kultursidor. Patriarkatet har lyst med sin fr\u00e5nvaro. Bortsett fr\u00e5n de i s\u00e4ndningen h\u00e5nade &#8221;moderatm\u00e4nnen&#8221;, en n\u00e4tbaserad grupp som, vad jag f\u00f6rst\u00e5r, hade riktat mothot mot sk\u00e5despelare. Detta handlade tydligen \u00e5terigen om en spegelv\u00e4ndning; hotar ni oss, hotar vi tillbaka.<\/p>\n<p>Konstens frihet och \u00e5sikts- och yttrandefriheten m\u00e5ste alltid f\u00f6rsvaras, men Turteatern m\u00e5ste f\u00f6rst\u00e5 att en s\u00e5dan h\u00e4r upps\u00e4ttning inte den h\u00e4r g\u00e5ngen enbart genererar hurrarop och huvudklappningar. Regiss\u00f6ren Erik Holmstr\u00f6m ber\u00f6mde Athena Farrokhzad, som inte tyckte att upps\u00e4ttningen skulle urs\u00e4ktas som varandes ironi och satir, den skulle allts\u00e5 tas p\u00e5 fullaste allvar. Varf\u00f6r \u00e4r man d\u00e5 f\u00f6rv\u00e5nad \u00f6ver reaktionerna? (Jag tror egentligen inte att man \u00e4r det; mycket krokodilt\u00e5rar, mycket klirr i kassan&#8230;) Dessutom \u00e4r ju inte detta p\u00e5 det s\u00e4ttet provocerande, om det \u00e4r n\u00e5gra som det har varit politiskt helt accepterat att hacka p\u00e5 de senaste decennierna, s\u00e5 \u00e4r det just m\u00e4nnen. Upps\u00e4ttningen ser bara till att med ett politiskt korrekt riktat hat skapa uppm\u00e4rksamhet kring sin verksamhet.<\/p>\n<p>F\u00f6r varje unders\u00f6kning i feminist- och genusv\u00e4rlden k\u00e4nns Per Str\u00f6m mer och mer vettig. Jag var mycket skeptisk till honom och ans\u00e5g honom v\u00e4ldigt extrem innan jag b\u00f6rjade l\u00e4sa och ta reda p\u00e5 vad den moderna feminismen egentligen st\u00e5r f\u00f6r och g\u00f6r, i akademierna och i media. Jag h\u00e5ller inte med P\u00e4r Str\u00f6m i allt, men han framst\u00e5r ofta som ett under av balans och objektivitet i j\u00e4mf\u00f6relse med m\u00e5nga feminister och genusteoretiker, om man bem\u00f6dar sig om att ta reda p\u00e5 och reflektera \u00f6ver hur det verkligen ser ut.<\/p>\n<p>Mina tidigare bloggposter p\u00e5 temat:<\/p>\n<p><a href=\"http:\/\/www.susannavaris.com\/blogg\/2011\/11\/dagens-blodtryckshojare-4\/\">http:\/\/www.susannavaris.com\/blogg\/2011\/11\/dagens-blodtryckshojare-4\/<\/a><\/p>\n<p><a href=\"http:\/\/www.susannavaris.com\/blogg\/2011\/11\/pre-vernissage-pa-kocks\/\">http:\/\/www.susannavaris.com\/blogg\/2011\/11\/pre-vernissage-pa-kocks\/<\/a><\/p>\n<p>Artiklar (n\u00e4rmast unisont positiva) om Scum p\u00e5 Turteatern:<\/p>\n<p><a href=\"http:\/\/www.stockholmsfria.nu\/artikel\/90767\">http:\/\/www.stockholmsfria.nu\/artikel\/90767<\/a><\/p>\n<p><a href=\"http:\/\/www.svd.se\/kultur\/scen\/vassa-pilar-kastas-med-full-kraft_6618748.svd\">http:\/\/www.svd.se\/kultur\/scen\/vassa-pilar-kastas-med-full-kraft_6618748.svd<\/a><\/p>\n<p><a href=\"http:\/\/www.dn.se\/kultur-noje\/scenrecensioner\/scummanifestet-pa-turteatern\">http:\/\/www.dn.se\/kultur-noje\/scenrecensioner\/scummanifestet-pa-turteatern<\/a><\/p>\n<p><a href=\"http:\/\/www.svd.se\/kultur\/dramatenskadisar-laser-scum_6646164.svd\">http:\/\/www.svd.se\/kultur\/dramatenskadisar-laser-scum_6646164.svd<\/a><\/p>\n<p><a href=\"http:\/\/www.stockholmsfria.nu\/artikel\/90675\">http:\/\/www.stockholmsfria.nu\/artikel\/90675<\/a><\/p>\n<p><a href=\"http:\/\/www.expressen.se\/kultur\/1.2623751\/scummanifestet-turteatern\">http:\/\/www.expressen.se\/kultur\/1.2623751\/scummanifestet-turteatern<\/a><\/p>\n<p><a href=\"http:\/\/www.expressen.se\/1.2630390\">http:\/\/www.expressen.se\/1.2630390<\/a><\/p>\n<p><a href=\"http:\/\/www.dn.se\/ledare\/signerat\/genuspirayorna-tar-over-akvariet\">http:\/\/www.dn.se\/ledare\/signerat\/genuspirayorna-tar-over-akvariet<\/a><\/p>\n<p><a href=\"http:\/\/www.aftonbladet.se\/kultur\/article13914409.ab\">http:\/\/www.aftonbladet.se\/kultur\/article13914409.ab<\/a><\/p>\n<p>Athena Farrokhzad:<\/p>\n<p><a href=\"http:\/\/www.aftonbladet.se\/kultur\/article13952706.ab\">http:\/\/www.aftonbladet.se\/kultur\/article13952706.ab<\/a><\/p>\n<p>Clara T\u00f6rnvall skriver en minst sagt f\u00f6rvirrad j\u00e4mf\u00f6relse mellan SCUM p\u00e5 Turteatern och Micael Dahl\u00e9ns bok Monster:<\/p>\n<p><a href=\"http:\/\/www.aftonbladet.se\/kultur\/article13956244.ab\">http:\/\/www.aftonbladet.se\/kultur\/article13956244.ab<\/a><\/p>\n<p>Erik Holmstr\u00f6m svarar Athena Farrokhzad:<\/p>\n<p><a href=\"http:\/\/www.aftonbladet.se\/kultur\/article13972013.ab\">http:\/\/www.aftonbladet.se\/kultur\/article13972013.ab<\/a><\/p>\n<p>&nbsp;<\/p>\n","protected":false},"excerpt":{"rendered":"<p>Andrea Edwards. Foto: Aftonbladet Erik Holmstr\u00f6m. Foto: ungatur-ensemblearkiv Ig\u00e5r deltog sk\u00e5despelaren Andrea Edwards och regiss\u00f6ren Erik Holmstr\u00f6m i programmet Debatt p\u00e5 SVT. Som motparter i debatten fanns bl a genusdebatt\u00f6rerna Pelle Billing och Per Str\u00f6m. Allt handlar f\u00f6rst\u00e5s om SCUM-manifestet &hellip; <a href=\"http:\/\/www.susannavaris.com\/blogg\/2011\/11\/sista-scummet\/\">Forts\u00e4tt l\u00e4sa <span class=\"meta-nav\">&rarr;<\/span><\/a><\/p>\n","protected":false},"author":1,"featured_media":0,"comment_status":"open","ping_status":"open","sticky":false,"template":"","format":"standard","meta":{"footnotes":""},"categories":[178,181,259,674,589,1,590,403,303,384],"tags":[939,913,719,940,908,938,906],"class_list":["post-3280","post","type-post","status-publish","format-standard","hentry","category-blodtryckshojare","category-feminism","category-genusvetenskap","category-historia","category-medier","category-okategoriserade","category-politik","category-pseudovetenskap","category-religion","category-tv","tag-andrea-edwards","tag-athena-farrokhzad","tag-debatt","tag-erik-holmstrom","tag-scum-manifestet","tag-svt","tag-turteatern"],"_links":{"self":[{"href":"http:\/\/www.susannavaris.com\/blogg\/wp-json\/wp\/v2\/posts\/3280","targetHints":{"allow":["GET"]}}],"collection":[{"href":"http:\/\/www.susannavaris.com\/blogg\/wp-json\/wp\/v2\/posts"}],"about":[{"href":"http:\/\/www.susannavaris.com\/blogg\/wp-json\/wp\/v2\/types\/post"}],"author":[{"embeddable":true,"href":"http:\/\/www.susannavaris.com\/blogg\/wp-json\/wp\/v2\/users\/1"}],"replies":[{"embeddable":true,"href":"http:\/\/www.susannavaris.com\/blogg\/wp-json\/wp\/v2\/comments?post=3280"}],"version-history":[{"count":6,"href":"http:\/\/www.susannavaris.com\/blogg\/wp-json\/wp\/v2\/posts\/3280\/revisions"}],"predecessor-version":[{"id":3289,"href":"http:\/\/www.susannavaris.com\/blogg\/wp-json\/wp\/v2\/posts\/3280\/revisions\/3289"}],"wp:attachment":[{"href":"http:\/\/www.susannavaris.com\/blogg\/wp-json\/wp\/v2\/media?parent=3280"}],"wp:term":[{"taxonomy":"category","embeddable":true,"href":"http:\/\/www.susannavaris.com\/blogg\/wp-json\/wp\/v2\/categories?post=3280"},{"taxonomy":"post_tag","embeddable":true,"href":"http:\/\/www.susannavaris.com\/blogg\/wp-json\/wp\/v2\/tags?post=3280"}],"curies":[{"name":"wp","href":"https:\/\/api.w.org\/{rel}","templated":true}]}}