{"id":3319,"date":"2011-11-27T21:29:32","date_gmt":"2011-11-27T20:29:32","guid":{"rendered":"http:\/\/www.susannavaris.com\/blogg\/?p=3319"},"modified":"2011-12-07T22:32:19","modified_gmt":"2011-12-07T21:32:19","slug":"sisuradio-sveriges-radio","status":"publish","type":"post","link":"http:\/\/www.susannavaris.com\/blogg\/2011\/11\/sisuradio-sveriges-radio\/","title":{"rendered":"Sisuradio \/ Sveriges radio"},"content":{"rendered":"<p style=\"text-align: center;\">\n<p style=\"text-align: center;\"><a href=\"http:\/\/www.susannavaris.com\/blogg\/wp-content\/uploads\/2011\/11\/sisuradio01.jpg\"><img loading=\"lazy\" decoding=\"async\" class=\"size-full wp-image-3414 alignnone\" title=\"sisuradio01\" src=\"http:\/\/www.susannavaris.com\/blogg\/wp-content\/uploads\/2011\/11\/sisuradio01.jpg\" alt=\"\" width=\"845\" height=\"634\" srcset=\"http:\/\/www.susannavaris.com\/blogg\/wp-content\/uploads\/2011\/11\/sisuradio01.jpg 845w, http:\/\/www.susannavaris.com\/blogg\/wp-content\/uploads\/2011\/11\/sisuradio01-300x225.jpg 300w\" sizes=\"auto, (max-width: 845px) 100vw, 845px\" \/><\/a><\/p>\n<p style=\"text-align: center;\"><em>Faksimil fr\u00e5n SR\/Sisuradio. Jag p\u00e5 Galleri Kocks. Foto: Mea Salmij\u00e4rvi, Sisuradio\/Sveriges radio<\/em><\/p>\n<p>I onsdags n\u00e4r jag fortfarande hade utst\u00e4llningen p\u00e5 Kocks med Veronica, var ju Mea Salmij\u00e4rvi fr\u00e5n Sisuradio d\u00e4r och intervjuade mig. H\u00e4r kan man nu lyssna p\u00e5 mig, den h\u00e4r g\u00e5ngen p\u00e5 finska, och se ett bildspel:<\/p>\n<p><a href=\"http:\/\/sverigesradio.se\/sida\/artikel.aspx?programid=2532&amp;artikel=4823094\">http:\/\/sverigesradio.se\/sida\/artikel.aspx?programid=2532&amp;artikel=4823094<\/a><\/p>\n<p>&nbsp;<\/p>\n","protected":false},"excerpt":{"rendered":"<p>Faksimil fr\u00e5n SR\/Sisuradio. Jag p\u00e5 Galleri Kocks. Foto: Mea Salmij\u00e4rvi, Sisuradio\/Sveriges radio I onsdags n\u00e4r jag fortfarande hade utst\u00e4llningen p\u00e5 Kocks med Veronica, var ju Mea Salmij\u00e4rvi fr\u00e5n Sisuradio d\u00e4r och intervjuade mig. H\u00e4r kan man nu lyssna p\u00e5 mig, &hellip; <a href=\"http:\/\/www.susannavaris.com\/blogg\/2011\/11\/sisuradio-sveriges-radio\/\">Forts\u00e4tt l\u00e4sa <span class=\"meta-nav\">&rarr;<\/span><\/a><\/p>\n","protected":false},"author":1,"featured_media":0,"comment_status":"open","ping_status":"open","sticky":false,"template":"","format":"standard","meta":{"footnotes":""},"categories":[7,777,3,285,589,1,4],"tags":[794,778,930,928,947,929,779],"class_list":["post-3319","post","type-post","status-publish","format-standard","hentry","category-egna-verk","category-galleri-kocks","category-konst","category-marilyn-monroe","category-medier","category-okategoriserade","category-utstallning","tag-dark","tag-galleri-kocks-2","tag-sisuradio","tag-sr","tag-susanna-varis","tag-sveriges-radio","tag-veronica-strandberg"],"_links":{"self":[{"href":"http:\/\/www.susannavaris.com\/blogg\/wp-json\/wp\/v2\/posts\/3319","targetHints":{"allow":["GET"]}}],"collection":[{"href":"http:\/\/www.susannavaris.com\/blogg\/wp-json\/wp\/v2\/posts"}],"about":[{"href":"http:\/\/www.susannavaris.com\/blogg\/wp-json\/wp\/v2\/types\/post"}],"author":[{"embeddable":true,"href":"http:\/\/www.susannavaris.com\/blogg\/wp-json\/wp\/v2\/users\/1"}],"replies":[{"embeddable":true,"href":"http:\/\/www.susannavaris.com\/blogg\/wp-json\/wp\/v2\/comments?post=3319"}],"version-history":[{"count":4,"href":"http:\/\/www.susannavaris.com\/blogg\/wp-json\/wp\/v2\/posts\/3319\/revisions"}],"predecessor-version":[{"id":3415,"href":"http:\/\/www.susannavaris.com\/blogg\/wp-json\/wp\/v2\/posts\/3319\/revisions\/3415"}],"wp:attachment":[{"href":"http:\/\/www.susannavaris.com\/blogg\/wp-json\/wp\/v2\/media?parent=3319"}],"wp:term":[{"taxonomy":"category","embeddable":true,"href":"http:\/\/www.susannavaris.com\/blogg\/wp-json\/wp\/v2\/categories?post=3319"},{"taxonomy":"post_tag","embeddable":true,"href":"http:\/\/www.susannavaris.com\/blogg\/wp-json\/wp\/v2\/tags?post=3319"}],"curies":[{"name":"wp","href":"https:\/\/api.w.org\/{rel}","templated":true}]}}