{"id":3329,"date":"2011-11-28T11:19:32","date_gmt":"2011-11-28T10:19:32","guid":{"rendered":"http:\/\/www.susannavaris.com\/blogg\/?p=3329"},"modified":"2011-11-28T11:19:32","modified_gmt":"2011-11-28T10:19:32","slug":"sondagsbikt","status":"publish","type":"post","link":"http:\/\/www.susannavaris.com\/blogg\/2011\/11\/sondagsbikt\/","title":{"rendered":"S\u00f6ndagsbikt"},"content":{"rendered":"<p>Det var inget vidare v\u00e4der f\u00f6r den efterl\u00e4ngtade promenaden. H\u00e4ftiga vindar, m\u00f6rka skyar, knappt n\u00e5got ljus tr\u00e4ngde in genom molnen, sm\u00e5 regnskurar sn\u00e4rtade ner i omg\u00e5ngar. Men skam den som ger sig, jag kunde inte t\u00e4nka mig att stanna inne och vara or\u00f6rlig l\u00e4ngre. Den h\u00e4r g\u00e5ngen hade vi tur, n\u00e4r vi v\u00e4l tog oss ut, blev det lite b\u00e4ttre. Molnt\u00e4cket sprack upp, solen sken och gav ett dramatiskt ljus mot de m\u00f6rka skyarna. Molnens kanter skimrade i guld och landskapet f\u00e4rgades i intensiv palett.<\/p>\n<p style=\"text-align: center;\"><a href=\"http:\/\/www.susannavaris.com\/blogg\/wp-content\/uploads\/2011\/11\/111128-001.jpg\"><img loading=\"lazy\" decoding=\"async\" class=\"aligncenter size-large wp-image-3330\" title=\"111128 001\" src=\"http:\/\/www.susannavaris.com\/blogg\/wp-content\/uploads\/2011\/11\/111128-001-1024x768.jpg\" alt=\"\" width=\"640\" height=\"480\" srcset=\"http:\/\/www.susannavaris.com\/blogg\/wp-content\/uploads\/2011\/11\/111128-001-1024x768.jpg 1024w, http:\/\/www.susannavaris.com\/blogg\/wp-content\/uploads\/2011\/11\/111128-001-300x225.jpg 300w\" sizes=\"auto, (max-width: 640px) 100vw, 640px\" \/><\/a><em>Lunch p\u00e5 Nancy\u00b4s Lounge i Telgegallerian.<\/em><\/p>\n<p style=\"text-align: left;\">D\u00e4r satt vi p\u00e5 Nancy\u00b4s Lounge och bland meze-tuggorna lade jag ut texten om hur jag ogillar den kommersiella hysterin kring jul. Vi best\u00e4mde oss f\u00f6r en \u00f6vre gr\u00e4ns p\u00e5 200 kronor f\u00f6r julklapparna. Det jag tycker om med julen \u00e4r v\u00e5r tradition med julbord p\u00e5 Ulla Winbladh p\u00e5 Djurg\u00e5rden, en julkonsert, helst i n\u00e5gon kyrka, lugn och ro och umg\u00e4nge, kanske tom g\u00e5 iv\u00e4g p\u00e5 julotta p\u00e5 S:ta Ragnhilds kyrka. (H\u00e4r m\u00e5ste jag p\u00e5peka att jag inte \u00e4r s\u00e4rskilt religi\u00f6s, anser mig inte ha n\u00e5gon vettig definition p\u00e5 gud att varken s\u00f6ka bevis f\u00f6r eller mot och hyser \u00e4ven stark kritik till stora delar av kyrkan och vad den under \u00e5rtusendena har f\u00f6rvr\u00e4ngt ursprungsbudskapet till, men jag uppskattar den vackra milj\u00f6n och lugnet.) Vi dr\u00f6mde oss vidare till Wien, som vi bes\u00f6kte i januari, de fantastiska staden, juldekorationerna, m\u00e4ssan i Stephansdomen och hur fint det vore att \u00e5ka dit nu f\u00f6re jul.<\/p>\n<p style=\"text-align: left;\">Till Wien kommer vi nog inte f\u00f6re jul, men Indiska kanske har lite snygga saker? (S\u00e4ger jag med ett n\u00f6jt leende, enligt vad beskrivits f\u00f6r mig.)<\/p>\n<p style=\"text-align: center;\"><a href=\"http:\/\/www.susannavaris.com\/blogg\/wp-content\/uploads\/2011\/11\/111128-002.jpg\"><img loading=\"lazy\" decoding=\"async\" class=\"aligncenter size-large wp-image-3331\" title=\"111128 002\" src=\"http:\/\/www.susannavaris.com\/blogg\/wp-content\/uploads\/2011\/11\/111128-002-1024x768.jpg\" alt=\"\" width=\"640\" height=\"480\" srcset=\"http:\/\/www.susannavaris.com\/blogg\/wp-content\/uploads\/2011\/11\/111128-002-1024x768.jpg 1024w, http:\/\/www.susannavaris.com\/blogg\/wp-content\/uploads\/2011\/11\/111128-002-300x225.jpg 300w\" sizes=\"auto, (max-width: 640px) 100vw, 640px\" \/><\/a><em>N\u00e5got snyggt&#8230;<\/em><\/p>\n<p style=\"text-align: left;\">Att jag aldrig l\u00e4r mig. Indiska \u00e4r en f\u00e4lla. Den g\u00e5r n\u00e4sta inte att bes\u00f6ka utan att n\u00e5gonting fastnar i textilierna. S\u00e5 \u00e4ven denna g\u00e5ng. Innan jag vet ordet av st\u00e5r vi utanf\u00f6r gallerian med tv\u00e5 kassar fulla med julpynt och julduk till det sammanlagda v\u00e4rdet av dryga tusenlappen. Vad i hela v\u00e4rlden var det som h\u00e4nde?<\/p>\n<p style=\"text-align: left;\">Mot kommersens krafter k\u00e4mpa en stackars julfirare f\u00f6rg\u00e4ves&#8230;<\/p>\n","protected":false},"excerpt":{"rendered":"<p>Det var inget vidare v\u00e4der f\u00f6r den efterl\u00e4ngtade promenaden. H\u00e4ftiga vindar, m\u00f6rka skyar, knappt n\u00e5got ljus tr\u00e4ngde in genom molnen, sm\u00e5 regnskurar sn\u00e4rtade ner i omg\u00e5ngar. Men skam den som ger sig, jag kunde inte t\u00e4nka mig att stanna inne &hellip; <a href=\"http:\/\/www.susannavaris.com\/blogg\/2011\/11\/sondagsbikt\/\">Forts\u00e4tt l\u00e4sa <span class=\"meta-nav\">&rarr;<\/span><\/a><\/p>\n","protected":false},"author":1,"featured_media":0,"comment_status":"open","ping_status":"open","sticky":false,"template":"","format":"standard","meta":{"footnotes":""},"categories":[213,1,303],"tags":[168,949,948,482,483,950,67],"class_list":["post-3329","post","type-post","status-publish","format-standard","hentry","category-inredning","category-okategoriserade","category-religion","tag-indiska","tag-jul","tag-julfirande","tag-kristendom","tag-kyrkan","tag-stephansdom","tag-wien"],"_links":{"self":[{"href":"http:\/\/www.susannavaris.com\/blogg\/wp-json\/wp\/v2\/posts\/3329","targetHints":{"allow":["GET"]}}],"collection":[{"href":"http:\/\/www.susannavaris.com\/blogg\/wp-json\/wp\/v2\/posts"}],"about":[{"href":"http:\/\/www.susannavaris.com\/blogg\/wp-json\/wp\/v2\/types\/post"}],"author":[{"embeddable":true,"href":"http:\/\/www.susannavaris.com\/blogg\/wp-json\/wp\/v2\/users\/1"}],"replies":[{"embeddable":true,"href":"http:\/\/www.susannavaris.com\/blogg\/wp-json\/wp\/v2\/comments?post=3329"}],"version-history":[{"count":2,"href":"http:\/\/www.susannavaris.com\/blogg\/wp-json\/wp\/v2\/posts\/3329\/revisions"}],"predecessor-version":[{"id":3333,"href":"http:\/\/www.susannavaris.com\/blogg\/wp-json\/wp\/v2\/posts\/3329\/revisions\/3333"}],"wp:attachment":[{"href":"http:\/\/www.susannavaris.com\/blogg\/wp-json\/wp\/v2\/media?parent=3329"}],"wp:term":[{"taxonomy":"category","embeddable":true,"href":"http:\/\/www.susannavaris.com\/blogg\/wp-json\/wp\/v2\/categories?post=3329"},{"taxonomy":"post_tag","embeddable":true,"href":"http:\/\/www.susannavaris.com\/blogg\/wp-json\/wp\/v2\/tags?post=3329"}],"curies":[{"name":"wp","href":"https:\/\/api.w.org\/{rel}","templated":true}]}}