{"id":3341,"date":"2011-12-01T20:37:30","date_gmt":"2011-12-01T19:37:30","guid":{"rendered":"http:\/\/www.susannavaris.com\/blogg\/?p=3341"},"modified":"2011-12-01T22:01:27","modified_gmt":"2011-12-01T21:01:27","slug":"scummet-som-aldrig-tar-slut","status":"publish","type":"post","link":"http:\/\/www.susannavaris.com\/blogg\/2011\/12\/scummet-som-aldrig-tar-slut\/","title":{"rendered":"Scummet som aldrig tar slut"},"content":{"rendered":"<p style=\"text-align: center;\"><a href=\"http:\/\/www.susannavaris.com\/blogg\/wp-content\/uploads\/2011\/12\/jens.jpg\"><img loading=\"lazy\" decoding=\"async\" class=\"aligncenter size-full wp-image-3342\" title=\"jens\" src=\"http:\/\/www.susannavaris.com\/blogg\/wp-content\/uploads\/2011\/12\/jens.jpg\" alt=\"\" width=\"560\" height=\"336\" srcset=\"http:\/\/www.susannavaris.com\/blogg\/wp-content\/uploads\/2011\/12\/jens.jpg 560w, http:\/\/www.susannavaris.com\/blogg\/wp-content\/uploads\/2011\/12\/jens-300x180.jpg 300w\" sizes=\"auto, (max-width: 560px) 100vw, 560px\" \/><\/a><em>Jens Liljestrand<\/em><\/p>\n<p style=\"text-align: center;\"><a href=\"http:\/\/www.susannavaris.com\/blogg\/wp-content\/uploads\/2011\/12\/Valerie_Solanas_thumb.jpg\"><img loading=\"lazy\" decoding=\"async\" class=\"aligncenter size-full wp-image-3343\" title=\"Valerie_Solanas_thumb\" src=\"http:\/\/www.susannavaris.com\/blogg\/wp-content\/uploads\/2011\/12\/Valerie_Solanas_thumb.jpg\" alt=\"\" width=\"349\" height=\"484\" srcset=\"http:\/\/www.susannavaris.com\/blogg\/wp-content\/uploads\/2011\/12\/Valerie_Solanas_thumb.jpg 349w, http:\/\/www.susannavaris.com\/blogg\/wp-content\/uploads\/2011\/12\/Valerie_Solanas_thumb-216x300.jpg 216w\" sizes=\"auto, (max-width: 349px) 100vw, 349px\" \/><\/a><em>Valerie Solanas<\/em><\/p>\n<p>Jag hade inte t\u00e4nkt att skriva mera om Turteaterns senaste upps\u00e4ttning, men \u00e4mnet verkar inte vilja sina. F\u00f6rst vill klarg\u00f6ra att jag inte vill kalla mig f\u00f6r feminist, eftersom det begreppet har av olika extrema r\u00f6relser och tankeinriktningar f\u00e5tt en inneb\u00f6rd jag inte kan skriva under. En j\u00e4mst\u00e4lld v\u00e4rld, d\u00e4r alla m\u00e4nniskor, oavsett k\u00f6n, ras eller religionstillh\u00f6righet har lika v\u00e4rde, r\u00e4ttigheter och skyldigheter \u00e4r d\u00e4remot det jag vill str\u00e4va efter.<\/p>\n<p>Jens Liljestrand p\u00e5 DN har sett upps\u00e4ttningen av Valerie Solanas SCUM-manifest och menar att upps\u00e4ttningen \u00e4r bra.<\/p>\n<p>H\u00e4r \u00e4r hela texten:<\/p>\n<p><a href=\"http:\/\/www.dn.se\/kultur-noje\/debatt-essa\/smallar-man-far-ta-i-patriarkatet\">http:\/\/www.dn.se\/kultur-noje\/debatt-essa\/smallar-man-far-ta-i-patriarkatet<\/a><\/p>\n<p>Bland annat skriver han:<\/p>\n<p>&#8221;Jag sitter p\u00e5 teater och ser mig sj\u00e4lv omtalas (och d\u00e4rmed behandlas) s\u00e4mre \u00e4n ett djur; som en dum, ih\u00e5lig robot. Sk\u00e5despelaren \u2013 en fantastisk Andrea Edwards \u2013 v\u00e4nder ryggen \u00e5t m\u00e4nnen och anv\u00e4nder mig som rekvisita i en noggrann och metodisk kr\u00e4nkning av alla olika aspekter av min identitet: som \u00e4kta man (\u201dmannen \u00e4r of\u00f6rm\u00f6gen till empati, \u00f6mhet och lojalitet\u201d), som \u00e4lskare (\u201dStor Man med en Stor Kuk g\u00f6r en Stor Grej\u201d), arvsanlag (\u201dMannens uppgift \u00e4r att producera sperma\u201d), konstn\u00e4r (\u201dallt han r\u00f6r vid blir till skit\u201d) och, kanske allra v\u00e4rst, som f\u00f6r\u00e4lder.&#8221;<\/p>\n<p>&#8221;Det \u00e4r ju satir&#8221;, skriver Liljestrand. Enligt regiss\u00f6ren Erik Holmstr\u00f6m ska ju upps\u00e4ttningen tas p\u00e5 fullt allvar och inte ses som satir:<\/p>\n<p><a href=\"http:\/\/www.aftonbladet.se\/kultur\/article13972013.ab\">http:\/\/www.aftonbladet.se\/kultur\/article13972013.ab<\/a><\/p>\n<p>Litet senare i artikeln:<\/p>\n<p>\u201dDet \u00e4r s\u00e5 h\u00e4r det k\u00e4nns att vara kvinna, j\u00e4mt\u201d, f\u00f6rmanar jag rabblande mig sj\u00e4lv, \u201ddet \u00e4r s\u00e5 h\u00e4r det \u00e4r att vara omgiven av underkl\u00e4desmodeller, l\u00f6psedlar om gruppv\u00e5ldt\u00e4kt larmrapporter fr\u00e5n offentlig sektor, filmer som \u2019Pretty woman\u2019\u201d. Men riktigt bra konst n\u00e5r oss emotionellt, inte intellektuellt och efter ett tag b\u00f6rjar det sippra in, i takt med att h\u00e5nskratten fr\u00e5n l\u00e4ktaren p\u00e5 andra sidan blir h\u00f6gre, r\u00e5are, friare. N\u00e4r vi m\u00e4n blir tillsagda att i k\u00f6r s\u00e4ga \u201dJag \u00e4r en anspr\u00e5ksl\u00f6s liten skit\u201d (ja, vi lyder) jublar de och appl\u00e5derar. F\u00f6rnedringen \u00e4r kv\u00e4ljande.<\/p>\n<p>Nej, jag kan inte begripa att en total f\u00f6rnedring skulle vara en relevant beskrivning av mitt liv, en kvinnas liv, i Sverige, 2011. Jag har f\u00e5tt studera fritt vad jag vill (jag l\u00e4ste till civilingenj\u00f6r p\u00e5 KTH), jag har f\u00e5tt arbeta (p\u00e5 Scania, Saab Automobile, SJ, Citypendeln och Stockholmst\u00e5g), tj\u00e4na egna pengar s\u00e5 att jag hittills har varit fullst\u00e4ndigt oberoende av n\u00e5gon annan, jag kan fritt ut\u00f6va min konstn\u00e4rliga g\u00e4rning, jag f\u00e5r r\u00f6sta (dock pga mitt finska medborgarskap endast i kommunal- och landstingsval), jag har samma r\u00e4ttigheter som alla andra i det h\u00e4r landet. Jag s\u00e4ger inte att det inte finns j\u00e4mst\u00e4lldhetsarbete kvar, det finns det. Men jag v\u00e4ljer att se det optimistiskt, kvinnor kommer in i fler och fler branscher, unga tjejer f\u00e5r fler f\u00f6rebilder i sina mammor och andra kvinnor. M\u00e4n \u00e4r mera hemma med barnen och detta borde leda till \u00f6kad f\u00f6rst\u00e5else k\u00f6nen emellan, bland annat f\u00f6r att m\u00e4nnen har d\u00f6ttrar som de numera kanske har mer och b\u00e4ttre kontakt \u00e4n tidigare. Sedan att det inte r\u00e5der exakt 50\/50-f\u00f6rdelning \u00f6verallt \u00e4r en annan fr\u00e5ga? \u00c4r det ens efterstr\u00e4vansv\u00e4rt? Individer g\u00f6r sina val och det leder kanske inte till den exakta k\u00f6nsf\u00f6rdelningen \u00f6verallt.<\/p>\n<p>Liljestrand beskriver ocks\u00e5 en l\u00e4ttnad efter att han l\u00e4mnat teatersalongen, eftersom han inte \u00e4r hotad av kvinnorna omkring sig. Medans kvinnorna st\u00e4ndigt \u00e4r r\u00e4dda och k\u00e4nner sig hotade. Tydligen.<\/p>\n<p>De som fr\u00e4mst r\u00e5kar ut f\u00f6r v\u00e5ldsbrott utomhus \u00e4r unga m\u00e4n. (\u00c5terigen, jag vill inte f\u00f6rringa t ex v\u00e5ldt\u00e4ktsproblematiken, men de unga m\u00e4nnen r\u00e5kar faktiskt klart och tydligt mest ut f\u00f6r v\u00e5ld ute p\u00e5 stan.)<\/p>\n<p>Men rent allm\u00e4nt kan en kvinna i dagens Sverige skapa sig precis det liv hon \u00f6nskar. Nyckeln ligger i utbildning. Fler kvinnor borde starta sina egna f\u00f6retag. Ta sig makt, inte v\u00e4nta p\u00e5 att bli tilldelad makt.<\/p>\n<p>Jag vet att det finns en hel del problematik i samh\u00e4llet som ber\u00f6r kvinnor och som man m\u00e5ste fortsatt arbeta med. Jag har blivit bedragen. Jag har levt i ett misshandelsf\u00f6rh\u00e5llande, blivit slagen, sparkad och spottad p\u00e5, f\u00f6rf\u00f6ljd och v\u00e5ldtagen. Inte av samma man. Men eftersom jag v\u00e4ljer att se individer f\u00f6re kollektiv, tillskriver jag skulden de enskilda individerna, inte alla m\u00e4n. De flesta m\u00e4n \u00e4r helt fantastiska. S\u00e5 ocks\u00e5 de flesta kvinnorna. Varf\u00f6r g\u00e5r det inte att vara fantastiska tillsammans, varf\u00f6r \u00e4r det viktigt att v\u00e4ltra sig i bitterhet i en SCUM-f\u00f6rest\u00e4llning d\u00e4r man f\u00e5r gl\u00e4djas \u00e5t att f\u00f6rnedra n\u00e5gon annan (?), eller bli f\u00f6rnedrad p\u00e5 grund av en ned\u00e4rvd skuld?<\/p>\n<p>Globalt sett finns det en kraftig snedf\u00f6rdelning av resurser, i Sverige n\u00e5got mindre. I l\u00e4nder som t ex Afghanistan, Somalia, Saudi-Arabien och Iran borde alla medel f\u00f6r att st\u00f6rta patriarkatet vara till\u00e5tna, men i Sverige(????)<\/p>\n<p>&nbsp;<\/p>\n","protected":false},"excerpt":{"rendered":"<p>Jens Liljestrand Valerie Solanas Jag hade inte t\u00e4nkt att skriva mera om Turteaterns senaste upps\u00e4ttning, men \u00e4mnet verkar inte vilja sina. F\u00f6rst vill klarg\u00f6ra att jag inte vill kalla mig f\u00f6r feminist, eftersom det begreppet har av olika extrema r\u00f6relser &hellip; <a href=\"http:\/\/www.susannavaris.com\/blogg\/2011\/12\/scummet-som-aldrig-tar-slut\/\">Forts\u00e4tt l\u00e4sa <span class=\"meta-nav\">&rarr;<\/span><\/a><\/p>\n","protected":false},"author":1,"featured_media":0,"comment_status":"open","ping_status":"open","sticky":false,"template":"","format":"standard","meta":{"footnotes":""},"categories":[178,181,259,674,589,1,590],"tags":[175,940,954,907,906,911],"class_list":["post-3341","post","type-post","status-publish","format-standard","hentry","category-blodtryckshojare","category-feminism","category-genusvetenskap","category-historia","category-medier","category-okategoriserade","category-politik","tag-dn","tag-erik-holmstrom","tag-jens-liljestrand","tag-scum","tag-turteatern","tag-valerie-solanas"],"_links":{"self":[{"href":"http:\/\/www.susannavaris.com\/blogg\/wp-json\/wp\/v2\/posts\/3341","targetHints":{"allow":["GET"]}}],"collection":[{"href":"http:\/\/www.susannavaris.com\/blogg\/wp-json\/wp\/v2\/posts"}],"about":[{"href":"http:\/\/www.susannavaris.com\/blogg\/wp-json\/wp\/v2\/types\/post"}],"author":[{"embeddable":true,"href":"http:\/\/www.susannavaris.com\/blogg\/wp-json\/wp\/v2\/users\/1"}],"replies":[{"embeddable":true,"href":"http:\/\/www.susannavaris.com\/blogg\/wp-json\/wp\/v2\/comments?post=3341"}],"version-history":[{"count":5,"href":"http:\/\/www.susannavaris.com\/blogg\/wp-json\/wp\/v2\/posts\/3341\/revisions"}],"predecessor-version":[{"id":3347,"href":"http:\/\/www.susannavaris.com\/blogg\/wp-json\/wp\/v2\/posts\/3341\/revisions\/3347"}],"wp:attachment":[{"href":"http:\/\/www.susannavaris.com\/blogg\/wp-json\/wp\/v2\/media?parent=3341"}],"wp:term":[{"taxonomy":"category","embeddable":true,"href":"http:\/\/www.susannavaris.com\/blogg\/wp-json\/wp\/v2\/categories?post=3341"},{"taxonomy":"post_tag","embeddable":true,"href":"http:\/\/www.susannavaris.com\/blogg\/wp-json\/wp\/v2\/tags?post=3341"}],"curies":[{"name":"wp","href":"https:\/\/api.w.org\/{rel}","templated":true}]}}