{"id":3393,"date":"2011-12-05T12:45:26","date_gmt":"2011-12-05T11:45:26","guid":{"rendered":"http:\/\/www.susannavaris.com\/blogg\/?p=3393"},"modified":"2011-12-05T12:45:26","modified_gmt":"2011-12-05T11:45:26","slug":"julklappstips","status":"publish","type":"post","link":"http:\/\/www.susannavaris.com\/blogg\/2011\/12\/julklappstips\/","title":{"rendered":"Julklappstips"},"content":{"rendered":"<p style=\"text-align: center;\"><a href=\"http:\/\/www.susannavaris.com\/blogg\/wp-content\/uploads\/2011\/12\/Dark-Marilyn-50-2011.jpg\"><img loading=\"lazy\" decoding=\"async\" class=\"aligncenter size-large wp-image-3394\" title=\"Dark Marilyn 50 2011\" src=\"http:\/\/www.susannavaris.com\/blogg\/wp-content\/uploads\/2011\/12\/Dark-Marilyn-50-2011-719x1024.jpg\" alt=\"\" width=\"640\" height=\"911\" srcset=\"http:\/\/www.susannavaris.com\/blogg\/wp-content\/uploads\/2011\/12\/Dark-Marilyn-50-2011-719x1024.jpg 719w, http:\/\/www.susannavaris.com\/blogg\/wp-content\/uploads\/2011\/12\/Dark-Marilyn-50-2011-210x300.jpg 210w, http:\/\/www.susannavaris.com\/blogg\/wp-content\/uploads\/2011\/12\/Dark-Marilyn-50-2011.jpg 1288w\" sizes=\"auto, (max-width: 640px) 100vw, 640px\" \/><\/a><em>Dark Marilyn, akvarell. Storlek: A3, pris: 3200 SEK. Foto: Susanna Varis<\/em><\/p>\n<p>Trots succ\u00e9en p\u00e5 senaste utst\u00e4llningen, s\u00e5 finns det en del konstverk kvar till salu. Varf\u00f6r inte gl\u00e4dja n\u00e5gon med lite konst i \u00e5r?<\/p>\n<p>Till exempel finns utst\u00e4llningens signaturm\u00e5lning i b\u00e5de original och som Fine Art Gicl\u00e9e-tryck, den gemensamma bilden med b\u00e5de Veronica Strandbergs och min m\u00e5lning sammansatt finns som vykortstavla&#8230;<\/p>\n<p style=\"text-align: center;\"><a href=\"http:\/\/www.susannavaris.com\/blogg\/wp-content\/uploads\/2011\/12\/cansonlightmarilyn01-50.jpg\"><img loading=\"lazy\" decoding=\"async\" class=\"aligncenter size-large wp-image-3395\" title=\"cansonlightmarilyn01-50\" src=\"http:\/\/www.susannavaris.com\/blogg\/wp-content\/uploads\/2011\/12\/cansonlightmarilyn01-50-1024x760.jpg\" alt=\"\" width=\"640\" height=\"475\" srcset=\"http:\/\/www.susannavaris.com\/blogg\/wp-content\/uploads\/2011\/12\/cansonlightmarilyn01-50-1024x760.jpg 1024w, http:\/\/www.susannavaris.com\/blogg\/wp-content\/uploads\/2011\/12\/cansonlightmarilyn01-50-300x222.jpg 300w, http:\/\/www.susannavaris.com\/blogg\/wp-content\/uploads\/2011\/12\/cansonlightmarilyn01-50.jpg 1995w\" sizes=\"auto, (max-width: 640px) 100vw, 640px\" \/><\/a><em>Dark Marilyn som fine art gicl\u00e9e-tryck. Begr\u00e4nsad upplaga av 30 st. Varje ex \u00e4r signerat och numrerat. Storlek: A3, pris: 750 SEK. Foto: Susanna Varis<\/em><\/p>\n<p style=\"text-align: center;\"><a href=\"http:\/\/www.susannavaris.com\/blogg\/wp-content\/uploads\/2011\/12\/postcardmarilyn01-50.jpg\"><img loading=\"lazy\" decoding=\"async\" class=\"aligncenter size-large wp-image-3396\" title=\"postcardmarilyn01-50\" src=\"http:\/\/www.susannavaris.com\/blogg\/wp-content\/uploads\/2011\/12\/postcardmarilyn01-50-763x1024.jpg\" alt=\"\" width=\"640\" height=\"858\" srcset=\"http:\/\/www.susannavaris.com\/blogg\/wp-content\/uploads\/2011\/12\/postcardmarilyn01-50-763x1024.jpg 763w, http:\/\/www.susannavaris.com\/blogg\/wp-content\/uploads\/2011\/12\/postcardmarilyn01-50-223x300.jpg 223w, http:\/\/www.susannavaris.com\/blogg\/wp-content\/uploads\/2011\/12\/postcardmarilyn01-50.jpg 1334w\" sizes=\"auto, (max-width: 640px) 100vw, 640px\" \/><\/a><em>Dark Marilyn (den gemensamma bilden) som vykortstavla. Storlek: 15 x 20 cm, inkl. ram. Pris: 150 SEK<\/em><\/p>\n<p style=\"text-align: center;\">Alla original till salu finns h\u00e4r:<\/p>\n<p style=\"text-align: center;\"><a href=\"https:\/\/www.facebook.com\/media\/set\/?set=a.232259176787436.79376.166258563387498&amp;type=3\">https:\/\/www.facebook.com\/media\/set\/?set=a.232259176787436.79376.166258563387498&amp;type=3<\/a><\/p>\n<p style=\"text-align: center;\">Alla reproduktioner till salu finns h\u00e4r:<\/p>\n<p style=\"text-align: center;\"><a href=\"https:\/\/www.facebook.com\/media\/set\/?set=a.293158154030871.92170.166258563387498&amp;type=1\">https:\/\/www.facebook.com\/media\/set\/?set=a.293158154030871.92170.166258563387498&amp;type=1<\/a><\/p>\n<p style=\"text-align: center;\"><a href=\"http:\/\/www.susannavaris.com\/blogg\/wp-content\/uploads\/2011\/12\/DSC_0363-50.jpg\"><img loading=\"lazy\" decoding=\"async\" class=\"aligncenter size-large wp-image-3397\" title=\"DSC_0363-50\" src=\"http:\/\/www.susannavaris.com\/blogg\/wp-content\/uploads\/2011\/12\/DSC_0363-50-682x1024.jpg\" alt=\"\" width=\"640\" height=\"960\" srcset=\"http:\/\/www.susannavaris.com\/blogg\/wp-content\/uploads\/2011\/12\/DSC_0363-50-682x1024.jpg 682w, http:\/\/www.susannavaris.com\/blogg\/wp-content\/uploads\/2011\/12\/DSC_0363-50-200x300.jpg 200w, http:\/\/www.susannavaris.com\/blogg\/wp-content\/uploads\/2011\/12\/DSC_0363-50.jpg 1536w\" sizes=\"auto, (max-width: 640px) 100vw, 640px\" \/><\/a><em>Dark Marilyn hamnade i inslaget som Sveriges Radio\/Sisuradio gjorde med mig. H\u00e4r med reportern Mea Salmij\u00e4rvi. Foto: Susanna Varis<\/em><\/p>\n<p style=\"text-align: center;\">Inslaget finns h\u00e4r:<\/p>\n<p style=\"text-align: center;\"><a href=\"http:\/\/sverigesradio.se\/sida\/artikel.aspx?programid=2532&amp;artikel=4823094\">http:\/\/sverigesradio.se\/sida\/artikel.aspx?programid=2532&amp;artikel=4823094<\/a><\/p>\n<p style=\"text-align: center;\">Intresserad? Kontakta mig h\u00e4r, p\u00e5 Facebook eller p\u00e5 susannavaris@gmail.com<\/p>\n","protected":false},"excerpt":{"rendered":"<p>Dark Marilyn, akvarell. Storlek: A3, pris: 3200 SEK. Foto: Susanna Varis Trots succ\u00e9en p\u00e5 senaste utst\u00e4llningen, s\u00e5 finns det en del konstverk kvar till salu. Varf\u00f6r inte gl\u00e4dja n\u00e5gon med lite konst i \u00e5r? Till exempel finns utst\u00e4llningens signaturm\u00e5lning i &hellip; <a href=\"http:\/\/www.susannavaris.com\/blogg\/2011\/12\/julklappstips\/\">Forts\u00e4tt l\u00e4sa <span class=\"meta-nav\">&rarr;<\/span><\/a><\/p>\n","protected":false},"author":1,"featured_media":0,"comment_status":"open","ping_status":"open","sticky":false,"template":"","format":"standard","meta":{"footnotes":""},"categories":[7,777,3,285,1,4],"tags":[836,972,778,931,595,930,928,929,779,973],"class_list":["post-3393","post","type-post","status-publish","format-standard","hentry","category-egna-verk","category-galleri-kocks","category-konst","category-marilyn-monroe","category-okategoriserade","category-utstallning","tag-dark-marilyn","tag-fine-art-giclee","tag-galleri-kocks-2","tag-mea-salmijarvi","tag-prislista","tag-sisuradio","tag-sr","tag-sveriges-radio","tag-veronica-strandberg","tag-vykortstavla"],"_links":{"self":[{"href":"http:\/\/www.susannavaris.com\/blogg\/wp-json\/wp\/v2\/posts\/3393","targetHints":{"allow":["GET"]}}],"collection":[{"href":"http:\/\/www.susannavaris.com\/blogg\/wp-json\/wp\/v2\/posts"}],"about":[{"href":"http:\/\/www.susannavaris.com\/blogg\/wp-json\/wp\/v2\/types\/post"}],"author":[{"embeddable":true,"href":"http:\/\/www.susannavaris.com\/blogg\/wp-json\/wp\/v2\/users\/1"}],"replies":[{"embeddable":true,"href":"http:\/\/www.susannavaris.com\/blogg\/wp-json\/wp\/v2\/comments?post=3393"}],"version-history":[{"count":2,"href":"http:\/\/www.susannavaris.com\/blogg\/wp-json\/wp\/v2\/posts\/3393\/revisions"}],"predecessor-version":[{"id":3399,"href":"http:\/\/www.susannavaris.com\/blogg\/wp-json\/wp\/v2\/posts\/3393\/revisions\/3399"}],"wp:attachment":[{"href":"http:\/\/www.susannavaris.com\/blogg\/wp-json\/wp\/v2\/media?parent=3393"}],"wp:term":[{"taxonomy":"category","embeddable":true,"href":"http:\/\/www.susannavaris.com\/blogg\/wp-json\/wp\/v2\/categories?post=3393"},{"taxonomy":"post_tag","embeddable":true,"href":"http:\/\/www.susannavaris.com\/blogg\/wp-json\/wp\/v2\/tags?post=3393"}],"curies":[{"name":"wp","href":"https:\/\/api.w.org\/{rel}","templated":true}]}}