{"id":3400,"date":"2011-12-06T11:02:52","date_gmt":"2011-12-06T10:02:52","guid":{"rendered":"http:\/\/www.susannavaris.com\/blogg\/?p=3400"},"modified":"2011-12-08T21:34:47","modified_gmt":"2011-12-08T20:34:47","slug":"apropa-konsmaktsordning","status":"publish","type":"post","link":"http:\/\/www.susannavaris.com\/blogg\/2011\/12\/apropa-konsmaktsordning\/","title":{"rendered":"Aprop\u00e5 k\u00f6nsmaktsordning"},"content":{"rendered":"<p style=\"text-align: center;\"><a href=\"http:\/\/www.susannavaris.com\/blogg\/wp-content\/uploads\/2011\/12\/hjernevask.jpg\"><img loading=\"lazy\" decoding=\"async\" class=\"aligncenter size-full wp-image-3401\" title=\"hjernevask\" src=\"http:\/\/www.susannavaris.com\/blogg\/wp-content\/uploads\/2011\/12\/hjernevask.jpg\" alt=\"\" width=\"960\" height=\"542\" srcset=\"http:\/\/www.susannavaris.com\/blogg\/wp-content\/uploads\/2011\/12\/hjernevask.jpg 960w, http:\/\/www.susannavaris.com\/blogg\/wp-content\/uploads\/2011\/12\/hjernevask-300x169.jpg 300w\" sizes=\"auto, (max-width: 960px) 100vw, 960px\" \/><\/a><em>Harald Eia i Hjernevask (Hj\u00e4rntv\u00e4tt). Foto: Siv Johanne Seglem<\/em><\/p>\n<p style=\"text-align: center;\">Intressanta nyheter n\u00e5r oss fr\u00e5n Norge:<\/p>\n<p><a href=\"http:\/\/www.svd.se\/opinion\/ledarsidan\/hur-gar-det-for-norge-utan-genusvetenskap_6687272.svd\">http:\/\/www.svd.se\/opinion\/ledarsidan\/hur-gar-det-for-norge-utan-genusvetenskap_6687272.svd<\/a><\/p>\n<p>Det vore p\u00e5 tiden med en kritisk utv\u00e4rdering av genusvetenskapen \u00e4ven h\u00e4r i Sverige.<\/p>\n<p>H\u00e4r kan man tipsa SVT:s ink\u00f6pare om serien (dokument\u00e4r och samh\u00e4lle ligger v\u00e4l n\u00e4rmast&#8230;) :<\/p>\n<p><a href=\"http:\/\/svt.se\/2.85025\/1.1034090\/tipsa_svt_s_programinkopare\">http:\/\/svt.se\/2.85025\/1.1034090\/tipsa_svt_s_programinkopare<\/a><\/p>\n<p>&#8211; : &#8211; : &#8211; : &#8211;<\/p>\n<p>\u00c4nnu en r\u00f6st i hyllningsk\u00f6ren f\u00f6r Turteaterns SCUM-upps\u00e4ttning kommer fr\u00e5n Christina Sassner, genusvetare fr\u00e5n S\u00f6dert\u00f6rns h\u00f6gskola:<\/p>\n<p><a href=\"http:\/\/www.tidningenkulturen.se\/artiklar\/debatt-mainmenu-91\/kultur-mainmenu-147\/10837-scum-manifestet-av-turteatern\">http:\/\/www.tidningenkulturen.se\/artiklar\/debatt-mainmenu-91\/kultur-mainmenu-147\/10837-scum-manifestet-av-turteatern<\/a><\/p>\n","protected":false},"excerpt":{"rendered":"<p>Harald Eia i Hjernevask (Hj\u00e4rntv\u00e4tt). Foto: Siv Johanne Seglem Intressanta nyheter n\u00e5r oss fr\u00e5n Norge: http:\/\/www.svd.se\/opinion\/ledarsidan\/hur-gar-det-for-norge-utan-genusvetenskap_6687272.svd Det vore p\u00e5 tiden med en kritisk utv\u00e4rdering av genusvetenskapen \u00e4ven h\u00e4r i Sverige. H\u00e4r kan man tipsa SVT:s ink\u00f6pare om serien (dokument\u00e4r och &hellip; <a href=\"http:\/\/www.susannavaris.com\/blogg\/2011\/12\/apropa-konsmaktsordning\/\">Forts\u00e4tt l\u00e4sa <span class=\"meta-nav\">&rarr;<\/span><\/a><\/p>\n","protected":false},"author":1,"featured_media":0,"comment_status":"open","ping_status":"open","sticky":false,"template":"","format":"standard","meta":{"footnotes":""},"categories":[181,259,589,1,590,403],"tags":[985,975,4903,976,974,453,907,504,906],"class_list":["post-3400","post","type-post","status-publish","format-standard","hentry","category-feminism","category-genusvetenskap","category-medier","category-okategoriserade","category-politik","category-pseudovetenskap","tag-christina-sassner","tag-fi","tag-genusvetenskap","tag-harald-eia","tag-johan-ingero","tag-norge","tag-scum","tag-svd","tag-turteatern"],"_links":{"self":[{"href":"http:\/\/www.susannavaris.com\/blogg\/wp-json\/wp\/v2\/posts\/3400","targetHints":{"allow":["GET"]}}],"collection":[{"href":"http:\/\/www.susannavaris.com\/blogg\/wp-json\/wp\/v2\/posts"}],"about":[{"href":"http:\/\/www.susannavaris.com\/blogg\/wp-json\/wp\/v2\/types\/post"}],"author":[{"embeddable":true,"href":"http:\/\/www.susannavaris.com\/blogg\/wp-json\/wp\/v2\/users\/1"}],"replies":[{"embeddable":true,"href":"http:\/\/www.susannavaris.com\/blogg\/wp-json\/wp\/v2\/comments?post=3400"}],"version-history":[{"count":5,"href":"http:\/\/www.susannavaris.com\/blogg\/wp-json\/wp\/v2\/posts\/3400\/revisions"}],"predecessor-version":[{"id":3428,"href":"http:\/\/www.susannavaris.com\/blogg\/wp-json\/wp\/v2\/posts\/3400\/revisions\/3428"}],"wp:attachment":[{"href":"http:\/\/www.susannavaris.com\/blogg\/wp-json\/wp\/v2\/media?parent=3400"}],"wp:term":[{"taxonomy":"category","embeddable":true,"href":"http:\/\/www.susannavaris.com\/blogg\/wp-json\/wp\/v2\/categories?post=3400"},{"taxonomy":"post_tag","embeddable":true,"href":"http:\/\/www.susannavaris.com\/blogg\/wp-json\/wp\/v2\/tags?post=3400"}],"curies":[{"name":"wp","href":"https:\/\/api.w.org\/{rel}","templated":true}]}}