{"id":3405,"date":"2011-12-06T21:28:11","date_gmt":"2011-12-06T20:28:11","guid":{"rendered":"http:\/\/www.susannavaris.com\/blogg\/?p=3405"},"modified":"2011-12-06T21:28:11","modified_gmt":"2011-12-06T20:28:11","slug":"hyvaa-itsenaisyyspaivaa","status":"publish","type":"post","link":"http:\/\/www.susannavaris.com\/blogg\/2011\/12\/hyvaa-itsenaisyyspaivaa\/","title":{"rendered":"Hyv\u00e4\u00e4 itsen\u00e4isyysp\u00e4iv\u00e4\u00e4!!"},"content":{"rendered":"<p style=\"text-align: center;\"><a href=\"http:\/\/www.susannavaris.com\/blogg\/wp-content\/uploads\/2011\/12\/DSC_0496-adj-50.jpg\"><img loading=\"lazy\" decoding=\"async\" class=\"aligncenter size-full wp-image-3406\" title=\"DSC_0496-adj-50\" src=\"http:\/\/www.susannavaris.com\/blogg\/wp-content\/uploads\/2011\/12\/DSC_0496-adj-50.jpg\" alt=\"\" width=\"695\" height=\"494\" srcset=\"http:\/\/www.susannavaris.com\/blogg\/wp-content\/uploads\/2011\/12\/DSC_0496-adj-50.jpg 695w, http:\/\/www.susannavaris.com\/blogg\/wp-content\/uploads\/2011\/12\/DSC_0496-adj-50-300x213.jpg 300w\" sizes=\"auto, (max-width: 695px) 100vw, 695px\" \/><\/a><em>Bal p\u00e5 distans&#8230;<\/em><\/p>\n<p>Det \u00e4r Finlands sj\u00e4lvst\u00e4ndighetsdag idag och den traditionsenliga balen h\u00e5lls p\u00e5 presidentresidensen i Helsingfors. Sj\u00e4lv firar jag vid tv:n med cider och mazariner&#8230;<\/p>\n","protected":false},"excerpt":{"rendered":"<p>Bal p\u00e5 distans&#8230; Det \u00e4r Finlands sj\u00e4lvst\u00e4ndighetsdag idag och den traditionsenliga balen h\u00e5lls p\u00e5 presidentresidensen i Helsingfors. Sj\u00e4lv firar jag vid tv:n med cider och mazariner&#8230;<\/p>\n","protected":false},"author":1,"featured_media":0,"comment_status":"open","ping_status":"open","sticky":false,"template":"","format":"standard","meta":{"footnotes":""},"categories":[107,674,1,384],"tags":[977,978],"class_list":["post-3405","post","type-post","status-publish","format-standard","hentry","category-finland","category-historia","category-okategoriserade","category-tv","tag-finlands-sjalvstandighetsdag","tag-suomen-itsenaisyyspaiva"],"_links":{"self":[{"href":"http:\/\/www.susannavaris.com\/blogg\/wp-json\/wp\/v2\/posts\/3405","targetHints":{"allow":["GET"]}}],"collection":[{"href":"http:\/\/www.susannavaris.com\/blogg\/wp-json\/wp\/v2\/posts"}],"about":[{"href":"http:\/\/www.susannavaris.com\/blogg\/wp-json\/wp\/v2\/types\/post"}],"author":[{"embeddable":true,"href":"http:\/\/www.susannavaris.com\/blogg\/wp-json\/wp\/v2\/users\/1"}],"replies":[{"embeddable":true,"href":"http:\/\/www.susannavaris.com\/blogg\/wp-json\/wp\/v2\/comments?post=3405"}],"version-history":[{"count":2,"href":"http:\/\/www.susannavaris.com\/blogg\/wp-json\/wp\/v2\/posts\/3405\/revisions"}],"predecessor-version":[{"id":3408,"href":"http:\/\/www.susannavaris.com\/blogg\/wp-json\/wp\/v2\/posts\/3405\/revisions\/3408"}],"wp:attachment":[{"href":"http:\/\/www.susannavaris.com\/blogg\/wp-json\/wp\/v2\/media?parent=3405"}],"wp:term":[{"taxonomy":"category","embeddable":true,"href":"http:\/\/www.susannavaris.com\/blogg\/wp-json\/wp\/v2\/categories?post=3405"},{"taxonomy":"post_tag","embeddable":true,"href":"http:\/\/www.susannavaris.com\/blogg\/wp-json\/wp\/v2\/tags?post=3405"}],"curies":[{"name":"wp","href":"https:\/\/api.w.org\/{rel}","templated":true}]}}