{"id":3409,"date":"2011-12-07T22:07:25","date_gmt":"2011-12-07T21:07:25","guid":{"rendered":"http:\/\/www.susannavaris.com\/blogg\/?p=3409"},"modified":"2011-12-07T22:07:25","modified_gmt":"2011-12-07T21:07:25","slug":"stresscember","status":"publish","type":"post","link":"http:\/\/www.susannavaris.com\/blogg\/2011\/12\/stresscember\/","title":{"rendered":"Stresscember"},"content":{"rendered":"<p><a href=\"http:\/\/www.susannavaris.com\/blogg\/wp-content\/uploads\/2011\/12\/funny-pictures-cat-is-stuck-in-your-christmas-tree.jpg\"><img loading=\"lazy\" decoding=\"async\" class=\"aligncenter size-full wp-image-3410\" title=\"funny-pictures-cat-is-stuck-in-your-christmas-tree\" src=\"http:\/\/www.susannavaris.com\/blogg\/wp-content\/uploads\/2011\/12\/funny-pictures-cat-is-stuck-in-your-christmas-tree.jpg\" alt=\"\" width=\"500\" height=\"378\" srcset=\"http:\/\/www.susannavaris.com\/blogg\/wp-content\/uploads\/2011\/12\/funny-pictures-cat-is-stuck-in-your-christmas-tree.jpg 500w, http:\/\/www.susannavaris.com\/blogg\/wp-content\/uploads\/2011\/12\/funny-pictures-cat-is-stuck-in-your-christmas-tree-300x226.jpg 300w\" sizes=\"auto, (max-width: 500px) 100vw, 500px\" \/><\/a><\/p>\n<p>Vi \u00e4r redan en vecka in i december och jag har inte k\u00e4nt av n\u00e5gon som helst julstress \u00e4n. Det \u00e4r beh\u00e4ndigt med l\u00e5ga ambitioner.<\/p>\n<p>De senaste fem dagarna har jag tillbringat p\u00e5 l\u00f6nearbetet, men nu \u00e4r jag ledig i hela fyra dagar och ska starta mina julf\u00f6rberedelser med att julst\u00e4da imorgon. Jag har visserligen smygstartat med den urartade julgransdekorations-shoppingen p\u00e5 Indiska, som jag beskrev f\u00f6rut. Idag inhandlade jag ett paket praliner med champagnefyllning fr\u00e5n Lindt, som \u00e4r \u00e4mnade \u00e5t jul- och ny\u00e5rsfirandet. Samt julkort.<\/p>\n<p>Innan jag drar fram n\u00e5gra som helst juldekorationer m\u00e5ste julst\u00e4dningen ske och nu \u00e4r det dags. Sedan ska n\u00e5gra julblommor inhandlas. Jag har tv\u00e5 (2) olika varianter av julstj\u00e4rnor fr\u00e5n g\u00e5ngna jular. Dem har jag klippt, h\u00e4llt i n\u00e4ring, st\u00e4llt i b\u00e4sta lagomsolsl\u00e4ge och ber\u00e4ttat roliga historier f\u00f6r, men de krakarna visar inga som helst tecken p\u00e5 att vilja krysta fram n\u00e5gra blommor. Jag tycker att det \u00e4r h\u00f6g tid f\u00f6r julstj\u00e4rnorna att leverera nu, det m\u00e5ste alla andra i det h\u00e4r samh\u00e4llet g\u00f6ra, s\u00e5 varf\u00f6r skulle de vara undantagna? G\u00f6ra sig f\u00f6rtj\u00e4nta av sina namn s\u00e5 att s\u00e4ga. Novemberkaktusen blommade sn\u00e4llt, s\u00e5 fram med blommor nu! Leverera f\u00f6rresten. Jag \u00e4r sm\u00e5tt allergisk f\u00f6r uttrycket. Den och den levererar. Levererar vad\u00e5? Paket? Blommor? Julstj\u00e4rnor kanske?<\/p>\n<p>En amaryllis och n\u00e5gra hyacinter ska inf\u00f6rskaffas. En ekologisk skinka f\u00e5r moderskan jaga efter p\u00e5 samma g\u00e5ng som hon ska handla lax f\u00f6r gravning. Ett par l\u00e5dor kommer hon ocks\u00e5 att g\u00f6ra. Resten av maten fixar vi sj\u00e4lva. En gran ska vi ha. En riktig. Moderskan hade n\u00e5gon ljusslinga \u00f6ver och pynt har vi s\u00e5 det r\u00e4cker och blir \u00f6ver.<\/p>\n<p>Vi har inf\u00f6rt en ny tradition, julbord p\u00e5 Ulla Winbladh. D\u00e5 blir det v\u00e5r lilla familjekonstellation med moderskan, mig och Uffe. En julkonsert \u00e4r ocks\u00e5 lite av en tradition. P\u00e5 s\u00f6ndag finns det en m\u00f6jlighet till finska juls\u00e5nger p\u00e5 S:ta Ranghilds kyrka i S\u00f6dert\u00e4lje, men det kanske blir en till ut\u00f6ver den. En julmarknad vore ocks\u00e5 roligt att bes\u00f6ka&#8230;\u00c5bo kanske inte blir av, men Taxinge slott eller n\u00e5got annat i den stilen?<\/p>\n<p>Ut\u00f6ver dessa saker vill jag bara ha lugn och ro, god mat och n\u00e5gon l\u00e5ngpromenad. Kanske n\u00e5gon film p\u00e5 dvd.<\/p>\n<p style=\"text-align: center;\"><a href=\"http:\/\/www.susannavaris.com\/blogg\/wp-content\/uploads\/2011\/12\/cleaning_24059071.jpg\"><img loading=\"lazy\" decoding=\"async\" class=\"aligncenter size-full wp-image-3411\" title=\"cleaning_24059071\" src=\"http:\/\/www.susannavaris.com\/blogg\/wp-content\/uploads\/2011\/12\/cleaning_24059071.jpg\" alt=\"\" width=\"200\" height=\"341\" \/><\/a><em>Ungef\u00e4r s\u00e5 h\u00e4r kommer jag att se ut imorgon&#8230;<\/em><\/p>\n<p>S\u00e5, att g\u00f6ra\/skaffa-listan inneh\u00e5ller nu: julst\u00e4da, julblommor, julgransfot + matta, skriva och posta julkort, julklapp till Uffe och en del mat.<\/p>\n","protected":false},"excerpt":{"rendered":"<p>Vi \u00e4r redan en vecka in i december och jag har inte k\u00e4nt av n\u00e5gon som helst julstress \u00e4n. Det \u00e4r beh\u00e4ndigt med l\u00e5ga ambitioner. De senaste fem dagarna har jag tillbringat p\u00e5 l\u00f6nearbetet, men nu \u00e4r jag ledig i &hellip; <a href=\"http:\/\/www.susannavaris.com\/blogg\/2011\/12\/stresscember\/\">Forts\u00e4tt l\u00e4sa <span class=\"meta-nav\">&rarr;<\/span><\/a><\/p>\n","protected":false},"author":1,"featured_media":0,"comment_status":"open","ping_status":"open","sticky":false,"template":"","format":"standard","meta":{"footnotes":""},"categories":[341,10,1,11],"tags":[949,982,981,979,980,292],"class_list":["post-3409","post","type-post","status-publish","format-standard","hentry","category-cyberspace-oddities","category-kuriosakabinettet","category-okategoriserade","category-say-whaaat","tag-jul","tag-julstadning","tag-julstress","tag-lol-cat","tag-pinup","tag-wtf"],"_links":{"self":[{"href":"http:\/\/www.susannavaris.com\/blogg\/wp-json\/wp\/v2\/posts\/3409","targetHints":{"allow":["GET"]}}],"collection":[{"href":"http:\/\/www.susannavaris.com\/blogg\/wp-json\/wp\/v2\/posts"}],"about":[{"href":"http:\/\/www.susannavaris.com\/blogg\/wp-json\/wp\/v2\/types\/post"}],"author":[{"embeddable":true,"href":"http:\/\/www.susannavaris.com\/blogg\/wp-json\/wp\/v2\/users\/1"}],"replies":[{"embeddable":true,"href":"http:\/\/www.susannavaris.com\/blogg\/wp-json\/wp\/v2\/comments?post=3409"}],"version-history":[{"count":2,"href":"http:\/\/www.susannavaris.com\/blogg\/wp-json\/wp\/v2\/posts\/3409\/revisions"}],"predecessor-version":[{"id":3413,"href":"http:\/\/www.susannavaris.com\/blogg\/wp-json\/wp\/v2\/posts\/3409\/revisions\/3413"}],"wp:attachment":[{"href":"http:\/\/www.susannavaris.com\/blogg\/wp-json\/wp\/v2\/media?parent=3409"}],"wp:term":[{"taxonomy":"category","embeddable":true,"href":"http:\/\/www.susannavaris.com\/blogg\/wp-json\/wp\/v2\/categories?post=3409"},{"taxonomy":"post_tag","embeddable":true,"href":"http:\/\/www.susannavaris.com\/blogg\/wp-json\/wp\/v2\/tags?post=3409"}],"curies":[{"name":"wp","href":"https:\/\/api.w.org\/{rel}","templated":true}]}}