{"id":3417,"date":"2011-12-08T20:38:58","date_gmt":"2011-12-08T19:38:58","guid":{"rendered":"http:\/\/www.susannavaris.com\/blogg\/?p=3417"},"modified":"2011-12-08T20:38:58","modified_gmt":"2011-12-08T19:38:58","slug":"tidig-julklapp","status":"publish","type":"post","link":"http:\/\/www.susannavaris.com\/blogg\/2011\/12\/tidig-julklapp\/","title":{"rendered":"Tidig julklapp"},"content":{"rendered":"<p style=\"text-align: center;\"><a href=\"http:\/\/www.susannavaris.com\/blogg\/wp-content\/uploads\/2011\/12\/DSC_0507-50.jpg\"><img loading=\"lazy\" decoding=\"async\" class=\"aligncenter size-large wp-image-3422\" title=\"DSC_0507-50\" src=\"http:\/\/www.susannavaris.com\/blogg\/wp-content\/uploads\/2011\/12\/DSC_0507-50-1024x682.jpg\" alt=\"\" width=\"640\" height=\"426\" srcset=\"http:\/\/www.susannavaris.com\/blogg\/wp-content\/uploads\/2011\/12\/DSC_0507-50-1024x682.jpg 1024w, http:\/\/www.susannavaris.com\/blogg\/wp-content\/uploads\/2011\/12\/DSC_0507-50-300x200.jpg 300w\" sizes=\"auto, (max-width: 640px) 100vw, 640px\" \/><\/a><em>Efter st\u00e4dningen. Nu kan man ta sig fram utan att hoppa \u00f6ver diverse sp\u00e4nnande h\u00f6gar. man kan \u00e4ven andas utan att riskera dammlunga.<\/em><\/p>\n<p>Dagen har g\u00e5tt i julens tecken. P\u00e5 morgonen var jag tvungen att rusa till aff\u00e4ren eftersom kaffet var slut. Utan kaffe, ingen dag. Med kaffe (Zoega Mezzo), th\u00e9 (Lipton Yellow Label, eftersom den var billig), skvaller (S) och ett returnerat paket fr\u00e5n Italien (min trogna kund har en f\u00f6rm\u00e5ga att resa v\u00e4rlden runt och gl\u00f6mma att h\u00e4mta ut sina m\u00e5lningar) nj\u00f6t jag av den lilla stunden solsken p\u00e5 v\u00e4gen hem. P\u00e5 med kaffe och st\u00e4dstass, sedan till verket!<\/p>\n<p>Herregud vad mycket anteckningar, tidningar, saker, ting och br\u00e5te jag hade lyckats samla in i vardagsrummet! D\u00e4r har jag min arbetsplats f\u00f6r konstn\u00e4rligt skapande och l\u00e4sh\u00f6rna\/laptop f\u00f6r datoriserade aktiviteter, det har blivit ett allaktivitetsrum och det m\u00e4rks. Jag har ju ett arbetsrum ocks\u00e5, men det har f\u00f6rvandlats till ett \u00f6verbelamrat kontor\/f\u00f6rr\u00e5d. Dessutom vill jag \u00e4nd\u00e5 inte sitta d\u00e4r och arbeta med det jag numera g\u00f6r. F\u00f6r h\u00f6gskolestudierna var det alldeles utm\u00e4rkt, inte m\u00e5nga distraktioner, men f\u00f6r det mera kreativa livet vid m\u00e5lningarna, collagen och bloggandet, fungerar hemmets centrum b\u00e4st. Men jag vill inreda ett &#8221;vetenskapsrum&#8221; inne p\u00e5 kontoret. Jag har startat med att inhandla en dr\u00f6s med mineraler och urtidsdjurst\u00e4nder&#8230;<\/p>\n<p style=\"text-align: center;\"><a href=\"http:\/\/www.susannavaris.com\/blogg\/wp-content\/uploads\/2011\/12\/DSC_0500-50.jpg\"><img loading=\"lazy\" decoding=\"async\" class=\"aligncenter size-large wp-image-3418\" title=\"DSC_0500-50\" src=\"http:\/\/www.susannavaris.com\/blogg\/wp-content\/uploads\/2011\/12\/DSC_0500-50-792x1024.jpg\" alt=\"\" width=\"640\" height=\"827\" srcset=\"http:\/\/www.susannavaris.com\/blogg\/wp-content\/uploads\/2011\/12\/DSC_0500-50-792x1024.jpg 792w, http:\/\/www.susannavaris.com\/blogg\/wp-content\/uploads\/2011\/12\/DSC_0500-50-232x300.jpg 232w, http:\/\/www.susannavaris.com\/blogg\/wp-content\/uploads\/2011\/12\/DSC_0500-50.jpg 1478w\" sizes=\"auto, (max-width: 640px) 100vw, 640px\" \/><\/a><em>Italienare kan det h\u00e4r med stilfull vulgaritet&#8230;<\/em><\/p>\n<p>Posten damp ner mitt i fejjandet och jag fick min f\u00f6rsta julklapp till mig sj\u00e4lv; tv\u00e5 stycken Versace-scarves fr\u00e5n HM-kollektionen. S\u00e5\u00e5\u00e5 snygga!<\/p>\n<p>Efter n\u00e4stan sex timmars slit med st\u00e4dningen har jag nu f\u00e5tt ordning p\u00e5 tv\u00e5 rum, vardagsrummet och k\u00f6ket. St\u00e4dning \u00e4r roligt ungef\u00e4r tv\u00e5 g\u00e5nger per \u00e5r och idag var det ett s\u00e5dant tillf\u00e4lle, men sex timmar f\u00e5r r\u00e4cka. Jag m\u00e5ste vara ledig ocks\u00e5.<\/p>\n<p style=\"text-align: center;\"><a href=\"http:\/\/www.susannavaris.com\/blogg\/wp-content\/uploads\/2011\/12\/DSC_0502-50.jpg\"><img loading=\"lazy\" decoding=\"async\" class=\"aligncenter size-large wp-image-3419\" title=\"DSC_0502-50\" src=\"http:\/\/www.susannavaris.com\/blogg\/wp-content\/uploads\/2011\/12\/DSC_0502-50-1024x682.jpg\" alt=\"\" width=\"640\" height=\"426\" srcset=\"http:\/\/www.susannavaris.com\/blogg\/wp-content\/uploads\/2011\/12\/DSC_0502-50-1024x682.jpg 1024w, http:\/\/www.susannavaris.com\/blogg\/wp-content\/uploads\/2011\/12\/DSC_0502-50-300x200.jpg 300w\" sizes=\"auto, (max-width: 640px) 100vw, 640px\" \/><\/a><em>Julst\u00e4mning i k\u00f6ket&#8230;<\/em><\/p>\n<p style=\"text-align: center;\"><a href=\"http:\/\/www.susannavaris.com\/blogg\/wp-content\/uploads\/2011\/12\/DSC_0503-50.jpg\"><img loading=\"lazy\" decoding=\"async\" class=\"aligncenter size-large wp-image-3420\" title=\"DSC_0503-50\" src=\"http:\/\/www.susannavaris.com\/blogg\/wp-content\/uploads\/2011\/12\/DSC_0503-50-1024x682.jpg\" alt=\"\" width=\"640\" height=\"426\" srcset=\"http:\/\/www.susannavaris.com\/blogg\/wp-content\/uploads\/2011\/12\/DSC_0503-50-1024x682.jpg 1024w, http:\/\/www.susannavaris.com\/blogg\/wp-content\/uploads\/2011\/12\/DSC_0503-50-300x200.jpg 300w\" sizes=\"auto, (max-width: 640px) 100vw, 640px\" \/><\/a><em>\u00c4ntligen.<\/em><\/p>\n<p style=\"text-align: center;\"><a href=\"http:\/\/www.susannavaris.com\/blogg\/wp-content\/uploads\/2011\/12\/DSC_0506-50.jpg\"><img loading=\"lazy\" decoding=\"async\" class=\"aligncenter size-large wp-image-3421\" title=\"DSC_0506-50\" src=\"http:\/\/www.susannavaris.com\/blogg\/wp-content\/uploads\/2011\/12\/DSC_0506-50-1024x682.jpg\" alt=\"\" width=\"640\" height=\"426\" srcset=\"http:\/\/www.susannavaris.com\/blogg\/wp-content\/uploads\/2011\/12\/DSC_0506-50-1024x682.jpg 1024w, http:\/\/www.susannavaris.com\/blogg\/wp-content\/uploads\/2011\/12\/DSC_0506-50-300x200.jpg 300w\" sizes=\"auto, (max-width: 640px) 100vw, 640px\" \/><\/a><em>Inget vidare foto, men stj\u00e4rnan \u00e4r s\u00e5 vacker och jag gillar verkligen min utsikt. Ibland \u00e4r ghettot inte s\u00e5 illa&#8230;<\/em><\/p>\n<p style=\"text-align: center;\"><a href=\"http:\/\/www.susannavaris.com\/blogg\/wp-content\/uploads\/2011\/12\/DSC_0428-50.jpg\"><img loading=\"lazy\" decoding=\"async\" class=\"aligncenter size-large wp-image-3423\" title=\"DSC_0428-50\" src=\"http:\/\/www.susannavaris.com\/blogg\/wp-content\/uploads\/2011\/12\/DSC_0428-50-1024x682.jpg\" alt=\"\" width=\"640\" height=\"426\" srcset=\"http:\/\/www.susannavaris.com\/blogg\/wp-content\/uploads\/2011\/12\/DSC_0428-50-1024x682.jpg 1024w, http:\/\/www.susannavaris.com\/blogg\/wp-content\/uploads\/2011\/12\/DSC_0428-50-300x200.jpg 300w\" sizes=\"auto, (max-width: 640px) 100vw, 640px\" \/><\/a><em>Buketten p\u00e5 bordet \u00e4r Uffes 50-\u00e5rsblommor. De f\u00e5r agera julblomma tills jag kommer iv\u00e4g f\u00f6r att skaffa de riktiga.<\/em><\/p>\n<p style=\"text-align: center;\"><a href=\"http:\/\/www.susannavaris.com\/blogg\/wp-content\/uploads\/2011\/12\/DSC_0430-50.jpg\"><img loading=\"lazy\" decoding=\"async\" class=\"aligncenter size-large wp-image-3424\" title=\"DSC_0430-50\" src=\"http:\/\/www.susannavaris.com\/blogg\/wp-content\/uploads\/2011\/12\/DSC_0430-50-682x1024.jpg\" alt=\"\" width=\"640\" height=\"960\" srcset=\"http:\/\/www.susannavaris.com\/blogg\/wp-content\/uploads\/2011\/12\/DSC_0430-50-682x1024.jpg 682w, http:\/\/www.susannavaris.com\/blogg\/wp-content\/uploads\/2011\/12\/DSC_0430-50-200x300.jpg 200w, http:\/\/www.susannavaris.com\/blogg\/wp-content\/uploads\/2011\/12\/DSC_0430-50.jpg 1536w\" sizes=\"auto, (max-width: 640px) 100vw, 640px\" \/><\/a><\/p>\n<p style=\"text-align: left;\">Julen \u00e4r trevligare med n\u00e5gon att fira med. Under 14 \u00e5r jobbade jag stort sett alla jular och hann n\u00e4stan gl\u00f6mma bort hur man firade. Julen \u00e4r inte s\u00e5 stor sak n\u00e4r man \u00e4r vuxen, men den g\u00f6rs till en stor sak \u00f6verallt. Jag minns de jular d\u00e5 jag inte firade med n\u00e5gon och f\u00f6rs\u00f6kte att inte g\u00f6ra s\u00e5 stor sak av julen. Det lyckades n\u00e4stan inte. \u00d6verallt denna bombardemang av jul jul jul&#8230;perfekt jul. Perfekt \u00e4r ett annat ord jag finner sv\u00e5rsm\u00e4lt. Ingenting kan vara perfekt, f\u00f6r d\u00e5 \u00e5terst\u00e5r ju inget att str\u00e4va efter. Trots det tjatas det om perfekta br\u00f6llop, perfekta semestrar, perfekta partners, perfekta jobb, perfekta kl\u00e4nningar och allt m\u00f6jligt perfekt mellan himmel och jord. Perfekt betyder felfri. Varf\u00f6r skaffar man sig ett ideal som \u00e4r om\u00f6jligt att uppn\u00e5? Missn\u00f6jdheten \u00e4r ju garanterad p\u00e5 det s\u00e4ttet.<\/p>\n<p style=\"text-align: left;\">Julhetsen kan vara en riktig pl\u00e5ga. En jul f\u00f6r n\u00e5gra \u00e5r sedan, jag tror att det var 2008, skulle jag inte fira jul alls. Strax f\u00f6re jul blev jag \u00e4nd\u00e5 inbjuden till en god v\u00e4ninna och hennes familj i Stj\u00e4rnhov. Jag k\u00e4nde mig som en ensam och misslyckad stackare, en \u00f6verbliven tant i sl\u00e4kten som bj\u00f6ds in p\u00e5 n\u00e5der. Det var absolut inte hennes mening att f\u00e5 mig att k\u00e4nna s\u00e5 och hon gjorde inget f\u00f6r att jag skulle g\u00f6ra det, allt fanns i mitt huvud. Jag, som l\u00e5tsades inte bry mig om julhetsen och lyckades ganska bra med det enligt mig sj\u00e4lv, gick \u00e4nd\u00e5 och k\u00e4nde mig misslyckad f\u00f6r att jag inte hade den &#8221;perfekta&#8221; julen med tindrande barn, gulliga \u00e4ldre sl\u00e4ktingar och massiva m\u00e4ngder med dyra klappar och mat. Det \u00e4r tidpunkten p\u00e5 \u00e5ret d\u00e5 ditt m\u00e4nniskov\u00e4rde m\u00e4ts; den med mest och b\u00e4st umg\u00e4nge och klappar vinner.<\/p>\n<p style=\"text-align: left;\">Men julen hos min v\u00e4ninna var den b\u00e4sta jag hade haft p\u00e5 m\u00e5nga, m\u00e5nga \u00e5r och jag var s\u00e5\u00e5 glad efter\u00e5t att jag blivit bjuden och dessutom hade tackat ja.<\/p>\n<p style=\"text-align: left;\">\n","protected":false},"excerpt":{"rendered":"<p>Efter st\u00e4dningen. Nu kan man ta sig fram utan att hoppa \u00f6ver diverse sp\u00e4nnande h\u00f6gar. man kan \u00e4ven andas utan att riskera dammlunga. Dagen har g\u00e5tt i julens tecken. P\u00e5 morgonen var jag tvungen att rusa till aff\u00e4ren eftersom kaffet &hellip; <a href=\"http:\/\/www.susannavaris.com\/blogg\/2011\/12\/tidig-julklapp\/\">Forts\u00e4tt l\u00e4sa <span class=\"meta-nav\">&rarr;<\/span><\/a><\/p>\n","protected":false},"author":1,"featured_media":0,"comment_status":"open","ping_status":"open","sticky":false,"template":"","format":"standard","meta":{"footnotes":""},"categories":[213,1],"tags":[808,949,984,983,981,807],"class_list":["post-3417","post","type-post","status-publish","format-standard","hentry","category-inredning","category-okategoriserade","tag-hm","tag-jul","tag-juldekorationer","tag-julhets","tag-julstress","tag-versace"],"_links":{"self":[{"href":"http:\/\/www.susannavaris.com\/blogg\/wp-json\/wp\/v2\/posts\/3417","targetHints":{"allow":["GET"]}}],"collection":[{"href":"http:\/\/www.susannavaris.com\/blogg\/wp-json\/wp\/v2\/posts"}],"about":[{"href":"http:\/\/www.susannavaris.com\/blogg\/wp-json\/wp\/v2\/types\/post"}],"author":[{"embeddable":true,"href":"http:\/\/www.susannavaris.com\/blogg\/wp-json\/wp\/v2\/users\/1"}],"replies":[{"embeddable":true,"href":"http:\/\/www.susannavaris.com\/blogg\/wp-json\/wp\/v2\/comments?post=3417"}],"version-history":[{"count":2,"href":"http:\/\/www.susannavaris.com\/blogg\/wp-json\/wp\/v2\/posts\/3417\/revisions"}],"predecessor-version":[{"id":3426,"href":"http:\/\/www.susannavaris.com\/blogg\/wp-json\/wp\/v2\/posts\/3417\/revisions\/3426"}],"wp:attachment":[{"href":"http:\/\/www.susannavaris.com\/blogg\/wp-json\/wp\/v2\/media?parent=3417"}],"wp:term":[{"taxonomy":"category","embeddable":true,"href":"http:\/\/www.susannavaris.com\/blogg\/wp-json\/wp\/v2\/categories?post=3417"},{"taxonomy":"post_tag","embeddable":true,"href":"http:\/\/www.susannavaris.com\/blogg\/wp-json\/wp\/v2\/tags?post=3417"}],"curies":[{"name":"wp","href":"https:\/\/api.w.org\/{rel}","templated":true}]}}