{"id":3477,"date":"2011-12-10T20:09:31","date_gmt":"2011-12-10T19:09:31","guid":{"rendered":"http:\/\/www.susannavaris.com\/blogg\/?p=3477"},"modified":"2011-12-28T11:16:49","modified_gmt":"2011-12-28T10:16:49","slug":"julfrosseri-och-queertomtar","status":"publish","type":"post","link":"http:\/\/www.susannavaris.com\/blogg\/2011\/12\/julfrosseri-och-queertomtar\/","title":{"rendered":"Julfrosseri och queertomtar"},"content":{"rendered":"<p>Trots ledig l\u00f6rdag k\u00e4ndes det helt okej att st\u00e4lla klockan p\u00e5 tjugo i \u00e5tta. Det vankades det traditionsenliga julbordet p\u00e5 Ulla Winbladh. Dusch, piff och puff, samt en l\u00e4tt frukost senare styrde vi kosan mot Stockholm. Resrutten var n\u00e5got modifierad eftersom en rik flora av diverse v\u00e4nster och h\u00f6gerextremister denna dag f\u00f6r\u00e4rats med demonstrationstillst\u00e5nd, i m\u00e5nga fall n\u00e4stan samtidigt och vid n\u00e4rliggande platser. Dessutom h\u00e5lls ikv\u00e4ll nobelfestligheterna p\u00e5 Stadshuset, dit man forslar g\u00e4ster en stor del av eftermiddagen med vidh\u00e4ngande avst\u00e4ngningar av gator i city.<\/p>\n<p style=\"text-align: center;\"><a href=\"http:\/\/www.susannavaris.com\/blogg\/wp-content\/uploads\/2011\/12\/DSC_0512-crop-50.jpg\"><img loading=\"lazy\" decoding=\"async\" class=\"aligncenter size-large wp-image-3478\" title=\"DSC_0512-crop-50\" src=\"http:\/\/www.susannavaris.com\/blogg\/wp-content\/uploads\/2011\/12\/DSC_0512-crop-50-1024x499.jpg\" alt=\"\" width=\"640\" height=\"311\" srcset=\"http:\/\/www.susannavaris.com\/blogg\/wp-content\/uploads\/2011\/12\/DSC_0512-crop-50-1024x499.jpg 1024w, http:\/\/www.susannavaris.com\/blogg\/wp-content\/uploads\/2011\/12\/DSC_0512-crop-50-300x146.jpg 300w\" sizes=\"auto, (max-width: 640px) 100vw, 640px\" \/><\/a><em>V\u00e4rdshuset Ulla Winbladh p\u00e5 Djurg\u00e5rden.<\/em><\/p>\n<p>V\u00e5r plan fungerade utm\u00e4rkt och klockan 11.45 \u00e4ntrade vi v\u00e4rdshuset p\u00e5 Djurg\u00e5rden.<\/p>\n<p style=\"text-align: center;\"><a href=\"http:\/\/www.susannavaris.com\/blogg\/wp-content\/uploads\/2011\/12\/ullawinbladh02.jpg\"><img loading=\"lazy\" decoding=\"async\" class=\"aligncenter size-full wp-image-3479\" title=\"ullawinbladh02\" src=\"http:\/\/www.susannavaris.com\/blogg\/wp-content\/uploads\/2011\/12\/ullawinbladh02.jpg\" alt=\"\" width=\"870\" height=\"634\" srcset=\"http:\/\/www.susannavaris.com\/blogg\/wp-content\/uploads\/2011\/12\/ullawinbladh02.jpg 870w, http:\/\/www.susannavaris.com\/blogg\/wp-content\/uploads\/2011\/12\/ullawinbladh02-300x218.jpg 300w\" sizes=\"auto, (max-width: 870px) 100vw, 870px\" \/><\/a><em>Bild fr\u00e5n ullawinbladh.se<\/em><\/p>\n<p style=\"text-align: center;\"><a href=\"http:\/\/www.susannavaris.com\/blogg\/wp-content\/uploads\/2011\/12\/DSC_0513-50.jpg\"><img loading=\"lazy\" decoding=\"async\" class=\"aligncenter size-large wp-image-3480\" title=\"DSC_0513-50\" src=\"http:\/\/www.susannavaris.com\/blogg\/wp-content\/uploads\/2011\/12\/DSC_0513-50-682x1024.jpg\" alt=\"\" width=\"640\" height=\"960\" srcset=\"http:\/\/www.susannavaris.com\/blogg\/wp-content\/uploads\/2011\/12\/DSC_0513-50-682x1024.jpg 682w, http:\/\/www.susannavaris.com\/blogg\/wp-content\/uploads\/2011\/12\/DSC_0513-50-200x300.jpg 200w, http:\/\/www.susannavaris.com\/blogg\/wp-content\/uploads\/2011\/12\/DSC_0513-50.jpg 1536w\" sizes=\"auto, (max-width: 640px) 100vw, 640px\" \/><\/a><em>Det \u00e4r s\u00e5 fint, men \u00e4ven mycket hemtrevligt, p\u00e5 Ulla Winbladh&#8230;<\/em><\/p>\n<p style=\"text-align: center;\"><a href=\"http:\/\/www.susannavaris.com\/blogg\/wp-content\/uploads\/2011\/12\/DSC_0514-50.jpg\"><img loading=\"lazy\" decoding=\"async\" class=\"aligncenter size-large wp-image-3481\" title=\"DSC_0514-50\" src=\"http:\/\/www.susannavaris.com\/blogg\/wp-content\/uploads\/2011\/12\/DSC_0514-50-682x1024.jpg\" alt=\"\" width=\"640\" height=\"960\" srcset=\"http:\/\/www.susannavaris.com\/blogg\/wp-content\/uploads\/2011\/12\/DSC_0514-50-682x1024.jpg 682w, http:\/\/www.susannavaris.com\/blogg\/wp-content\/uploads\/2011\/12\/DSC_0514-50-200x300.jpg 200w, http:\/\/www.susannavaris.com\/blogg\/wp-content\/uploads\/2011\/12\/DSC_0514-50.jpg 1536w\" sizes=\"auto, (max-width: 640px) 100vw, 640px\" \/><\/a><em>F\u00f6r mycket v\u00e4l snidad rococoram&#8230;<\/em><\/p>\n<p style=\"text-align: center;\"><a href=\"http:\/\/www.susannavaris.com\/blogg\/wp-content\/uploads\/2011\/12\/DSC_0515-r30-50.jpg\"><img loading=\"lazy\" decoding=\"async\" class=\"aligncenter size-large wp-image-3482\" title=\"DSC_0515-r30-50\" src=\"http:\/\/www.susannavaris.com\/blogg\/wp-content\/uploads\/2011\/12\/DSC_0515-r30-50-1024x918.jpg\" alt=\"\" width=\"640\" height=\"573\" srcset=\"http:\/\/www.susannavaris.com\/blogg\/wp-content\/uploads\/2011\/12\/DSC_0515-r30-50-1024x918.jpg 1024w, http:\/\/www.susannavaris.com\/blogg\/wp-content\/uploads\/2011\/12\/DSC_0515-r30-50-300x269.jpg 300w, http:\/\/www.susannavaris.com\/blogg\/wp-content\/uploads\/2011\/12\/DSC_0515-r30-50.jpg 1383w\" sizes=\"auto, (max-width: 640px) 100vw, 640px\" \/><\/a><em>Moderskan innan vi har satt ig\u00e5ng med \u00e4tandet&#8230;<\/em><\/p>\n<p style=\"text-align: center;\"><a href=\"http:\/\/www.susannavaris.com\/blogg\/wp-content\/uploads\/2011\/12\/DSC_0516-50.jpg\"><img loading=\"lazy\" decoding=\"async\" class=\"aligncenter size-large wp-image-3483\" title=\"DSC_0516-50\" src=\"http:\/\/www.susannavaris.com\/blogg\/wp-content\/uploads\/2011\/12\/DSC_0516-50-682x1024.jpg\" alt=\"\" width=\"640\" height=\"960\" srcset=\"http:\/\/www.susannavaris.com\/blogg\/wp-content\/uploads\/2011\/12\/DSC_0516-50-682x1024.jpg 682w, http:\/\/www.susannavaris.com\/blogg\/wp-content\/uploads\/2011\/12\/DSC_0516-50-200x300.jpg 200w, http:\/\/www.susannavaris.com\/blogg\/wp-content\/uploads\/2011\/12\/DSC_0516-50.jpg 1536w\" sizes=\"auto, (max-width: 640px) 100vw, 640px\" \/><\/a><em>En liten gl\u00f6gg som aperitif&#8230;<\/em><\/p>\n<p style=\"text-align: center;\"><a href=\"http:\/\/www.susannavaris.com\/blogg\/wp-content\/uploads\/2011\/12\/DSC_0518-50.jpg\"><img loading=\"lazy\" decoding=\"async\" class=\"aligncenter size-large wp-image-3484\" title=\"DSC_0518-50\" src=\"http:\/\/www.susannavaris.com\/blogg\/wp-content\/uploads\/2011\/12\/DSC_0518-50-682x1024.jpg\" alt=\"\" width=\"640\" height=\"960\" srcset=\"http:\/\/www.susannavaris.com\/blogg\/wp-content\/uploads\/2011\/12\/DSC_0518-50-682x1024.jpg 682w, http:\/\/www.susannavaris.com\/blogg\/wp-content\/uploads\/2011\/12\/DSC_0518-50-200x300.jpg 200w, http:\/\/www.susannavaris.com\/blogg\/wp-content\/uploads\/2011\/12\/DSC_0518-50.jpg 768w\" sizes=\"auto, (max-width: 640px) 100vw, 640px\" \/><\/a><em>Gott med gl\u00f6gg<\/em><\/p>\n<p style=\"text-align: center;\"><a href=\"http:\/\/www.susannavaris.com\/blogg\/wp-content\/uploads\/2011\/12\/DSC_0529-50-auto.jpg\"><img loading=\"lazy\" decoding=\"async\" class=\"aligncenter size-large wp-image-3488\" title=\"DSC_0529-50-auto\" src=\"http:\/\/www.susannavaris.com\/blogg\/wp-content\/uploads\/2011\/12\/DSC_0529-50-auto-682x1024.jpg\" alt=\"\" width=\"640\" height=\"960\" srcset=\"http:\/\/www.susannavaris.com\/blogg\/wp-content\/uploads\/2011\/12\/DSC_0529-50-auto-682x1024.jpg 682w, http:\/\/www.susannavaris.com\/blogg\/wp-content\/uploads\/2011\/12\/DSC_0529-50-auto-200x300.jpg 200w, http:\/\/www.susannavaris.com\/blogg\/wp-content\/uploads\/2011\/12\/DSC_0529-50-auto.jpg 1536w\" sizes=\"auto, (max-width: 640px) 100vw, 640px\" \/><\/a><em>Programmet f\u00f6r dagen&#8230;<\/em><\/p>\n<p style=\"text-align: center;\"><a href=\"http:\/\/www.susannavaris.com\/blogg\/wp-content\/uploads\/2011\/12\/DSC_0520-auto-50.jpg\"><img loading=\"lazy\" decoding=\"async\" class=\"aligncenter size-large wp-image-3485\" title=\"DSC_0520-auto-50\" src=\"http:\/\/www.susannavaris.com\/blogg\/wp-content\/uploads\/2011\/12\/DSC_0520-auto-50-682x1024.jpg\" alt=\"\" width=\"640\" height=\"960\" srcset=\"http:\/\/www.susannavaris.com\/blogg\/wp-content\/uploads\/2011\/12\/DSC_0520-auto-50-682x1024.jpg 682w, http:\/\/www.susannavaris.com\/blogg\/wp-content\/uploads\/2011\/12\/DSC_0520-auto-50-200x300.jpg 200w, http:\/\/www.susannavaris.com\/blogg\/wp-content\/uploads\/2011\/12\/DSC_0520-auto-50.jpg 1536w\" sizes=\"auto, (max-width: 640px) 100vw, 640px\" \/><\/a><em>K\u00f6n g\u00e5r f\u00f6rbi efterr\u00e4ttsborden&#8230;<\/em><\/p>\n<p style=\"text-align: center;\"><a href=\"http:\/\/www.susannavaris.com\/blogg\/wp-content\/uploads\/2011\/12\/DSC_0521-auto-50.jpg\"><img loading=\"lazy\" decoding=\"async\" class=\"aligncenter size-large wp-image-3486\" title=\"DSC_0521-auto-50\" src=\"http:\/\/www.susannavaris.com\/blogg\/wp-content\/uploads\/2011\/12\/DSC_0521-auto-50-1024x682.jpg\" alt=\"\" width=\"640\" height=\"426\" srcset=\"http:\/\/www.susannavaris.com\/blogg\/wp-content\/uploads\/2011\/12\/DSC_0521-auto-50-1024x682.jpg 1024w, http:\/\/www.susannavaris.com\/blogg\/wp-content\/uploads\/2011\/12\/DSC_0521-auto-50-300x200.jpg 300w\" sizes=\"auto, (max-width: 640px) 100vw, 640px\" \/><\/a><em>Viktigt att l\u00e4mna lite plats \u00e5t allt det h\u00e4r ocks\u00e5. Sympatiskt nog finns allt i miniformat, s\u00e5 att man smaka p\u00e5 m\u00e5nga sorter utan att det blir j\u00e4ttem\u00e4ngder med mat.<\/em><\/p>\n<p style=\"text-align: center;\"><a href=\"http:\/\/www.susannavaris.com\/blogg\/wp-content\/uploads\/2011\/12\/DSC_0522-50.jpg\"><img loading=\"lazy\" decoding=\"async\" class=\"aligncenter size-large wp-image-3487\" title=\"DSC_0522-50\" src=\"http:\/\/www.susannavaris.com\/blogg\/wp-content\/uploads\/2011\/12\/DSC_0522-50-682x1024.jpg\" alt=\"\" width=\"640\" height=\"960\" srcset=\"http:\/\/www.susannavaris.com\/blogg\/wp-content\/uploads\/2011\/12\/DSC_0522-50-682x1024.jpg 682w, http:\/\/www.susannavaris.com\/blogg\/wp-content\/uploads\/2011\/12\/DSC_0522-50-200x300.jpg 200w, http:\/\/www.susannavaris.com\/blogg\/wp-content\/uploads\/2011\/12\/DSC_0522-50.jpg 1536w\" sizes=\"auto, (max-width: 640px) 100vw, 640px\" \/><\/a><em>Min f\u00f6rsta tallrik. Fiskar fr\u00e4mst. Allt var helt superbt!<\/em><\/p>\n<p style=\"text-align: center;\"><a href=\"http:\/\/www.susannavaris.com\/blogg\/wp-content\/uploads\/2011\/12\/DSC_0523-50.jpg\"><img loading=\"lazy\" decoding=\"async\" class=\"aligncenter size-large wp-image-3489\" title=\"DSC_0523-50\" src=\"http:\/\/www.susannavaris.com\/blogg\/wp-content\/uploads\/2011\/12\/DSC_0523-50-1024x682.jpg\" alt=\"\" width=\"640\" height=\"426\" srcset=\"http:\/\/www.susannavaris.com\/blogg\/wp-content\/uploads\/2011\/12\/DSC_0523-50-1024x682.jpg 1024w, http:\/\/www.susannavaris.com\/blogg\/wp-content\/uploads\/2011\/12\/DSC_0523-50-300x200.jpg 300w\" sizes=\"auto, (max-width: 640px) 100vw, 640px\" \/><\/a><em>Min andra tallrik&#8230;<\/em><\/p>\n<p style=\"text-align: center;\"><a href=\"http:\/\/www.susannavaris.com\/blogg\/wp-content\/uploads\/2011\/12\/DSC_0524-50.jpg\"><img loading=\"lazy\" decoding=\"async\" class=\"aligncenter size-large wp-image-3490\" title=\"DSC_0524-50\" src=\"http:\/\/www.susannavaris.com\/blogg\/wp-content\/uploads\/2011\/12\/DSC_0524-50-1024x682.jpg\" alt=\"\" width=\"640\" height=\"426\" srcset=\"http:\/\/www.susannavaris.com\/blogg\/wp-content\/uploads\/2011\/12\/DSC_0524-50-1024x682.jpg 1024w, http:\/\/www.susannavaris.com\/blogg\/wp-content\/uploads\/2011\/12\/DSC_0524-50-300x200.jpg 300w\" sizes=\"auto, (max-width: 640px) 100vw, 640px\" \/><\/a><em>Inne i matrummet&#8230;<\/em><\/p>\n<p style=\"text-align: center;\">Efter en och en halv timmas tappert \u00e4tande till Jesus \u00e4ra var vi s\u00e5 framme vid efterr\u00e4tterna. Jag hade \u00e4ven ost med morotssylt och kex, samt \u00a0inkokta p\u00e4ron med sylt och gr\u00e4dde, men den tallriken blev inte vidare estetisk s\u00e5 ni f\u00e5r ingen bild p\u00e5 den. Gr\u00f6nm\u00f6gelosten med morotssylt var en killer! Helt himmelsk. Ja, allt var ju helt fantastiskt gott f\u00f6rst\u00e5s&#8230;<\/p>\n<p style=\"text-align: center;\"><a href=\"http:\/\/www.susannavaris.com\/blogg\/wp-content\/uploads\/2011\/12\/DSC_0525-50.jpg\"><img loading=\"lazy\" decoding=\"async\" class=\"aligncenter size-large wp-image-3491\" title=\"DSC_0525-50\" src=\"http:\/\/www.susannavaris.com\/blogg\/wp-content\/uploads\/2011\/12\/DSC_0525-50-1024x682.jpg\" alt=\"\" width=\"640\" height=\"426\" srcset=\"http:\/\/www.susannavaris.com\/blogg\/wp-content\/uploads\/2011\/12\/DSC_0525-50-1024x682.jpg 1024w, http:\/\/www.susannavaris.com\/blogg\/wp-content\/uploads\/2011\/12\/DSC_0525-50-300x200.jpg 300w\" sizes=\"auto, (max-width: 640px) 100vw, 640px\" \/><\/a><em>Magen sprickf\u00e4rdig med mat och luften full av superlativ.<\/em><\/p>\n<p style=\"text-align: center;\"><a href=\"http:\/\/www.susannavaris.com\/blogg\/wp-content\/uploads\/2011\/12\/DSC_0526-50.jpg\"><img loading=\"lazy\" decoding=\"async\" class=\"aligncenter size-large wp-image-3492\" title=\"DSC_0526-50\" src=\"http:\/\/www.susannavaris.com\/blogg\/wp-content\/uploads\/2011\/12\/DSC_0526-50-1024x682.jpg\" alt=\"\" width=\"640\" height=\"426\" srcset=\"http:\/\/www.susannavaris.com\/blogg\/wp-content\/uploads\/2011\/12\/DSC_0526-50-1024x682.jpg 1024w, http:\/\/www.susannavaris.com\/blogg\/wp-content\/uploads\/2011\/12\/DSC_0526-50-300x200.jpg 300w\" sizes=\"auto, (max-width: 640px) 100vw, 640px\" \/><\/a><em>En liten, liten marsipangris var den sista biten jag lyckades trycka i mig innan vi hade haft ett Mrs Creosote-moment f\u00f6r handen.<\/em><\/p>\n<p style=\"text-align: center;\"><a href=\"http:\/\/www.susannavaris.com\/blogg\/wp-content\/uploads\/2011\/12\/DSC_0528-50.jpg\"><img loading=\"lazy\" decoding=\"async\" class=\"aligncenter size-large wp-image-3493\" title=\"DSC_0528-50\" src=\"http:\/\/www.susannavaris.com\/blogg\/wp-content\/uploads\/2011\/12\/DSC_0528-50-682x1024.jpg\" alt=\"\" width=\"640\" height=\"960\" srcset=\"http:\/\/www.susannavaris.com\/blogg\/wp-content\/uploads\/2011\/12\/DSC_0528-50-682x1024.jpg 682w, http:\/\/www.susannavaris.com\/blogg\/wp-content\/uploads\/2011\/12\/DSC_0528-50-200x300.jpg 200w, http:\/\/www.susannavaris.com\/blogg\/wp-content\/uploads\/2011\/12\/DSC_0528-50.jpg 1536w\" sizes=\"auto, (max-width: 640px) 100vw, 640px\" \/><\/a><em>Moderskan efter avslutat julbord. Allt blod i magen, nada tankeverksamhet och tom andningen k\u00e4nns som en anstr\u00e4ngning. Proppm\u00e4tta men lyckliga. Vi best\u00e4mde oss f\u00f6r att ta en liten promenad bort till \u00d6stermalmstorg f\u00f6r att handla n\u00e5gon julblomma och sedan till NK:s julskyltning, som jag ville inspektera f\u00f6r att se om min julspaning h\u00e5ller.<\/em><\/p>\n<p style=\"text-align: center;\"><a href=\"http:\/\/www.susannavaris.com\/blogg\/wp-content\/uploads\/2011\/12\/DSC_0531-50.jpg\"><img loading=\"lazy\" decoding=\"async\" class=\"aligncenter size-large wp-image-3494\" title=\"DSC_0531-50\" src=\"http:\/\/www.susannavaris.com\/blogg\/wp-content\/uploads\/2011\/12\/DSC_0531-50-1024x682.jpg\" alt=\"\" width=\"640\" height=\"426\" srcset=\"http:\/\/www.susannavaris.com\/blogg\/wp-content\/uploads\/2011\/12\/DSC_0531-50-1024x682.jpg 1024w, http:\/\/www.susannavaris.com\/blogg\/wp-content\/uploads\/2011\/12\/DSC_0531-50-300x200.jpg 300w\" sizes=\"auto, (max-width: 640px) 100vw, 640px\" \/><\/a><em>Tack och hejd\u00e5 f\u00f6r i \u00e5r!<\/em><\/p>\n<p style=\"text-align: center;\"><a href=\"http:\/\/www.susannavaris.com\/blogg\/wp-content\/uploads\/2011\/12\/DSC_0533-crop-auto-50.jpg\"><img loading=\"lazy\" decoding=\"async\" class=\"aligncenter size-large wp-image-3496\" title=\"DSC_0533-crop-auto-50\" src=\"http:\/\/www.susannavaris.com\/blogg\/wp-content\/uploads\/2011\/12\/DSC_0533-crop-auto-50-1024x586.jpg\" alt=\"\" width=\"640\" height=\"366\" srcset=\"http:\/\/www.susannavaris.com\/blogg\/wp-content\/uploads\/2011\/12\/DSC_0533-crop-auto-50-1024x586.jpg 1024w, http:\/\/www.susannavaris.com\/blogg\/wp-content\/uploads\/2011\/12\/DSC_0533-crop-auto-50-300x171.jpg 300w\" sizes=\"auto, (max-width: 640px) 100vw, 640px\" \/><\/a><em>Klockan \u00e4r 14 och skymningen faller. F\u00f6rra \u00e5ret var det vackra, h\u00f6ga drivor med sn\u00f6 h\u00e4r, ett levande julkort.\u00a0<\/em><\/p>\n<p style=\"text-align: center;\"><em><\/em><a href=\"http:\/\/www.susannavaris.com\/blogg\/wp-content\/uploads\/2011\/12\/DSC_0534-50.jpg\"><img loading=\"lazy\" decoding=\"async\" class=\"aligncenter size-large wp-image-3497\" title=\"DSC_0534-50\" src=\"http:\/\/www.susannavaris.com\/blogg\/wp-content\/uploads\/2011\/12\/DSC_0534-50-1024x682.jpg\" alt=\"\" width=\"640\" height=\"426\" srcset=\"http:\/\/www.susannavaris.com\/blogg\/wp-content\/uploads\/2011\/12\/DSC_0534-50-1024x682.jpg 1024w, http:\/\/www.susannavaris.com\/blogg\/wp-content\/uploads\/2011\/12\/DSC_0534-50-300x200.jpg 300w\" sizes=\"auto, (max-width: 640px) 100vw, 640px\" \/><\/a><em>Min julspaning blev delvis bekr\u00e4ftad, delvis motbevisad. Spaningen var ju att det ska vara en ren i \u00e5r. H\u00e4r finns visserligen renar; som dekoration p\u00e5 spiselkransen och som tavlor p\u00e5 v\u00e4ggen. Rudolf har ersatts av en cykel. H\u00e4r cyklar en inlobbad milj\u00f6nissa och producerar el (?) samtidigt som Rudolf har f\u00f6rpassats till familjefotonas v\u00e4rld.<\/em><\/p>\n<p style=\"text-align: center;\"><a href=\"http:\/\/www.susannavaris.com\/blogg\/wp-content\/uploads\/2011\/12\/DSC_0535-50.jpg\"><img loading=\"lazy\" decoding=\"async\" class=\"aligncenter size-large wp-image-3498\" title=\"DSC_0535-50\" src=\"http:\/\/www.susannavaris.com\/blogg\/wp-content\/uploads\/2011\/12\/DSC_0535-50-682x1024.jpg\" alt=\"\" width=\"640\" height=\"960\" srcset=\"http:\/\/www.susannavaris.com\/blogg\/wp-content\/uploads\/2011\/12\/DSC_0535-50-682x1024.jpg 682w, http:\/\/www.susannavaris.com\/blogg\/wp-content\/uploads\/2011\/12\/DSC_0535-50-200x300.jpg 200w, http:\/\/www.susannavaris.com\/blogg\/wp-content\/uploads\/2011\/12\/DSC_0535-50.jpg 1536w\" sizes=\"auto, (max-width: 640px) 100vw, 640px\" \/><\/a><em>Det ska inte vara en ren i \u00e5r, det ska vara en cykel&#8230;\u00a0<\/em><\/p>\n<p style=\"text-align: center;\"><a href=\"http:\/\/www.susannavaris.com\/blogg\/wp-content\/uploads\/2011\/12\/DSC_0536-50.jpg\"><img loading=\"lazy\" decoding=\"async\" class=\"aligncenter size-large wp-image-3499\" title=\"DSC_0536-50\" src=\"http:\/\/www.susannavaris.com\/blogg\/wp-content\/uploads\/2011\/12\/DSC_0536-50-1024x682.jpg\" alt=\"\" width=\"640\" height=\"426\" srcset=\"http:\/\/www.susannavaris.com\/blogg\/wp-content\/uploads\/2011\/12\/DSC_0536-50-1024x682.jpg 1024w, http:\/\/www.susannavaris.com\/blogg\/wp-content\/uploads\/2011\/12\/DSC_0536-50-300x200.jpg 300w\" sizes=\"auto, (max-width: 640px) 100vw, 640px\" \/><\/a><em>I n\u00e4sta f\u00f6nster sk\u00e5dades en queer-tomte och nu kan inte genusvetar-\/queerteoretiker-g\u00e4nget l\u00e4ngre p\u00e5st\u00e5 att man \u00e4r s\u00e5 j\u00e4ttemarginaliserat. Tom konservatismens h\u00f6gborg NK har nu hbt:at till sig.<\/em><\/p>\n<p style=\"text-align: center;\"><a href=\"http:\/\/www.susannavaris.com\/blogg\/wp-content\/uploads\/2011\/12\/DSC_0538-50.jpg\"><img loading=\"lazy\" decoding=\"async\" class=\"aligncenter size-large wp-image-3500\" title=\"DSC_0538-50\" src=\"http:\/\/www.susannavaris.com\/blogg\/wp-content\/uploads\/2011\/12\/DSC_0538-50-682x1024.jpg\" alt=\"\" width=\"640\" height=\"960\" srcset=\"http:\/\/www.susannavaris.com\/blogg\/wp-content\/uploads\/2011\/12\/DSC_0538-50-682x1024.jpg 682w, http:\/\/www.susannavaris.com\/blogg\/wp-content\/uploads\/2011\/12\/DSC_0538-50-200x300.jpg 200w, http:\/\/www.susannavaris.com\/blogg\/wp-content\/uploads\/2011\/12\/DSC_0538-50.jpg 1536w\" sizes=\"auto, (max-width: 640px) 100vw, 640px\" \/><\/a><em>Patriarkatet h\u00e4rjade fritt i detta f\u00f6nster, d\u00e4r tomten stod och valde bland en del superhj\u00e4ltekostymer. I ett h\u00f6rn hade vi en liten socialrealistisk nisse\/nissa som var i full f\u00e4rd med att skura toaletten. Det var s\u00e4kert en stackars rut-utnyttjad invandrarnissa&#8230;var \u00e4r \u00c5sa Linderborg n\u00e4r hon beh\u00f6vs som b\u00e4st?<\/em><\/p>\n<p style=\"text-align: center;\"><a href=\"http:\/\/www.susannavaris.com\/blogg\/wp-content\/uploads\/2011\/12\/DSC_0539-50.jpg\"><img loading=\"lazy\" decoding=\"async\" class=\"aligncenter size-large wp-image-3501\" title=\"DSC_0539-50\" src=\"http:\/\/www.susannavaris.com\/blogg\/wp-content\/uploads\/2011\/12\/DSC_0539-50-1024x682.jpg\" alt=\"\" width=\"640\" height=\"426\" srcset=\"http:\/\/www.susannavaris.com\/blogg\/wp-content\/uploads\/2011\/12\/DSC_0539-50-1024x682.jpg 1024w, http:\/\/www.susannavaris.com\/blogg\/wp-content\/uploads\/2011\/12\/DSC_0539-50-300x200.jpg 300w\" sizes=\"auto, (max-width: 640px) 100vw, 640px\" \/><\/a><em>Tomten har m\u00e5nga tentakler i elden. H\u00e4r bevisar han ocks\u00e5 att den kvinnligt k\u00f6nskodade simultankapaciteten visst kan innehas av tom \u00e4ldre farbr\u00f6der. (Jag k\u00e4nner att jag har l\u00e4st alldeles f\u00f6r mycket genusoreringar f\u00f6r mitt eget b\u00e4sta&#8230;)<\/em><\/p>\n<p style=\"text-align: center;\"><a href=\"http:\/\/www.susannavaris.com\/blogg\/wp-content\/uploads\/2011\/12\/DSC_0540-50.jpg\"><img loading=\"lazy\" decoding=\"async\" class=\"aligncenter size-large wp-image-3502\" title=\"DSC_0540-50\" src=\"http:\/\/www.susannavaris.com\/blogg\/wp-content\/uploads\/2011\/12\/DSC_0540-50-682x1024.jpg\" alt=\"\" width=\"640\" height=\"960\" srcset=\"http:\/\/www.susannavaris.com\/blogg\/wp-content\/uploads\/2011\/12\/DSC_0540-50-682x1024.jpg 682w, http:\/\/www.susannavaris.com\/blogg\/wp-content\/uploads\/2011\/12\/DSC_0540-50-200x300.jpg 200w, http:\/\/www.susannavaris.com\/blogg\/wp-content\/uploads\/2011\/12\/DSC_0540-50.jpg 1536w\" sizes=\"auto, (max-width: 640px) 100vw, 640px\" \/><\/a><em>P\u00e5 tomtens kontor. Vi g\u00e5r bakl\u00e4nges i kronologin.<\/em><\/p>\n<p style=\"text-align: center;\"><a href=\"http:\/\/www.susannavaris.com\/blogg\/wp-content\/uploads\/2011\/12\/DSC_0541-50.jpg\"><img loading=\"lazy\" decoding=\"async\" class=\"aligncenter size-large wp-image-3503\" title=\"DSC_0541-50\" src=\"http:\/\/www.susannavaris.com\/blogg\/wp-content\/uploads\/2011\/12\/DSC_0541-50-1024x682.jpg\" alt=\"\" width=\"640\" height=\"426\" srcset=\"http:\/\/www.susannavaris.com\/blogg\/wp-content\/uploads\/2011\/12\/DSC_0541-50-1024x682.jpg 1024w, http:\/\/www.susannavaris.com\/blogg\/wp-content\/uploads\/2011\/12\/DSC_0541-50-300x200.jpg 300w\" sizes=\"auto, (max-width: 640px) 100vw, 640px\" \/><\/a><em>NK:s f\u00f6nster var r\u00e4tt roliga \u00e4nd\u00e5. Lite tankev\u00e4ckande, lite konstn\u00e4rlig p\u00e5 n\u00e5got s\u00e4tt. men nog \u00e4r man k\u00e4nslig f\u00f6r str\u00f6mningar i tiden.<\/em><\/p>\n<p style=\"text-align: center;\">Fortfarande m\u00e4tt och bel\u00e5ten ska jag nu \u00e4ntligen ha en lugn och mysig hemmakv\u00e4ll, med levande ljus, julst\u00e4mning och lite nobelfestligheter p\u00e5 dumburken.<\/p>\n<p style=\"text-align: center;\">Aprop\u00e5 cyklande tomten:<\/p>\n<p style=\"text-align: center;\"><a href=\"http:\/\/www.expressen.se\/1.2659668\">http:\/\/www.expressen.se\/1.2659668<\/a><\/p>\n","protected":false},"excerpt":{"rendered":"<p>Trots ledig l\u00f6rdag k\u00e4ndes det helt okej att st\u00e4lla klockan p\u00e5 tjugo i \u00e5tta. Det vankades det traditionsenliga julbordet p\u00e5 Ulla Winbladh. Dusch, piff och puff, samt en l\u00e4tt frukost senare styrde vi kosan mot Stockholm. Resrutten var n\u00e5got modifierad &hellip; <a href=\"http:\/\/www.susannavaris.com\/blogg\/2011\/12\/julfrosseri-och-queertomtar\/\">Forts\u00e4tt l\u00e4sa <span class=\"meta-nav\">&rarr;<\/span><\/a><\/p>\n","protected":false},"author":1,"featured_media":0,"comment_status":"open","ping_status":"open","sticky":false,"template":"","format":"standard","meta":{"footnotes":""},"categories":[181,259,1,590],"tags":[998,949,996,1001,1000,999,1003,1004,1002,997],"class_list":["post-3477","post","type-post","status-publish","format-standard","hentry","category-feminism","category-genusvetenskap","category-okategoriserade","category-politik","tag-djurgarden","tag-jul","tag-julbord","tag-julskyltning","tag-nk","tag-ostermalm","tag-ren","tag-renar","tag-tomten","tag-ulla-winbladh"],"_links":{"self":[{"href":"http:\/\/www.susannavaris.com\/blogg\/wp-json\/wp\/v2\/posts\/3477","targetHints":{"allow":["GET"]}}],"collection":[{"href":"http:\/\/www.susannavaris.com\/blogg\/wp-json\/wp\/v2\/posts"}],"about":[{"href":"http:\/\/www.susannavaris.com\/blogg\/wp-json\/wp\/v2\/types\/post"}],"author":[{"embeddable":true,"href":"http:\/\/www.susannavaris.com\/blogg\/wp-json\/wp\/v2\/users\/1"}],"replies":[{"embeddable":true,"href":"http:\/\/www.susannavaris.com\/blogg\/wp-json\/wp\/v2\/comments?post=3477"}],"version-history":[{"count":4,"href":"http:\/\/www.susannavaris.com\/blogg\/wp-json\/wp\/v2\/posts\/3477\/revisions"}],"predecessor-version":[{"id":3745,"href":"http:\/\/www.susannavaris.com\/blogg\/wp-json\/wp\/v2\/posts\/3477\/revisions\/3745"}],"wp:attachment":[{"href":"http:\/\/www.susannavaris.com\/blogg\/wp-json\/wp\/v2\/media?parent=3477"}],"wp:term":[{"taxonomy":"category","embeddable":true,"href":"http:\/\/www.susannavaris.com\/blogg\/wp-json\/wp\/v2\/categories?post=3477"},{"taxonomy":"post_tag","embeddable":true,"href":"http:\/\/www.susannavaris.com\/blogg\/wp-json\/wp\/v2\/tags?post=3477"}],"curies":[{"name":"wp","href":"https:\/\/api.w.org\/{rel}","templated":true}]}}