{"id":3513,"date":"2011-12-12T15:50:02","date_gmt":"2011-12-12T14:50:02","guid":{"rendered":"http:\/\/www.susannavaris.com\/blogg\/?p=3513"},"modified":"2011-12-12T19:31:13","modified_gmt":"2011-12-12T18:31:13","slug":"marilyn-manson-pa-metaltown-2012","status":"publish","type":"post","link":"http:\/\/www.susannavaris.com\/blogg\/2011\/12\/marilyn-manson-pa-metaltown-2012\/","title":{"rendered":"Marilyn Manson p\u00e5 Metaltown 2012"},"content":{"rendered":"<p style=\"text-align: center;\"><a href=\"http:\/\/www.susannavaris.com\/blogg\/wp-content\/uploads\/2011\/12\/metaltown2012_178303405.jpg\"><img loading=\"lazy\" decoding=\"async\" class=\"aligncenter size-full wp-image-3515\" title=\"metaltown2012_178303405\" src=\"http:\/\/www.susannavaris.com\/blogg\/wp-content\/uploads\/2011\/12\/metaltown2012_178303405.jpg\" alt=\"\" width=\"600\" height=\"375\" srcset=\"http:\/\/www.susannavaris.com\/blogg\/wp-content\/uploads\/2011\/12\/metaltown2012_178303405.jpg 600w, http:\/\/www.susannavaris.com\/blogg\/wp-content\/uploads\/2011\/12\/metaltown2012_178303405-300x187.jpg 300w\" sizes=\"auto, (max-width: 600px) 100vw, 600px\" \/><\/a><a href=\"http:\/\/www.metaltown.se\/?utm_source=Google&amp;utm_medium=cpc&amp;utm_campaign=Google\">http:\/\/www.metaltown.se\/?utm_source=Google&amp;utm_medium=cpc&amp;utm_campaign=Google<\/a><\/p>\n<p>Nyheten n\u00e5dde mig ig\u00e5r kv\u00e4ll p\u00e5 Manson Wiki; Marilyn Manson \u00e4r bokad till Metaltown 2012! Tjohoo!<\/p>\n<p>Jag k\u00e4nner mig b\u00e5de manad och hugad att f\u00f6rs\u00f6ka f\u00e5 till en liten tripp till G\u00f6teborg, trots att sm\u00e5 delar av min \u00e5ldrande lekamen vill spj\u00e4rna emot vid tanken p\u00e5 en festival. Jo, festival \u00e4r roligt, men jag skulle hellre ha tagit Manson i form av en vanlig, hederlig konsert p\u00e5 s\u00e4g, Globen, eller motsvarande. Men med lite innovationsrikedom kan \u00e4ven en festival vara helt ok, man beh\u00f6ver som tur \u00e4r inte n\u00f6dv\u00e4ndigtvis bo i dyngsurt t\u00e4lt och vada i lerv\u00e4lling uppblandad med kroppsv\u00e4tskor och sopor l\u00e4ngre. Jag vet inte hur galoppbanan i G\u00f6tlaborg fungerar som festivalomr\u00e5de, men jag hoppas att man tagit l\u00e4rdom av tidigare festivaler.<\/p>\n<p>\u00c5r 2009 var vi p\u00e5 Metaltown med n\u00e5gra v\u00e4nner och redaktionsmedlemmar fr\u00e5n Blaskan. Jag skrev om detta i en tv\u00e5delad kr\u00f6nika:<\/p>\n<p>Del I:<\/p>\n<p><a title=\"Metaltown del I\" href=\"http:\/\/www.blaskan.nu\/Blaskan\/Nummer83\/Musik\/metaltown_2009_1_susanna_varis.html\" target=\"_blank\">http:\/\/www.blaskan.nu\/Blaskan\/Nummer83\/Musik\/metaltown_2009_1_susanna_varis.html<\/a><\/p>\n<p>Del II:<\/p>\n<p><a href=\"http:\/\/www.blaskan.nu\/Blaskan\/Nummer83\/Musik\/metaltown_2009_2_susanna_varis.html\">http:\/\/www.blaskan.nu\/Blaskan\/Nummer83\/Musik\/metaltown_2009_2_susanna_varis.html<\/a><\/p>\n<p style=\"text-align: center;\"><a href=\"http:\/\/www.susannavaris.com\/blogg\/wp-content\/uploads\/2011\/12\/metaltown_09_i8349.jpg\"><img loading=\"lazy\" decoding=\"async\" class=\"aligncenter size-full wp-image-3516\" title=\"metaltown_09_i8349\" src=\"http:\/\/www.susannavaris.com\/blogg\/wp-content\/uploads\/2011\/12\/metaltown_09_i8349.jpg\" alt=\"\" width=\"533\" height=\"400\" srcset=\"http:\/\/www.susannavaris.com\/blogg\/wp-content\/uploads\/2011\/12\/metaltown_09_i8349.jpg 533w, http:\/\/www.susannavaris.com\/blogg\/wp-content\/uploads\/2011\/12\/metaltown_09_i8349-300x225.jpg 300w\" sizes=\"auto, (max-width: 533px) 100vw, 533px\" \/><\/a><em>Mitt foto fr\u00e5n 2009. Efter att min externa h\u00e5rddisk blev obstinat och tuggade och svalde i sig all lagrad information, fick jag nu ladda ner den h\u00e4r fr\u00e5n n\u00e4tet. M\u00e5ste kolla om den d\u00e4r disken g\u00e5r att r\u00e4dda&#8230;<\/em><\/p>\n<p style=\"text-align: left;\">Jag f\u00e5r idissla id\u00e9en om en reportageresa med f\u00f6rdelar till landets andra stad. Det vore faktiskt ganska skoj&#8230; ;-)<\/p>\n<p style=\"text-align: left;\">&#8211; : &#8211; : &#8211; : &#8211;<\/p>\n<p style=\"text-align: left;\">Jag verkar vara r\u00e4tt sen p\u00e5 bollen av allt att d\u00f6ma. Redan i torsdags har de flesta tidningarna skrivit om detta. Hmmm&#8230;dagen d\u00e5 jag julst\u00e4dade som en d\u00e5re. D\u00e4r ser man, st\u00e4dning \u00e4r inte uppbyggligt.<\/p>\n<p style=\"text-align: left;\"><a href=\"http:\/\/www.dn.se\/kultur-noje\/musik\/marylin-manson-till-metaltown\">http:\/\/www.dn.se\/kultur-noje\/musik\/marylin-manson-till-metaltown<\/a><\/p>\n","protected":false},"excerpt":{"rendered":"<p>http:\/\/www.metaltown.se\/?utm_source=Google&amp;utm_medium=cpc&amp;utm_campaign=Google Nyheten n\u00e5dde mig ig\u00e5r kv\u00e4ll p\u00e5 Manson Wiki; Marilyn Manson \u00e4r bokad till Metaltown 2012! Tjohoo! Jag k\u00e4nner mig b\u00e5de manad och hugad att f\u00f6rs\u00f6ka f\u00e5 till en liten tripp till G\u00f6teborg, trots att sm\u00e5 delar av min \u00e5ldrande &hellip; <a href=\"http:\/\/www.susannavaris.com\/blogg\/2011\/12\/marilyn-manson-pa-metaltown-2012\/\">Forts\u00e4tt l\u00e4sa <span class=\"meta-nav\">&rarr;<\/span><\/a><\/p>\n","protected":false},"author":1,"featured_media":0,"comment_status":"open","ping_status":"open","sticky":false,"template":"","format":"standard","meta":{"footnotes":""},"categories":[12,994,1],"tags":[1013,1012,16,1009,1011,1010],"class_list":["post-3513","post","type-post","status-publish","format-standard","hentry","category-marilyn-manson","category-musik","category-okategoriserade","tag-blaskan","tag-goteborg","tag-marilyn-manson-2","tag-metaltown","tag-metaltown-2009","tag-metaltown-2012"],"_links":{"self":[{"href":"http:\/\/www.susannavaris.com\/blogg\/wp-json\/wp\/v2\/posts\/3513","targetHints":{"allow":["GET"]}}],"collection":[{"href":"http:\/\/www.susannavaris.com\/blogg\/wp-json\/wp\/v2\/posts"}],"about":[{"href":"http:\/\/www.susannavaris.com\/blogg\/wp-json\/wp\/v2\/types\/post"}],"author":[{"embeddable":true,"href":"http:\/\/www.susannavaris.com\/blogg\/wp-json\/wp\/v2\/users\/1"}],"replies":[{"embeddable":true,"href":"http:\/\/www.susannavaris.com\/blogg\/wp-json\/wp\/v2\/comments?post=3513"}],"version-history":[{"count":6,"href":"http:\/\/www.susannavaris.com\/blogg\/wp-json\/wp\/v2\/posts\/3513\/revisions"}],"predecessor-version":[{"id":3522,"href":"http:\/\/www.susannavaris.com\/blogg\/wp-json\/wp\/v2\/posts\/3513\/revisions\/3522"}],"wp:attachment":[{"href":"http:\/\/www.susannavaris.com\/blogg\/wp-json\/wp\/v2\/media?parent=3513"}],"wp:term":[{"taxonomy":"category","embeddable":true,"href":"http:\/\/www.susannavaris.com\/blogg\/wp-json\/wp\/v2\/categories?post=3513"},{"taxonomy":"post_tag","embeddable":true,"href":"http:\/\/www.susannavaris.com\/blogg\/wp-json\/wp\/v2\/tags?post=3513"}],"curies":[{"name":"wp","href":"https:\/\/api.w.org\/{rel}","templated":true}]}}