{"id":3531,"date":"2011-12-13T16:32:45","date_gmt":"2011-12-13T15:32:45","guid":{"rendered":"http:\/\/www.susannavaris.com\/blogg\/?p=3531"},"modified":"2011-12-13T16:32:45","modified_gmt":"2011-12-13T15:32:45","slug":"dagens-ljusbringare","status":"publish","type":"post","link":"http:\/\/www.susannavaris.com\/blogg\/2011\/12\/dagens-ljusbringare\/","title":{"rendered":"Dagens ljusbringare"},"content":{"rendered":"<p><a href=\"http:\/\/www.susannavaris.com\/blogg\/wp-content\/uploads\/2011\/12\/Mih\u00e1ly_Zichy_Lucifer_1887.jpeg\"><img loading=\"lazy\" decoding=\"async\" class=\"aligncenter size-large wp-image-3532\" title=\"Mih\u00e1ly_Zichy_Lucifer_1887\" src=\"http:\/\/www.susannavaris.com\/blogg\/wp-content\/uploads\/2011\/12\/Mih\u00e1ly_Zichy_Lucifer_1887-660x1024.jpg\" alt=\"\" width=\"640\" height=\"992\" srcset=\"http:\/\/www.susannavaris.com\/blogg\/wp-content\/uploads\/2011\/12\/Mih\u00e1ly_Zichy_Lucifer_1887-660x1024.jpg 660w, http:\/\/www.susannavaris.com\/blogg\/wp-content\/uploads\/2011\/12\/Mih\u00e1ly_Zichy_Lucifer_1887-193x300.jpg 193w, http:\/\/www.susannavaris.com\/blogg\/wp-content\/uploads\/2011\/12\/Mih\u00e1ly_Zichy_Lucifer_1887.jpeg 675w\" sizes=\"auto, (max-width: 640px) 100vw, 640px\" \/><\/a><\/p>\n<p style=\"text-align: center;\"><em>Mich\u00e1ly Zichy, Lucifer.<\/em><\/p>\n<p>&#8230;\u00e4r sj\u00e4lvfallet Lucifer! Ist\u00e4llet f\u00f6r den passivt aggressiva Lucia (som slet ut sina \u00f6gon f\u00f6r att ge dem till mannen som blivit f\u00f6rtjust i dem) finns det m\u00e5nga fler och vettigare anledningar att fira Lucifer. Bringare av upplysning och den som ifr\u00e5gasatte guds env\u00e4lde (&#8221;Ni ska lyda mig, bara f\u00f6r att jag s\u00e4ger s\u00e5&#8230;&#8221;) k\u00e4nns som ett mycket modernare alternativ.<\/p>\n","protected":false},"excerpt":{"rendered":"<p>Mich\u00e1ly Zichy, Lucifer. &#8230;\u00e4r sj\u00e4lvfallet Lucifer! Ist\u00e4llet f\u00f6r den passivt aggressiva Lucia (som slet ut sina \u00f6gon f\u00f6r att ge dem till mannen som blivit f\u00f6rtjust i dem) finns det m\u00e5nga fler och vettigare anledningar att fira Lucifer. Bringare av &hellip; <a href=\"http:\/\/www.susannavaris.com\/blogg\/2011\/12\/dagens-ljusbringare\/\">Forts\u00e4tt l\u00e4sa <span class=\"meta-nav\">&rarr;<\/span><\/a><\/p>\n","protected":false},"author":1,"featured_media":0,"comment_status":"open","ping_status":"open","sticky":false,"template":"","format":"standard","meta":{"footnotes":""},"categories":[674,3,1,303],"tags":[1019,1022,1020,1021],"class_list":["post-3531","post","type-post","status-publish","format-standard","hentry","category-historia","category-konst","category-okategoriserade","category-religion","tag-lucia","tag-luciafirande","tag-lucifer","tag-michaly-zichy"],"_links":{"self":[{"href":"http:\/\/www.susannavaris.com\/blogg\/wp-json\/wp\/v2\/posts\/3531","targetHints":{"allow":["GET"]}}],"collection":[{"href":"http:\/\/www.susannavaris.com\/blogg\/wp-json\/wp\/v2\/posts"}],"about":[{"href":"http:\/\/www.susannavaris.com\/blogg\/wp-json\/wp\/v2\/types\/post"}],"author":[{"embeddable":true,"href":"http:\/\/www.susannavaris.com\/blogg\/wp-json\/wp\/v2\/users\/1"}],"replies":[{"embeddable":true,"href":"http:\/\/www.susannavaris.com\/blogg\/wp-json\/wp\/v2\/comments?post=3531"}],"version-history":[{"count":2,"href":"http:\/\/www.susannavaris.com\/blogg\/wp-json\/wp\/v2\/posts\/3531\/revisions"}],"predecessor-version":[{"id":3534,"href":"http:\/\/www.susannavaris.com\/blogg\/wp-json\/wp\/v2\/posts\/3531\/revisions\/3534"}],"wp:attachment":[{"href":"http:\/\/www.susannavaris.com\/blogg\/wp-json\/wp\/v2\/media?parent=3531"}],"wp:term":[{"taxonomy":"category","embeddable":true,"href":"http:\/\/www.susannavaris.com\/blogg\/wp-json\/wp\/v2\/categories?post=3531"},{"taxonomy":"post_tag","embeddable":true,"href":"http:\/\/www.susannavaris.com\/blogg\/wp-json\/wp\/v2\/tags?post=3531"}],"curies":[{"name":"wp","href":"https:\/\/api.w.org\/{rel}","templated":true}]}}