{"id":3557,"date":"2011-12-14T20:31:32","date_gmt":"2011-12-14T19:31:32","guid":{"rendered":"http:\/\/www.susannavaris.com\/blogg\/?p=3557"},"modified":"2011-12-16T00:14:36","modified_gmt":"2011-12-15T23:14:36","slug":"nattens-kap","status":"publish","type":"post","link":"http:\/\/www.susannavaris.com\/blogg\/2011\/12\/nattens-kap\/","title":{"rendered":"Nattens kap"},"content":{"rendered":"<p><a href=\"http:\/\/www.susannavaris.com\/blogg\/wp-content\/uploads\/2011\/12\/trishhm-dragon-tattoo-collection-adj.jpg\"><img loading=\"lazy\" decoding=\"async\" class=\"aligncenter size-full wp-image-3558\" title=\"trishhm-dragon-tattoo-collection-adj\" src=\"http:\/\/www.susannavaris.com\/blogg\/wp-content\/uploads\/2011\/12\/trishhm-dragon-tattoo-collection-adj.jpg\" alt=\"\" width=\"625\" height=\"536\" srcset=\"http:\/\/www.susannavaris.com\/blogg\/wp-content\/uploads\/2011\/12\/trishhm-dragon-tattoo-collection-adj.jpg 625w, http:\/\/www.susannavaris.com\/blogg\/wp-content\/uploads\/2011\/12\/trishhm-dragon-tattoo-collection-adj-300x257.jpg 300w\" sizes=\"auto, (max-width: 625px) 100vw, 625px\" \/><\/a><\/p>\n<p style=\"text-align: center;\"><em>De inringade plaggen \u00e4r nu p\u00e5 v\u00e4g till mig&#8230;trallalaa&#8230;Foto: HM<\/em><\/p>\n<p>Av en slump lyckades jag haffa \u00e5t mig tv\u00e5 plagg som jag suktat efter i den nya Trish Summerville for HM-kollektionen med Lisbeth Salander-inspiration. Jag trodde att den som vanligt skulle sl\u00e4ppas p\u00e5 n\u00e4tet ungef\u00e4r samtidigt som butikerna \u00f6ppnar p\u00e5 morgonen, men pl\u00f6tsligt fanns den f\u00f6r salu p\u00e5 natten. Ett par klick och kofta + byxor var mina. Jaa&#8230;eller efter att jag sedan betalat r\u00e4kningen ocks\u00e5 ska kanske till\u00e4ggas.<\/p>\n<p><a href=\"http:\/\/www.susannavaris.com\/blogg\/wp-content\/uploads\/2011\/12\/trish-summerville-for-hm-1a-01.jpg\"><img loading=\"lazy\" decoding=\"async\" class=\"aligncenter size-full wp-image-3559\" title=\"trish-summerville-for-hm-1a-01\" src=\"http:\/\/www.susannavaris.com\/blogg\/wp-content\/uploads\/2011\/12\/trish-summerville-for-hm-1a-01.jpg\" alt=\"\" width=\"148\" height=\"343\" srcset=\"http:\/\/www.susannavaris.com\/blogg\/wp-content\/uploads\/2011\/12\/trish-summerville-for-hm-1a-01.jpg 148w, http:\/\/www.susannavaris.com\/blogg\/wp-content\/uploads\/2011\/12\/trish-summerville-for-hm-1a-01-129x300.jpg 129w\" sizes=\"auto, (max-width: 148px) 100vw, 148px\" \/><\/a><\/p>\n<p>F\u00f6rresten \u00e4r inspirationen mer Dregen, tycker jag. Ett coolt grungeigt goth-look, j\u00e4ttesnyggt! Och vissa av plaggen kan man nog b\u00e4ra \u00e4ven i min \u00e4rbara \u00e5lder utan att bli f\u00f6r patetiskt ungdomlighetsstr\u00e4vande.<\/p>\n<p><a href=\"http:\/\/www.susannavaris.com\/blogg\/wp-content\/uploads\/2011\/12\/trishsalander_jpg_670921cl-8_174186551.jpg\"><img loading=\"lazy\" decoding=\"async\" class=\"aligncenter size-full wp-image-3560\" title=\"trishsalander_jpg_670921cl-8_174186551\" src=\"http:\/\/www.susannavaris.com\/blogg\/wp-content\/uploads\/2011\/12\/trishsalander_jpg_670921cl-8_174186551.jpg\" alt=\"\" width=\"620\" height=\"348\" srcset=\"http:\/\/www.susannavaris.com\/blogg\/wp-content\/uploads\/2011\/12\/trishsalander_jpg_670921cl-8_174186551.jpg 620w, http:\/\/www.susannavaris.com\/blogg\/wp-content\/uploads\/2011\/12\/trishsalander_jpg_670921cl-8_174186551-300x168.jpg 300w\" sizes=\"auto, (max-width: 620px) 100vw, 620px\" \/><\/a><\/p>\n<p style=\"text-align: center;\"><em>Lisbeth Salander i M\u00e4n Som Hatar Kvinnor. Looken \u00e4r mycket inspirerad av&#8230;<\/em><\/p>\n<p style=\"text-align: center;\"><a href=\"http:\/\/www.susannavaris.com\/blogg\/wp-content\/uploads\/2011\/12\/trishdagbladet730386607.jpg\"><img loading=\"lazy\" decoding=\"async\" class=\"aligncenter size-full wp-image-3561\" title=\"trishdagbladet730386607\" src=\"http:\/\/www.susannavaris.com\/blogg\/wp-content\/uploads\/2011\/12\/trishdagbladet730386607.jpg\" alt=\"\" width=\"468\" height=\"442\" srcset=\"http:\/\/www.susannavaris.com\/blogg\/wp-content\/uploads\/2011\/12\/trishdagbladet730386607.jpg 468w, http:\/\/www.susannavaris.com\/blogg\/wp-content\/uploads\/2011\/12\/trishdagbladet730386607-300x283.jpg 300w\" sizes=\"auto, (max-width: 468px) 100vw, 468px\" \/><\/a><\/p>\n<p style=\"text-align: center;\"><em>Foto: Dagbladet<\/em><\/p>\n<p style=\"text-align: center;\"><a href=\"http:\/\/www.susannavaris.com\/blogg\/wp-content\/uploads\/2011\/12\/trishdregensolo.jpg\"><img loading=\"lazy\" decoding=\"async\" class=\"aligncenter size-full wp-image-3562\" title=\"trishdregensolo\" src=\"http:\/\/www.susannavaris.com\/blogg\/wp-content\/uploads\/2011\/12\/trishdregensolo.jpg\" alt=\"\" width=\"413\" height=\"364\" srcset=\"http:\/\/www.susannavaris.com\/blogg\/wp-content\/uploads\/2011\/12\/trishdregensolo.jpg 413w, http:\/\/www.susannavaris.com\/blogg\/wp-content\/uploads\/2011\/12\/trishdregensolo-300x264.jpg 300w\" sizes=\"auto, (max-width: 413px) 100vw, 413px\" \/><\/a><\/p>\n<p style=\"text-align: center;\"><em>&#8230;Dregen.<\/em><\/p>\n<p style=\"text-align: center;\"><a href=\"http:\/\/www.expressen.se\/1.2652608\">http:\/\/www.expressen.se\/1.2652608<\/a><\/p>\n","protected":false},"excerpt":{"rendered":"<p>De inringade plaggen \u00e4r nu p\u00e5 v\u00e4g till mig&#8230;trallalaa&#8230;Foto: HM Av en slump lyckades jag haffa \u00e5t mig tv\u00e5 plagg som jag suktat efter i den nya Trish Summerville for HM-kollektionen med Lisbeth Salander-inspiration. Jag trodde att den som vanligt &hellip; <a href=\"http:\/\/www.susannavaris.com\/blogg\/2011\/12\/nattens-kap\/\">Forts\u00e4tt l\u00e4sa <span class=\"meta-nav\">&rarr;<\/span><\/a><\/p>\n","protected":false},"author":1,"featured_media":0,"comment_status":"open","ping_status":"open","sticky":false,"template":"","format":"standard","meta":{"footnotes":""},"categories":[14,994,1],"tags":[1041,1040,1037,4905,1043,1042,808,1039,1038,1036],"class_list":["post-3557","post","type-post","status-publish","format-standard","hentry","category-mode","category-musik","category-okategoriserade","tag-backyard-babies","tag-dregen","tag-girl-with-the-dragon-tattoo","tag-goth","tag-grunge","tag-hanoi-rocks","tag-hm","tag-lisbeth-salander","tag-man-som-hatar-kvinnor","tag-trish-summerville"],"_links":{"self":[{"href":"http:\/\/www.susannavaris.com\/blogg\/wp-json\/wp\/v2\/posts\/3557","targetHints":{"allow":["GET"]}}],"collection":[{"href":"http:\/\/www.susannavaris.com\/blogg\/wp-json\/wp\/v2\/posts"}],"about":[{"href":"http:\/\/www.susannavaris.com\/blogg\/wp-json\/wp\/v2\/types\/post"}],"author":[{"embeddable":true,"href":"http:\/\/www.susannavaris.com\/blogg\/wp-json\/wp\/v2\/users\/1"}],"replies":[{"embeddable":true,"href":"http:\/\/www.susannavaris.com\/blogg\/wp-json\/wp\/v2\/comments?post=3557"}],"version-history":[{"count":3,"href":"http:\/\/www.susannavaris.com\/blogg\/wp-json\/wp\/v2\/posts\/3557\/revisions"}],"predecessor-version":[{"id":3595,"href":"http:\/\/www.susannavaris.com\/blogg\/wp-json\/wp\/v2\/posts\/3557\/revisions\/3595"}],"wp:attachment":[{"href":"http:\/\/www.susannavaris.com\/blogg\/wp-json\/wp\/v2\/media?parent=3557"}],"wp:term":[{"taxonomy":"category","embeddable":true,"href":"http:\/\/www.susannavaris.com\/blogg\/wp-json\/wp\/v2\/categories?post=3557"},{"taxonomy":"post_tag","embeddable":true,"href":"http:\/\/www.susannavaris.com\/blogg\/wp-json\/wp\/v2\/tags?post=3557"}],"curies":[{"name":"wp","href":"https:\/\/api.w.org\/{rel}","templated":true}]}}