{"id":3568,"date":"2011-12-15T00:10:40","date_gmt":"2011-12-14T23:10:40","guid":{"rendered":"http:\/\/www.susannavaris.com\/blogg\/?p=3568"},"modified":"2011-12-15T00:17:18","modified_gmt":"2011-12-14T23:17:18","slug":"konsten-att-salja-losnummer","status":"publish","type":"post","link":"http:\/\/www.susannavaris.com\/blogg\/2011\/12\/konsten-att-salja-losnummer\/","title":{"rendered":"Den som skriker h\u00f6gst har r\u00e4tt?"},"content":{"rendered":"<p>Ett praktexempel p\u00e5 hur media behandlar information i syfte att skapa sensation och i f\u00f6rl\u00e4ngningen s\u00e4lja flera l\u00f6snummer \u00e4r den senaste stormen kring S\u00f6dersjukhusets unders\u00f6kning om attityder hos v\u00e5rdpersonal. Med b\u00f6rjan hos Sveriges radios EKO-redaktion sm\u00e4ller man upp nyheten om att en &#8221;tredjedel av v\u00e5rdpersonalen p\u00e5 S\u00f6dersjukhuset tycker att misshandlade kvinnor f\u00e5r skylla sig sj\u00e4lva&#8221;. Redan n\u00e4r &#8221;nyheten&#8221; var rykande f\u00e4rsk anade jag en gravad hund n\u00e5gonstans (f\u00f6r att citera den gode Refaat El Sayed), den l\u00e4t f\u00f6r orimlig.<\/p>\n<p>Detta hindrade inte andra medier att rakt av reproducera nyheten och ett antal kr\u00f6nik\u00f6rer och tyckare att falla in i klagok\u00f6ren om att &#8221;detta ju \u00e4r typiskt f\u00f6r det patriarkala samh\u00e4llet etc etc&#8221;.<\/p>\n<p><a href=\"http:\/\/www.susannavaris.com\/blogg\/wp-content\/uploads\/2011\/12\/ab111212.jpg\"><img loading=\"lazy\" decoding=\"async\" class=\"aligncenter size-full wp-image-3571\" title=\"ab111212\" src=\"http:\/\/www.susannavaris.com\/blogg\/wp-content\/uploads\/2011\/12\/ab111212.jpg\" alt=\"\" width=\"845\" height=\"663\" srcset=\"http:\/\/www.susannavaris.com\/blogg\/wp-content\/uploads\/2011\/12\/ab111212.jpg 845w, http:\/\/www.susannavaris.com\/blogg\/wp-content\/uploads\/2011\/12\/ab111212-300x235.jpg 300w\" sizes=\"auto, (max-width: 845px) 100vw, 845px\" \/><\/a><\/p>\n<p style=\"text-align: center;\"><em>Aftonbladet 12.12.2011<\/em><\/p>\n<p style=\"text-align: center;\"><a href=\"http:\/\/www.susannavaris.com\/blogg\/wp-content\/uploads\/2011\/12\/ab111212-01.jpg\"><img loading=\"lazy\" decoding=\"async\" class=\"aligncenter size-full wp-image-3572\" title=\"ab111212-01\" src=\"http:\/\/www.susannavaris.com\/blogg\/wp-content\/uploads\/2011\/12\/ab111212-01.jpg\" alt=\"\" width=\"845\" height=\"664\" srcset=\"http:\/\/www.susannavaris.com\/blogg\/wp-content\/uploads\/2011\/12\/ab111212-01.jpg 845w, http:\/\/www.susannavaris.com\/blogg\/wp-content\/uploads\/2011\/12\/ab111212-01-300x235.jpg 300w\" sizes=\"auto, (max-width: 845px) 100vw, 845px\" \/><\/a><\/p>\n<p style=\"text-align: center;\"><em>Aftonbladet 12.12.2011<\/em><\/p>\n<p style=\"text-align: center;\"><a href=\"http:\/\/www.susannavaris.com\/blogg\/wp-content\/uploads\/2011\/12\/abdn111212.jpg\"><img loading=\"lazy\" decoding=\"async\" class=\"aligncenter size-full wp-image-3573\" title=\"abdn111212\" src=\"http:\/\/www.susannavaris.com\/blogg\/wp-content\/uploads\/2011\/12\/abdn111212.jpg\" alt=\"\" width=\"845\" height=\"634\" srcset=\"http:\/\/www.susannavaris.com\/blogg\/wp-content\/uploads\/2011\/12\/abdn111212.jpg 845w, http:\/\/www.susannavaris.com\/blogg\/wp-content\/uploads\/2011\/12\/abdn111212-300x225.jpg 300w\" sizes=\"auto, (max-width: 845px) 100vw, 845px\" \/><\/a><\/p>\n<p style=\"text-align: center;\"><em>DN 12.12.2011<\/em><\/p>\n<p style=\"text-align: center;\"><a href=\"http:\/\/www.susannavaris.com\/blogg\/wp-content\/uploads\/2011\/12\/abexp111212.jpg\"><img loading=\"lazy\" decoding=\"async\" class=\"aligncenter size-full wp-image-3574\" title=\"abexp111212\" src=\"http:\/\/www.susannavaris.com\/blogg\/wp-content\/uploads\/2011\/12\/abexp111212.jpg\" alt=\"\" width=\"845\" height=\"634\" srcset=\"http:\/\/www.susannavaris.com\/blogg\/wp-content\/uploads\/2011\/12\/abexp111212.jpg 845w, http:\/\/www.susannavaris.com\/blogg\/wp-content\/uploads\/2011\/12\/abexp111212-300x225.jpg 300w\" sizes=\"auto, (max-width: 845px) 100vw, 845px\" \/><\/a><\/p>\n<p style=\"text-align: center;\"><em>Expressen 12.12.2011<\/em><\/p>\n<p style=\"text-align: center;\"><a href=\"http:\/\/www.susannavaris.com\/blogg\/wp-content\/uploads\/2011\/12\/absvd111212.jpg\"><img loading=\"lazy\" decoding=\"async\" class=\"aligncenter size-full wp-image-3575\" title=\"absvd111212\" src=\"http:\/\/www.susannavaris.com\/blogg\/wp-content\/uploads\/2011\/12\/absvd111212.jpg\" alt=\"\" width=\"845\" height=\"634\" srcset=\"http:\/\/www.susannavaris.com\/blogg\/wp-content\/uploads\/2011\/12\/absvd111212.jpg 845w, http:\/\/www.susannavaris.com\/blogg\/wp-content\/uploads\/2011\/12\/absvd111212-300x225.jpg 300w\" sizes=\"auto, (max-width: 845px) 100vw, 845px\" \/><\/a><\/p>\n<p style=\"text-align: center;\"><em>Svenska Dagbladet 12.12.2011<\/em><\/p>\n<p style=\"text-align: center;\"><a href=\"http:\/\/www.susannavaris.com\/blogg\/wp-content\/uploads\/2011\/12\/ab111213.jpg\"><img loading=\"lazy\" decoding=\"async\" class=\"aligncenter size-full wp-image-3576\" title=\"ab111213\" src=\"http:\/\/www.susannavaris.com\/blogg\/wp-content\/uploads\/2011\/12\/ab111213.jpg\" alt=\"\" width=\"845\" height=\"634\" srcset=\"http:\/\/www.susannavaris.com\/blogg\/wp-content\/uploads\/2011\/12\/ab111213.jpg 845w, http:\/\/www.susannavaris.com\/blogg\/wp-content\/uploads\/2011\/12\/ab111213-300x225.jpg 300w\" sizes=\"auto, (max-width: 845px) 100vw, 845px\" \/><\/a><\/p>\n<p style=\"text-align: center;\"><em>Aftonbladet 13.12.2011. Kr\u00f6nik\u00f6rer hakar p\u00e5 med uttalanden som &#8221;hur mycket ska m\u00e4ns r\u00e4tt att sl\u00e5 f\u00e5 kosta?&#8221;&#8230;<\/em><\/p>\n<p style=\"text-align: center;\"><a href=\"http:\/\/www.susannavaris.com\/blogg\/wp-content\/uploads\/2011\/12\/abvlt111213.jpg\"><img loading=\"lazy\" decoding=\"async\" class=\"aligncenter size-full wp-image-3577\" title=\"abvlt111213\" src=\"http:\/\/www.susannavaris.com\/blogg\/wp-content\/uploads\/2011\/12\/abvlt111213.jpg\" alt=\"\" width=\"845\" height=\"634\" srcset=\"http:\/\/www.susannavaris.com\/blogg\/wp-content\/uploads\/2011\/12\/abvlt111213.jpg 845w, http:\/\/www.susannavaris.com\/blogg\/wp-content\/uploads\/2011\/12\/abvlt111213-300x225.jpg 300w\" sizes=\"auto, (max-width: 845px) 100vw, 845px\" \/><\/a><\/p>\n<p style=\"text-align: center;\"><em>V\u00e4stmanlands L\u00e4ns Tidning 13.12.2011<\/em><\/p>\n<p style=\"text-align: center;\"><a href=\"http:\/\/www.susannavaris.com\/blogg\/wp-content\/uploads\/2011\/12\/abnyamoderaterna111212.jpg\"><img loading=\"lazy\" decoding=\"async\" class=\"aligncenter size-full wp-image-3578\" title=\"abnyamoderaterna111212\" src=\"http:\/\/www.susannavaris.com\/blogg\/wp-content\/uploads\/2011\/12\/abnyamoderaterna111212.jpg\" alt=\"\" width=\"845\" height=\"634\" srcset=\"http:\/\/www.susannavaris.com\/blogg\/wp-content\/uploads\/2011\/12\/abnyamoderaterna111212.jpg 845w, http:\/\/www.susannavaris.com\/blogg\/wp-content\/uploads\/2011\/12\/abnyamoderaterna111212-300x225.jpg 300w\" sizes=\"auto, (max-width: 845px) 100vw, 845px\" \/><\/a><\/p>\n<p style=\"text-align: center;\"><em>Nya Moderaternas hemsida 13.12.2012. Politikerna hakar p\u00e5 med krav grundade p\u00e5 informationen i media&#8230;<\/em><\/p>\n<p style=\"text-align: center;\"><a href=\"http:\/\/www.susannavaris.com\/blogg\/wp-content\/uploads\/2011\/12\/abvp111213.jpg\"><img loading=\"lazy\" decoding=\"async\" class=\"aligncenter size-full wp-image-3579\" title=\"abvp111213\" src=\"http:\/\/www.susannavaris.com\/blogg\/wp-content\/uploads\/2011\/12\/abvp111213.jpg\" alt=\"\" width=\"845\" height=\"634\" srcset=\"http:\/\/www.susannavaris.com\/blogg\/wp-content\/uploads\/2011\/12\/abvp111213.jpg 845w, http:\/\/www.susannavaris.com\/blogg\/wp-content\/uploads\/2011\/12\/abvp111213-300x225.jpg 300w\" sizes=\"auto, (max-width: 845px) 100vw, 845px\" \/><\/a><\/p>\n<p style=\"text-align: center;\"><em>V\u00e4nsterpartiets hemsida 13.12.2011. Detta \u00e4r tv\u00e5 exempel, jag har inte hunnit se efter p\u00e5 de andra partiernas hemsidor.<\/em><\/p>\n<p>Sedan tar Svd tag i saken och unders\u00f6ker riktigheten i p\u00e5st\u00e5endet och kommer fram till bl a:<\/p>\n<p><em><strong>&#8221;I enk\u00e4ten fanns\u00a0<\/strong>dock inget p\u00e5st\u00e5ende om det \u00e4r kvinnans fel att hon blir misshandlad, s\u00e4ger Maaret Castr\u00e9n, en av forskarna bakom unders\u00f6kningen.<\/em><\/p>\n<p><em>\u00a0\u2013 P\u00e5st\u00e5endet var formulerat som att \u201dkvinnans passiva personlighet uts\u00e4tter henne f\u00f6r v\u00e5ld\u201d. 28 procent av personalen tycker att det kan vara en del av orsaken, s\u00e4ger hon.&#8221;\u00a0<\/em><\/p>\n<p>Detta p\u00e5st\u00e5ende kan ju tolkas p\u00e5 m\u00e5nga olika s\u00e4tt, men att &#8221;kvinnan har sig sj\u00e4lv att skylla&#8221; st\u00e4mmer inte \u00f6verens med formuleringen. Men artikeln rubriceras \u00e4nd\u00e5 p\u00e5 f\u00f6ljande vis:<\/p>\n<p><a href=\"http:\/\/www.susannavaris.com\/blogg\/wp-content\/uploads\/2011\/12\/absvd13122011.jpg\"><img loading=\"lazy\" decoding=\"async\" class=\"aligncenter size-full wp-image-3581\" title=\"absvd13122011\" src=\"http:\/\/www.susannavaris.com\/blogg\/wp-content\/uploads\/2011\/12\/absvd13122011.jpg\" alt=\"\" width=\"671\" height=\"395\" srcset=\"http:\/\/www.susannavaris.com\/blogg\/wp-content\/uploads\/2011\/12\/absvd13122011.jpg 671w, http:\/\/www.susannavaris.com\/blogg\/wp-content\/uploads\/2011\/12\/absvd13122011-300x176.jpg 300w\" sizes=\"auto, (max-width: 671px) 100vw, 671px\" \/><\/a><\/p>\n<p style=\"text-align: center;\"><em>Svenska Dagbladet 13.12.2011<\/em><\/p>\n<p>Sensationen \u00e4r sedan skapad, &#8221;nyheten&#8221; har upprepats tillr\u00e4ckligt m\u00e5nga g\u00e5nger f\u00f6r att bli sanning, de som k\u00e4nner sig manade har f\u00e5tt vatten p\u00e5 sin kvarn och k\u00e4nslan av att kvinnor diskrimineras eller behandlas illa i samh\u00e4llet \u00e4r \u00e4n en g\u00e5ng bekr\u00e4ftad. Sanningen har inget utrymme i det av media skapade l\u00e4mmelt\u00e5get.<\/p>\n<p><a href=\"http:\/\/www.aftonbladet.se\/nyheter\/article14064700.ab\">http:\/\/www.aftonbladet.se\/nyheter\/article14064700.ab<\/a><\/p>\n<p><a href=\"http:\/\/www.aftonbladet.se\/nyheter\/article14065574.ab\">http:\/\/www.aftonbladet.se\/nyheter\/article14065574.ab<\/a><\/p>\n<p><a href=\"http:\/\/www.aftonbladet.se\/nyheter\/kolumnister\/monicagunne\/article14069690.ab\">http:\/\/www.aftonbladet.se\/nyheter\/kolumnister\/monicagunne\/article14069690.ab<\/a><\/p>\n<p><a href=\"http:\/\/www.svd.se\/nyheter\/inrikes\/ny-undersokning-kvinnor-har-egen-skuld-till-misshandel_6703141.svd\">http:\/\/www.svd.se\/nyheter\/inrikes\/ny-undersokning-kvinnor-har-egen-skuld-till-misshandel_6703141.svd<\/a><\/p>\n<p><a href=\"http:\/\/www.svd.se\/nyheter\/inrikes\/personal-pa-sos-skyller-valdtakt-pa-offren-svdse_6704111.svd\">http:\/\/www.svd.se\/nyheter\/inrikes\/personal-pa-sos-skyller-valdtakt-pa-offren-svdse_6704111.svd<\/a><\/p>\n<p><a href=\"http:\/\/www.expressen.se\/1.2649199\">http:\/\/www.expressen.se\/1.2649199<\/a><\/p>\n<p><a href=\"http:\/\/vlt.se\/asikter\/ledare\/1.1470426-i-varldens-mest-jamstallda-land-borde-vi-ha-kommit-langre-i-vara-attityder-till-att-man-slar-sina-flickvanner-sambor-eller-fruar-\">http:\/\/vlt.se\/asikter\/ledare\/1.1470426-i-varldens-mest-jamstallda-land-borde-vi-ha-kommit-langre-i-vara-attityder-till-att-man-slar-sina-flickvanner-sambor-eller-fruar-<\/a><\/p>\n<p><a href=\"http:\/\/www.dn.se\/nyheter\/sverige\/manga-anser-att-misshandeln-ar-kvinnans-fel\">http:\/\/www.dn.se\/nyheter\/sverige\/manga-anser-att-misshandeln-ar-kvinnans-fel<\/a><\/p>\n<p>&nbsp;<\/p>\n","protected":false},"excerpt":{"rendered":"<p>Ett praktexempel p\u00e5 hur media behandlar information i syfte att skapa sensation och i f\u00f6rl\u00e4ngningen s\u00e4lja flera l\u00f6snummer \u00e4r den senaste stormen kring S\u00f6dersjukhusets unders\u00f6kning om attityder hos v\u00e5rdpersonal. Med b\u00f6rjan hos Sveriges radios EKO-redaktion sm\u00e4ller man upp nyheten om &hellip; <a href=\"http:\/\/www.susannavaris.com\/blogg\/2011\/12\/konsten-att-salja-losnummer\/\">Forts\u00e4tt l\u00e4sa <span class=\"meta-nav\">&rarr;<\/span><\/a><\/p>\n","protected":false},"author":1,"featured_media":0,"comment_status":"open","ping_status":"open","sticky":false,"template":"","format":"standard","meta":{"footnotes":""},"categories":[181,259,589,1,590,384,117],"tags":[149,1045,457,175,1048,356,1044,928,1046,929,1047],"class_list":["post-3568","post","type-post","status-publish","format-standard","hentry","category-feminism","category-genusvetenskap","category-medier","category-okategoriserade","category-politik","category-tv","category-vetenskap","tag-aftonbladet","tag-attitydundersokning","tag-dagens-nyheter","tag-dn","tag-ekot","tag-expressen","tag-sodersjukhuset","tag-sr","tag-svenska-dagbladet","tag-sveriges-radio","tag-vastmanlands-lans-tidning"],"_links":{"self":[{"href":"http:\/\/www.susannavaris.com\/blogg\/wp-json\/wp\/v2\/posts\/3568","targetHints":{"allow":["GET"]}}],"collection":[{"href":"http:\/\/www.susannavaris.com\/blogg\/wp-json\/wp\/v2\/posts"}],"about":[{"href":"http:\/\/www.susannavaris.com\/blogg\/wp-json\/wp\/v2\/types\/post"}],"author":[{"embeddable":true,"href":"http:\/\/www.susannavaris.com\/blogg\/wp-json\/wp\/v2\/users\/1"}],"replies":[{"embeddable":true,"href":"http:\/\/www.susannavaris.com\/blogg\/wp-json\/wp\/v2\/comments?post=3568"}],"version-history":[{"count":7,"href":"http:\/\/www.susannavaris.com\/blogg\/wp-json\/wp\/v2\/posts\/3568\/revisions"}],"predecessor-version":[{"id":3585,"href":"http:\/\/www.susannavaris.com\/blogg\/wp-json\/wp\/v2\/posts\/3568\/revisions\/3585"}],"wp:attachment":[{"href":"http:\/\/www.susannavaris.com\/blogg\/wp-json\/wp\/v2\/media?parent=3568"}],"wp:term":[{"taxonomy":"category","embeddable":true,"href":"http:\/\/www.susannavaris.com\/blogg\/wp-json\/wp\/v2\/categories?post=3568"},{"taxonomy":"post_tag","embeddable":true,"href":"http:\/\/www.susannavaris.com\/blogg\/wp-json\/wp\/v2\/tags?post=3568"}],"curies":[{"name":"wp","href":"https:\/\/api.w.org\/{rel}","templated":true}]}}